{"id":3579,"date":"2019-04-20T10:54:24","date_gmt":"2019-04-20T08:54:24","guid":{"rendered":"http:\/\/www.franciszek-walcz.pl\/?p=3579"},"modified":"2019-04-20T10:54:24","modified_gmt":"2019-04-20T08:54:24","slug":"xiii-niedziela-modlitwy-za-kierowcow","status":"publish","type":"post","link":"http:\/\/www.franciszek-walcz.pl\/?p=3579","title":{"rendered":"XIII NIEDZIELA MODLITWY ZA KIEROWC\u00d3W"},"content":{"rendered":"<p><em>\u00a0<\/em><strong><em>\u201eKto zna Chrystusa, ten zachowuje ostro\u017cno\u015b\u0107 na drodze\u2026\u201d <\/em><\/strong><\/p>\n<p><em>&#8211;<\/em><em> Papieska Rada Duszpasterstwa Podr\u00f3\u017cuj\u0105cych i Migrant\u00f3w<\/em><\/p>\n<p><em>\u00a0<\/em><strong>28 kwietnia 2019 r. przypada XIII Og\u00f3lnopolska Niedziela Modlitw za Kierowc\u00f3w <\/strong><\/p>\n<p><strong>pod has\u0142em:<\/strong><\/p>\n<p><strong><em>\u201eW mocy Ducha z Mi\u0142o\u015bci\u0105 na ka\u017cdej drodze\u201d<\/em><\/strong><\/p>\n<p>&nbsp;<\/p>\n<p>Ostatnia niedziela kwietnia to zatwierdzony w kalendarzu duszpasterskim Konferencji Episkopatu Polski dzie\u0144 szczeg\u00f3lnej modlitwy za kierowc\u00f3w i wszystkich poruszaj\u0105cych si\u0119 po drogach: \u201e<em>Wszyscy kierowcy, motocykli\u015bci, rowerzy\u015bci i cz\u0142onkowie ich rodzin s\u0105 zaproszeni do szczeg\u00f3lnej modlitwy o Bo\u017ce wsparcie i pomoc \u015bw. Krzysztofa, aby zawsze porusza\u0107 si\u0119 po drogach bezpiecznie, spokojnie, z mi\u0142o\u015bci\u0105 w sercu i \u017cyczliwo\u015bci\u0105 do innych ludzi\u201d. <\/em><em>(z apelu Krajowego Duszpasterstwa Kierowc\u00f3w).<\/em><\/p>\n<p><strong>&#8211; W Niedziel\u0119 28.04.2019 r. o godz. 9.3o w ko\u015bciele pw. \u015bw. Karola Boromeusza<br \/>\nw Warszawie na Starych Pow\u0105zkach &#8211; Krajowy Duszpasterz Kierowc\u00f3w &#8211;<br \/>\nks. podinsp. dr Marian Midura odprawi Msz\u0119 \u015bwi\u0119t\u0105 za polskich kierowc\u00f3w i wszystkich uczestnik\u00f3w ruchu drogowego. <\/strong>Udzia\u0142 wezm\u0105 Policjanci z Wydzia\u0142u Ruchu Drogowego, Stra\u017cacy i funkcjonariusze S\u0142u\u017cby Celno-Skarbowej oraz zaproszeni przedstawiciele kierowc\u00f3w.<\/p>\n<p>&#8211; Krajowe Duszpasterstwo Kierowc\u00f3w zach\u0119ca do wi\u0119kszej troski, je\u015bli chodzi o spos\u00f3b poruszania si\u0119 po drogach, odnoszenie si\u0119 do innych u\u017cytkownik\u00f3w dr\u00f3g, przestrzeganie przepis\u00f3w drogowych, bycie prawdziwym chrze\u015bcijaninem jako kierowca, pieszy czy rowerzysta:<em> \u201eMusi by\u0107 to osobiste postanowienie ka\u017cdego z nas. Nie mo\u017cemy tylko, jak to cz\u0119sto bywa, wskazywa\u0107 na innych, \u017ce \u0142ami\u0105 przepisy ruchu, \u017ce brawurowo poruszaj\u0105 si\u0119 pojazdami, ale potrzeba nam osobistej refleksji i nawr\u00f3cenia, aby z naszej strony nie by\u0142o zagro\u017cenia dla bezpiecze\u0144stwa, \u017cycia naszego i innych ludzi\u201d.<\/em><\/p>\n<p>W drodze rzadko bywa si\u0119 samemu &#8211; przewa\u017cnie dzieli si\u0119 j\u0105 z innymi lud\u017ami. Sztuk\u0105 jest widzie\u0107 we wsp\u00f3\u0142u\u017cytkowniku drogi swego bli\u017aniego &#8211; siostr\u0119 i brata. G\u0142oszone przez Duszpasterstwo Kierowc\u00f3w motto: <strong><em>\u201eKierujmy si\u0119 mi\u0142o\u015bci\u0105 na drodze\u201d<\/em><\/strong> &#8211; trzeba realizowa\u0107 na ka\u017cdym odcinku wsp\u00f3lnej trasy i przyobleka\u0107 w praktyk\u0119 konkretnych postaw, zachowa\u0144 oraz wzajemnej modlitwy. Braterstwo kierownicy ka\u017ce okazywa\u0107 wszystkim \u017cyczliwo\u015b\u0107 i dobro\u0107; by\u0107 cierpliwym, przewiduj\u0105cym i uczynnym. Niech starsi, bardziej do\u015bwiadczeni kierowcy staj\u0105 si\u0119 przyk\u0142adem dla m\u0142odszych i mniej zaprawionych adept\u00f3w kierownicy. Pismo \u015bwi\u0119te poucza bowiem: <em>\u201eM\u0105\u017c, kt\u00f3ry podr\u00f3\u017cowa\u0142, zna wiele rzeczy i m\u0105drze przemawia\u0107 b\u0119dzie, kto ma wielkie do\u015bwiadczenie\u201d- <\/em>Syr 34,9. Miar\u0105 wszelkich odleg\u0142o\u015bci jest dystans dziel\u0105cy cz\u0142owieka od jego domu, bo drogi istniej\u0105 g\u0142\u00f3wnie po to, aby cz\u0142owiek wraca\u0142 nimi do domu. Niech wi\u0119c ta chrze\u015bcija\u0144ska wsp\u00f3lnota drogi pomaga wszystkim, zawsze w rado\u015bci osi\u0105ga\u0107 cel podr\u00f3\u017cy i w zdrowiu wraca\u0107 do domu. <em>(wg. Ksi\u0105\u017ceczki Kierowcy &#8211; wydanej przez Duszpasterstwo Kierowc\u00f3w).<\/em><\/p>\n<p><strong>&#8211; Zapraszamy do modlitwy za kierowc\u00f3w, aby dzi\u0119ki \u201emocy Bo\u017cego Ducha z Mi\u0142o\u015bci\u0105 w sercu porusza\u0107 si\u0119 po ka\u017cdej drodze\u201d. Wsp\u00f3lnie z Policj\u0105 i wszystkimi s\u0142u\u017cbami na drogach: Prosimy wszystkich o spokojn\u0105 i bezpieczn\u0105 jazd\u0119, z mi\u0142o\u015bci\u0105 i szacunkiem dla innych, aby w ten spos\u00f3b unikn\u0105\u0107 wielu tragicznych wypadk\u00f3w! <\/strong><\/p>\n<p>&#8211; Od roku 1975 na polskich drogach wydarzy\u0142o si\u0119: prawie 2 mln wypadk\u00f3w, w kt\u00f3rych zgin\u0119\u0142o ok. 235 tysi\u0119cy os\u00f3b, a 2,4 mln zosta\u0142o rannych. <strong>Unia Europejska ma jedne z najbezpieczniejszych dr\u00f3g na \u015bwiecie. Niemniej jednak ponad 25 000 os\u00f3b rocznie traci \u017cycie na drogach Unii Europejskiej, a wiele innych jest powa\u017cnie rannych. Jest to ogromna strata dla jednostek, rodzin i ca\u0142ego spo\u0142ecze\u0144stwa.<\/strong> W Polsce d<em>ost\u0119pne dane za 2018 rok s\u0105 niepokoj\u0105ce &#8211; <\/em>statystyka jest tragiczna: w okresie stycze\u0144 &#8211; grudzie\u0144 2018 na polskich drogach zgin\u0119\u0142o a\u017c 2843 os\u00f3b, czyli o 12 wi\u0119cej ni\u017c w roku poprzednim.<\/p>\n<p>&nbsp;<\/p>\n<p><strong>Wezwania do modlitwy wiernych:<\/strong><\/p>\n<p>&#8211; Za Ojca \u015awi\u0119tego Franciszka, aby jego wezwanie o rozwa\u017cne i odpowiedzialne prowadzenie pojazd\u00f3w dotar\u0142o do wszystkich kierowc\u00f3w\u2026<\/p>\n<p>&#8211; Za tych, co prze\u017cyli ci\u0119\u017ckie wypadki, aby z ufno\u015bci\u0105 wchodzili w nowe \u017cycie\u2026<\/p>\n<p>&#8211; Za wszystkich zabitych na naszych drogach, aby radowali si\u0119 chwa\u0142\u0105 nieba\u2026<\/p>\n<p>&#8211; Za wszystkich kierowc\u00f3w &#8211; szczeg\u00f3lnie z naszej parafii, aby rozs\u0105dnie, bezpiecznie i trze\u017awo korzystali ze swoich pojazd\u00f3w i szanowali prawa innych ludzi \u2026<\/p>\n<p>&nbsp;<\/p>\n<p><strong>Dekalog Kierowcy &#8211; MIVA Polska:<\/strong><\/p>\n<p>Jeste\u015b kierowc\u0105 na drodze i nie jeste\u015b na niej sam. Ponad wszystkim jest Pan B\u00f3g Tw\u00f3j, wi\u0119c zawsze o tym pami\u0119taj:<\/p>\n<ol>\n<li>Nie b\u0119dziesz egoist\u0105 na drodze.<\/li>\n<li>Nie b\u0119dziesz ostry w s\u0142owach, czynach i gestach wobec innych ludzi.<\/li>\n<li>Pami\u0119taj o modlitwie i uczczeniu \u015bw. Krzysztofa, kiedy wyruszasz w drog\u0119 &#8211; umiej te\u017c podzi\u0119kowa\u0107.<\/li>\n<li>Szanuj pieszych.<\/li>\n<li>Nie zabijaj &#8211; b\u0105d\u017a trze\u017awy.<\/li>\n<li>Zapnij pasy &#8211; b\u0119dziesz bezpieczny.<\/li>\n<li>Nie b\u0105d\u017a brawurowy w pr\u0119dko\u015bci.<\/li>\n<li>Nie nara\u017caj siebie i innych na niebezpiecze\u0144stwo.<\/li>\n<li>Pomagaj potrzebuj\u0105cym na drodze.<\/li>\n<li>Przestrzegaj przepisy drogowe, szanuj prac\u0119 naszej Policji.<\/li>\n<\/ol>\n<p>&nbsp;<\/p>\n<p>Ks. podinsp. dr Marian Midura<\/p>\n<p>Krajowy Duszpasterz Kierowc\u00f3w<\/p>\n<p>Dziekan KAS<\/p>\n","protected":false},"excerpt":{"rendered":"<p>\u00a0\u201eKto zna Chrystusa, ten zachowuje ostro\u017cno\u015b\u0107 na drodze\u2026\u201d &#8211; Papieska Rada Duszpasterstwa Podr\u00f3\u017cuj\u0105cych i Migrant\u00f3w \u00a028 kwietnia 2019 r. przypada XIII Og\u00f3lnopolska Niedziela Modlitw za Kierowc\u00f3w pod has\u0142em: \u201eW mocy Ducha z Mi\u0142o\u015bci\u0105 na ka\u017cdej drodze\u201d &nbsp; Ostatnia niedziela kwietnia to zatwierdzony w kalendarzu duszpasterskim Konferencji Episkopatu Polski dzie\u0144 szczeg\u00f3lnej modlitwy za kierowc\u00f3w i wszystkich poruszaj\u0105cych si\u0119 po drogach: \u201eWszyscy kierowcy, motocykli\u015bci, rowerzy\u015bci i cz\u0142onkowie ich rodzin s\u0105 zaproszeni do szczeg\u00f3lnej modlitwy o Bo\u017ce wsparcie i pomoc \u015bw. Krzysztofa, aby zawsze porusza\u0107 si\u0119 po drogach bezpiecznie, spokojnie, z mi\u0142o\u015bci\u0105 w sercu i \u017cyczliwo\u015bci\u0105 do innych ludzi\u201d. (z apelu Krajowego Duszpasterstwa Kierowc\u00f3w). &#8211; W Niedziel\u0119 28.04.2019 r. o godz. 9.3o w ko\u015bciele pw. \u015bw. Karola Boromeusza w Warszawie na Starych Pow\u0105zkach &#8211; Krajowy Duszpasterz Kierowc\u00f3w &#8211; ks. podinsp. dr Marian Midura odprawi Msz\u0119 \u015bwi\u0119t\u0105 za polskich kierowc\u00f3w i wszystkich uczestnik\u00f3w ruchu drogowego. Udzia\u0142 wezm\u0105 Policjanci z Wydzia\u0142u Ruchu Drogowego, Stra\u017cacy i&hellip;<\/p>\n<p> <a class=\"more-link\" href=\"http:\/\/www.franciszek-walcz.pl\/?p=3579\">Czytaj dalej<\/a><\/p>\n","protected":false},"author":1,"featured_media":0,"comment_status":"closed","ping_status":"open","sticky":false,"template":"","format":"standard","meta":{"footnotes":""},"categories":[1],"tags":[],"class_list":{"0":"post-3579","1":"post","2":"type-post","3":"status-publish","4":"format-standard","6":"category-uncategorized"},"brizy_media":[],"_links":{"self":[{"href":"http:\/\/www.franciszek-walcz.pl\/index.php?rest_route=\/wp\/v2\/posts\/3579","targetHints":{"allow":["GET"]}}],"collection":[{"href":"http:\/\/www.franciszek-walcz.pl\/index.php?rest_route=\/wp\/v2\/posts"}],"about":[{"href":"http:\/\/www.franciszek-walcz.pl\/index.php?rest_route=\/wp\/v2\/types\/post"}],"author":[{"embeddable":true,"href":"http:\/\/www.franciszek-walcz.pl\/index.php?rest_route=\/wp\/v2\/users\/1"}],"replies":[{"embeddable":true,"href":"http:\/\/www.franciszek-walcz.pl\/index.php?rest_route=%2Fwp%2Fv2%2Fcomments&post=3579"}],"version-history":[{"count":1,"href":"http:\/\/www.franciszek-walcz.pl\/index.php?rest_route=\/wp\/v2\/posts\/3579\/revisions"}],"predecessor-version":[{"id":3580,"href":"http:\/\/www.franciszek-walcz.pl\/index.php?rest_route=\/wp\/v2\/posts\/3579\/revisions\/3580"}],"wp:attachment":[{"href":"http:\/\/www.franciszek-walcz.pl\/index.php?rest_route=%2Fwp%2Fv2%2Fmedia&parent=3579"}],"wp:term":[{"taxonomy":"category","embeddable":true,"href":"http:\/\/www.franciszek-walcz.pl\/index.php?rest_route=%2Fwp%2Fv2%2Fcategories&post=3579"},{"taxonomy":"post_tag","embeddable":true,"href":"http:\/\/www.franciszek-walcz.pl\/index.php?rest_route=%2Fwp%2Fv2%2Ftags&post=3579"}],"curies":[{"name":"wp","href":"https:\/\/api.w.org\/{rel}","templated":true}]}}