{"id":3594,"date":"2019-04-27T15:38:11","date_gmt":"2019-04-27T13:38:11","guid":{"rendered":"http:\/\/www.franciszek-walcz.pl\/?p=3594"},"modified":"2019-04-27T15:38:11","modified_gmt":"2019-04-27T13:38:11","slug":"list-pasterski-episkopatu-polski-na-niedziele-milosierdzia-2019-r","status":"publish","type":"post","link":"http:\/\/www.franciszek-walcz.pl\/?p=3594","title":{"rendered":"\u00a0List Pasterski Episkopatu Polski na Niedziel\u0119 Mi\u0142osierdzia 2019 r."},"content":{"rendered":"<p><strong>\u00a0<\/strong><\/p>\n<p><strong>WOLONTARIAT W S\u0141U\u017bBIE MI\u0141OSIERDZIA<\/strong><\/p>\n<p><strong>\u00a0<\/strong><strong>List Pasterski Episkopatu Polski na Niedziel\u0119 Mi\u0142osierdzia 2019 r.<\/strong><\/p>\n<p><strong>Umi\u0142owani w Panu Siostry i Bracia!<\/strong><\/p>\n<p><strong>\u00a0<\/strong><\/p>\n<p>Teksty biblijne, kt\u00f3re dzi\u015b, w \u015awi\u0119to Mi\u0142osierdzia Bo\u017cego rozwa\u017camy, prowadz\u0105 nas do spotkania z Chrystusem Zmartwychwsta\u0142ym, a tak\u017ce przybli\u017caj\u0105 nam pocz\u0105tki misji Ko\u015bcio\u0142a, w kt\u00f3rym wiod\u0105c\u0105 rol\u0119 pe\u0142ni\u0105 Aposto\u0142owie. Misja Ko\u015bcio\u0142a jest kontynuacj\u0105 misji samego Jezusa. Wskazuj\u0105 na to s\u0142owa, kt\u00f3re us\u0142yszeli\u015bmy w Ewangelii: \u201eJak Ojciec Mnie pos\u0142a\u0142, tak Ja was posy\u0142am\u201d (J 20,21). Aposto\u0142owie, w mocy otrzymanego Ducha \u015awi\u0119tego, g\u0142osz\u0105 S\u0142owo Bo\u017ce, odpuszczaj\u0105 grzechy, wyrzucaj\u0105 z\u0142e duchy, nios\u0105 pomoc chorym.<\/p>\n<p>Przedstawione w dzisiejszych czytaniach dzia\u0142ania Ko\u015bcio\u0142a mo\u017cna \u2013 kieruj\u0105c si\u0119 s\u0142owami Papie\u017ca Benedykta XVI \u2013 sprowadzi\u0107 do trzech zada\u0144. S\u0105 nimi: g\u0142oszenie S\u0142owa Bo\u017cego, sprawowanie sakrament\u00f3w i pos\u0142uga mi\u0142o\u015bci. Zadania te, jak pisa\u0142 Papie\u017c, \u201es\u0105 \u015bci\u015ble ze sob\u0105 zwi\u0105zane i nie mog\u0105 by\u0107 od siebie oddzielone\u201d. Ponadto doda\u0142: \u201eCaritas nie jest dla Ko\u015bcio\u0142a rodzajem opieki spo\u0142ecznej, kt\u00f3r\u0105 mo\u017cna by powierzy\u0107 komu innemu, ale nale\u017cy do jego natury, jest niezbywalnym wyrazem jego istoty\u201d (Deus caritas est, 25). Ko\u015bci\u00f3\u0142, maj\u0105c to na uwadze, od pocz\u0105tku prowadzi dzia\u0142alno\u015b\u0107 charytatywn\u0105, kt\u00f3rej celem jest niesienie pomocy potrzebuj\u0105cym.<\/p>\n<p>Szczeg\u00f3ln\u0105 rol\u0119 w s\u0142u\u017cbie mi\u0142osierdzia pe\u0142ni wolontariat. Jest on dobrowoln\u0105, \u015bwiadom\u0105 oraz bezp\u0142atn\u0105 dzia\u0142alno\u015bci\u0105 na rzecz innych. Natomiast w znaczeniu chrze\u015bcija\u0144skim wolontariat to dobrowolne \u015bwiadczenie mi\u0142osierdzia bli\u017anim ze wzgl\u0119du na wiar\u0119 w Jezusa, kt\u00f3ry uto\u017csamia si\u0119 z ka\u017cdym, kto potrzebuje pomocy: \u201eWszystko, cokolwiek uczynili\u015bcie jednemu z tych braci moich najmniejszych, Mnie\u015bcie uczynili\u201d (Mt 25,40). Je\u015bli kto\u015b pomaga potrzebuj\u0105cemu, to s\u0142u\u017cy samemu Jezusowi. A Jezus zapewnia: \u201eJe\u015bli kto\u015b mi s\u0142u\u017cy, uczci go m\u00f3j Ojciec\u201d (J 12,26). Czy\u017c mo\u017ce nas kto\u015b bardziej uczci\u0107 ni\u017c B\u00f3g?<\/p>\n<p>Znamienn\u0105 cech\u0105 niesienia pomocy jest rado\u015b\u0107, kt\u00f3ra towarzyszy zar\u00f3wno temu, kto pomaga, jak i temu, kto tej pomocy do\u015bwiadcza. \u0179r\u00f3d\u0142em tej rado\u015bci jest B\u00f3g \u2013 \u201eOjciec mi\u0142osierdzia i B\u00f3g wszelkiej pociechy, Ten, kt\u00f3ry nas pociesza w ka\u017cdym naszym utrapieniu, by\u015bmy sami mogli pociesza\u0107 tych, co s\u0105 w jakiejkolwiek udr\u0119ce, pociech\u0105, kt\u00f3rej doznajemy od Boga\u201d (2\u00a0Kor 1,3-4). Dzisiaj z t\u0105 sam\u0105 my\u015bl\u0105 \u015bw. Paw\u0142a Aposto\u0142a zwraca si\u0119 do wolontariuszy Ojciec \u015awi\u0119ty Franciszek, kt\u00f3ry m\u00f3wi: \u201ePrzez u\u015bmiech ka\u017cdego z was, uprzejmo\u015b\u0107, gotowo\u015b\u0107 pos\u0142ugi udowodnili\u015bcie, \u017ce &lt;&lt;Wi\u0119cej szcz\u0119\u015bcia jest w dawaniu ani\u017celi w braniu&gt;&gt; (Dz 20,35) [XXVIII \u015aDM Rio de Janeiro 2013]. Ostatni Synod Biskup\u00f3w docenia fakt, \u017ce \u201ewielu m\u0142odych aktywnie uczestniczy w wolontariacie i znajduje spos\u00f3b na spotkanie z Panem w s\u0142u\u017cbie. W ten spos\u00f3b po\u015bwi\u0119cenie si\u0119 najbardziej potrzebuj\u0105cym naprawd\u0119 staje si\u0119 praktyk\u0105 wiary, w kt\u00f3rej uczymy si\u0119 tej mi\u0142o\u015bci (\u2026), kt\u00f3ra jest w centrum Ewangelii i kt\u00f3ra jest fundamentem ca\u0142ego \u017cycia chrze\u015bcija\u0144skiego\u201d (Dokument ko\u0144cowy Synodu Biskup\u00f3w o m\u0142odzie\u017cy, 137). A zatem wolontariat to wiara, kt\u00f3ra wyra\u017ca si\u0119 przez mi\u0142o\u015b\u0107, ale to te\u017c mi\u0142o\u015b\u0107, kt\u00f3ra staje si\u0119 wiar\u0105.<\/p>\n<p>Pragniemy, aby dzi\u0119ki bezinteresownemu zaanga\u017cowaniu w czyny mi\u0142osierdzia, przemienia\u0142o si\u0119 otoczenie ka\u017cdego cz\u0142owieka \u2013 w parafii, w szkole, w miejscu pracy i wypoczynku. Niech wsz\u0119dzie znajduj\u0105 si\u0119 dynamiczni liderzy dzie\u0142 mi\u0142osierdzia, kt\u00f3rzy jako osoby uczciwe, \u017cyj\u0105ce wed\u0142ug chrze\u015bcija\u0144skich zasad i zdolne do gromadzenia wok\u00f3\u0142 siebie ludzi, pe\u0142ni\u0105 pos\u0142ug\u0119 charytatywn\u0105 wraz z innymi (por. 1 Tm 3,2-7).<\/p>\n<p>Warto zaznaczy\u0107, \u017ce w animowaniu dzia\u0142a\u0144 spo\u0142ecznych nie wystarczy by\u0107 ambitnym i forsowa\u0107 w\u0142asne pomys\u0142y, deprymuj\u0105c cudze. Trzeba s\u0142ucha\u0107 innych i ofiarowa\u0107 im sw\u00f3j czas. Przez swoje zdolno\u015bci organizacyjne oraz przez zapa\u0142 do dzia\u0142ania udzielaj\u0105cy si\u0119 pozosta\u0142ym, niech liderzy nie ustaj\u0105 w pe\u0142nieniu pos\u0142ugi. Poszukuj\u0105c ch\u0119tnych do odpowiedzialnego inicjowania dzie\u0142 charytatywnych zach\u0119camy, by w t\u0119 rol\u0119 wdra\u017cali si\u0119 r\u00f3wnie\u017c ci, kt\u00f3rzy chc\u0105 czyni\u0107 dobro i ju\u017c odkrywaj\u0105 w sobie podobne predyspozycje. Prosimy duszpasterzy, przedstawicieli Parafialnych Rad Duszpasterskich, a tak\u017ce cz\u0142onk\u00f3w ruch\u00f3w i stowarzysze\u0144 w parafiach<em>,<\/em> nauczycieli i wychowawc\u00f3w, samorz\u0105dowc\u00f3w, a nawet pracodawc\u00f3w o tworzenie przestrzeni do aktywno\u015bci charytatywnej i okazanie wsparcia powsta\u0142ym grupom. Zach\u0119camy, aby kap\u0142ani oraz koordynatorzy wolontariatu wraz z Caritas w diecezjach i parafiach uczestniczyli w powo\u0142ywaniu lider\u00f3w wolontariatu oraz zapewnili im podstawow\u0105 formacj\u0119.<\/p>\n<p>Ko\u015bci\u00f3\u0142 w Polsce podkre\u015bla znaczenie zaanga\u017cowania wolontariuszy, kt\u00f3rzy \u2013 inspirowani przyk\u0142adem Jezusa oraz kieruj\u0105c si\u0119 katolick\u0105 wiar\u0105 \u2013 podejmuj\u0105 wiele dzia\u0142a\u0144, ukierunkowanych na bezinteresown\u0105 pomoc innym ludziom. Wolontariat w Ko\u015bciele przybiera form\u0119 zorganizowanego i aktywnego uczestnictwa w \u017cyciu parafialnym. R\u00f3wnolegle do tego zjawiska rozwijaj\u0105 si\u0119 liczne stowarzyszenia, fundacje i ruchy, kt\u00f3re prowadz\u0105 dzia\u0142alno\u015b\u0107 charytatywn\u0105, religijn\u0105, kulturow\u0105, o\u015bwiatow\u0105 czy sportow\u0105. W kontek\u015bcie pos\u0142ugi osobom najbiedniejszym, bezdomnym, chorym i dotkni\u0119tym innymi przeciwno\u015bciami \u017cyciowymi, na szczeg\u00f3ln\u0105 uwag\u0119 zas\u0142uguje dzia\u0142alno\u015b\u0107 wolontariuszy zrzeszonych w Parafialnych Zespo\u0142ach Caritas, Szkolnych Ko\u0142ach Caritas oraz Centrach Wolontariatu i w grupach wspieraj\u0105cych plac\u00f3wki charytatywne. To oni daj\u0105 \u015bwiadectwo swojej wiary i mi\u0142o\u015bci poprzez prowadzone zbi\u00f3rki \u017cywno\u015bci na rzecz ubogich, odwiedziny chorych i niepe\u0142nosprawnych, zbi\u00f3rki pieni\u0119\u017cne na rzecz poszkodowanych wskutek zdarze\u0144 losowych jak po\u017car czy pow\u00f3d\u017a. To oni wspieraj\u0105 podopiecznych hospicj\u00f3w i dom\u00f3w dziecka, troszcz\u0105 si\u0119 o osoby starsze i samotne. S\u0105 obecni podczas du\u017cych akcji og\u00f3lnopolskich, ale r\u00f3wnie\u017c podczas lokalnych wydarze\u0144 o charakterze spo\u0142ecznym. W\u0142\u0105czaj\u0105 si\u0119 tak\u017ce w programy wykraczaj\u0105ce poza granice Polski.<\/p>\n<p>Dzi\u0119kujemy za ka\u017cdy gest mi\u0142osierdzia i zach\u0119camy nowych wolontariuszy do realizacji mi\u0142osierdzia w formie powszechnie znanej i wyczekiwanej przez potrzebuj\u0105cych. Ponadto, odpowiadaj\u0105c na wezwanie Papie\u017ca Franciszka, wolontariusze dzia\u0142aj\u0105cy w spo\u0142eczno\u015bciach lokalnych mog\u0105 w duchu zintegrowanej ekologii podejmowa\u0107 kolejne dzia\u0142ania: wzywa\u0107 do nawr\u00f3cenia ekologicznego i skromnego \u017cycia opartego na mi\u0142o\u015bci, a nie na konsumpcji; przeciwdzia\u0142a\u0107 marnowaniu \u017cywno\u015bci i przekazywa\u0107 jej nadwy\u017cki potrzebuj\u0105cym; promowa\u0107 wiedz\u0119 o racjonalnym gospodarowaniu odpadami; dba\u0107 o natur\u0119 i zabiega\u0107 o funkcjonowanie zielonych przestrzeni; zach\u0119ca\u0107 do ograniczania zu\u017cycia plastiku; szerzy\u0107 wiedz\u0119 o zmianach klimatu i ich przyczynach; motywowa\u0107 polityk\u00f3w do przeciwdzia\u0142ania zmianom klimatu; promowa\u0107 stosowanie odnawialnych \u017ar\u00f3de\u0142 energii; prowadzi\u0107 zbi\u00f3rki odpad\u00f3w trudnych do recyklingu, np. zu\u017cytych \u015bwietl\u00f3wek, telefon\u00f3w kom\u00f3rkowych; budowa\u0107 \u015bwiadomo\u015b\u0107 realnego zagro\u017cenia smogiem, np. przez stworzenie lokalnych sieci pomiaru ska\u017cenia. Warto tutaj doceni\u0107 darczy\u0144c\u00f3w oraz prac\u0119 ponad 20 tys. wolontariuszy Caritas przy zbi\u00f3rkach \u017cywno\u015bci organizowanych kilka razy w roku z korzy\u015bci\u0105 dla 90 tysi\u0119cy podopiecznych. Ponadto Caritas Polska zainicjowa\u0142a anga\u017cowanie wolontariatu wok\u00f3\u0142 wydarzenia, jakim jest Niedziela \u015bw. Franciszka, oraz zach\u0119ca do modlitwy o ochron\u0119 stworzenia zmierzaj\u0105c do kszta\u0142towania postaw odpowiedzialno\u015bci za \u015bwiat.<\/p>\n<p>Dzisiaj, w Niedziel\u0119 Mi\u0142osierdzia Bo\u017cego przypada te\u017c \u015awi\u0119to Patronalne Caritas. Jest to szczeg\u00f3lna okazja, aby podzi\u0119kowa\u0107 Bogu za wszystkich, kt\u00f3rzy na r\u00f3\u017cne sposoby piel\u0119gnuj\u0105 i praktykuj\u0105 wyobra\u017ani\u0119 mi\u0142osierdzia, a zw\u0142aszcza 100 tysi\u0105com wolontariuszy, kt\u00f3rzy dzia\u0142aj\u0105 w Polsce. Na przestrzeni lat sta\u0142e zaanga\u017cowanie wolontariatu Caritas wp\u0142ywa na sukces najbardziej rozpoznawalnej w Polsce akcji Wigilijnego Dzie\u0142a Pomocy Dzieciom. To nie tylko p\u0142omie\u0144 3 milion\u00f3w \u015bwiec na stole wigilijnym, ale przede wszystkim uwra\u017cliwianie na potrzeby dzieci i realna pomoc w \u015bwietlicach socjoterapeutycznych oraz podczas zimowego i letniego wypoczynku. \u0141\u0105cz\u0105cy pokolenia i skuteczny okaza\u0142 si\u0119 nowy program Caritas w postaci karty \u201eNa codzienne zakupy\u201d, w kt\u00f3rym 5 tysi\u0119cy os\u00f3b ubogich, samotnych i niepe\u0142nosprawnych, poza pomoc\u0105 finansow\u0105, otrzymuje pomoc wolontariusza wspieraj\u0105cego podczas zakup\u00f3w i spotka\u0144 integruj\u0105cych. Dzia\u0142anie Caritas Polska doprowadzi\u0142o do przeprowadzenia najwi\u0119kszego spo\u0142ecznego programu pomocy ofiarom wojny w Syrii pod nazw\u0105 \u201eRodzina Rodzinie\u201d. Jego rezultat to nie tylko przekazanie wymiernej pomocy w postaci 40 milion\u00f3w z\u0142, ale r\u00f3wnie\u017c po\u0142\u0105czenie ok. 20 tysi\u0119cy darczy\u0144c\u00f3w z Polski z 9 tysi\u0105cami rodzin syryjskich. Dodatkowo przyni\u00f3s\u0142 on warto\u015b\u0107 dodan\u0105 w postaci zaanga\u017cowania wolontariuszy w Syrii, kt\u00f3rzy s\u0142u\u017c\u0105 ludziom przez zorganizowany system dystrybucji pomocy oraz centrum nadzoruj\u0105ce Hope Center.<\/p>\n<p>Z szacunkiem i wdzi\u0119czno\u015bci\u0105 pami\u0119tamy o tysi\u0105cach os\u00f3b, kt\u00f3re na sta\u0142e pracuj\u0105 w szeregach Caritas Diecezjalnych. Ich pe\u0142na oddania praca, wra\u017cliwo\u015b\u0107 serca powoduj\u0105, \u017ce wolontariat jest mo\u017cliwy i skuteczny. Oni wytrwale wykonuj\u0105 sw\u0105 pos\u0142ug\u0119 w domach pomocy spo\u0142ecznej, \u015bwietlicach dla dzieci, hospicjach, plac\u00f3wkach dla os\u00f3b niepe\u0142nosprawnych, po\u015br\u00f3d senior\u00f3w i w\u015br\u00f3d wielu innych.<\/p>\n<p>Siostry i Bracia, Bogu niech b\u0119d\u0105 dzi\u0119ki za wasze wra\u017cliwe serca, za wasze pomocne d\u0142onie, za wasze oczy, kt\u00f3re widz\u0105 potrzeby innych; za wasze uszy, kt\u00f3re s\u0142ysz\u0105 pro\u015bby, nawet te niewypowiedziane. Niech wstawiennictwo Maryi, Matki Mi\u0142osierdzia, przymna\u017ca \u015bwiatu aposto\u0142\u00f3w mi\u0142osierdzia, aby w ca\u0142ej rodzinie ludzkiej mog\u0142a urzeczywistnia\u0107 si\u0119 braterska wsp\u00f3lnota d\u00f3br.<\/p>\n<p>Wszystkim Wam udzielamy pasterskiego b\u0142ogos\u0142awie\u0144stwa.<\/p>\n<p>&nbsp;<\/p>\n<p>Podpisali: Pasterze Ko\u015bcio\u0142a w Polsce<\/p>\n<p>obecni na 382. Zebraniu Plenarnym KEP<\/p>\n<p>w Warszawie, w dniu 14 marca 2019 r.<\/p>\n<p>Za zgodno\u015b\u0107:<\/p>\n<p><em>+ Artur G. Mizi\u0144ski<\/em><\/p>\n<p>Sekretarz Generalny KEP<\/p>\n","protected":false},"excerpt":{"rendered":"<p>\u00a0 WOLONTARIAT W S\u0141U\u017bBIE MI\u0141OSIERDZIA \u00a0List Pasterski Episkopatu Polski na Niedziel\u0119 Mi\u0142osierdzia 2019 r. Umi\u0142owani w Panu Siostry i Bracia! \u00a0 Teksty biblijne, kt\u00f3re dzi\u015b, w \u015awi\u0119to Mi\u0142osierdzia Bo\u017cego rozwa\u017camy, prowadz\u0105 nas do spotkania z Chrystusem Zmartwychwsta\u0142ym, a tak\u017ce przybli\u017caj\u0105 nam pocz\u0105tki misji Ko\u015bcio\u0142a, w kt\u00f3rym wiod\u0105c\u0105 rol\u0119 pe\u0142ni\u0105 Aposto\u0142owie. Misja Ko\u015bcio\u0142a jest kontynuacj\u0105 misji samego Jezusa. Wskazuj\u0105 na to s\u0142owa, kt\u00f3re us\u0142yszeli\u015bmy w Ewangelii: \u201eJak Ojciec Mnie pos\u0142a\u0142, tak Ja was posy\u0142am\u201d (J 20,21). Aposto\u0142owie, w mocy otrzymanego Ducha \u015awi\u0119tego, g\u0142osz\u0105 S\u0142owo Bo\u017ce, odpuszczaj\u0105 grzechy, wyrzucaj\u0105 z\u0142e duchy, nios\u0105 pomoc chorym. Przedstawione w dzisiejszych czytaniach dzia\u0142ania Ko\u015bcio\u0142a mo\u017cna \u2013 kieruj\u0105c si\u0119 s\u0142owami Papie\u017ca Benedykta XVI \u2013 sprowadzi\u0107 do trzech zada\u0144. S\u0105 nimi: g\u0142oszenie S\u0142owa Bo\u017cego, sprawowanie sakrament\u00f3w i pos\u0142uga mi\u0142o\u015bci. Zadania te, jak pisa\u0142 Papie\u017c, \u201es\u0105 \u015bci\u015ble ze sob\u0105 zwi\u0105zane i nie mog\u0105 by\u0107 od siebie oddzielone\u201d. Ponadto doda\u0142: \u201eCaritas nie jest dla Ko\u015bcio\u0142a rodzajem opieki spo\u0142ecznej, kt\u00f3r\u0105 mo\u017cna&hellip;<\/p>\n<p> <a class=\"more-link\" href=\"http:\/\/www.franciszek-walcz.pl\/?p=3594\">Czytaj dalej<\/a><\/p>\n","protected":false},"author":1,"featured_media":0,"comment_status":"closed","ping_status":"open","sticky":false,"template":"","format":"standard","meta":{"footnotes":""},"categories":[4],"tags":[],"class_list":{"0":"post-3594","1":"post","2":"type-post","3":"status-publish","4":"format-standard","6":"category-ogloszenia"},"brizy_media":[],"_links":{"self":[{"href":"http:\/\/www.franciszek-walcz.pl\/index.php?rest_route=\/wp\/v2\/posts\/3594","targetHints":{"allow":["GET"]}}],"collection":[{"href":"http:\/\/www.franciszek-walcz.pl\/index.php?rest_route=\/wp\/v2\/posts"}],"about":[{"href":"http:\/\/www.franciszek-walcz.pl\/index.php?rest_route=\/wp\/v2\/types\/post"}],"author":[{"embeddable":true,"href":"http:\/\/www.franciszek-walcz.pl\/index.php?rest_route=\/wp\/v2\/users\/1"}],"replies":[{"embeddable":true,"href":"http:\/\/www.franciszek-walcz.pl\/index.php?rest_route=%2Fwp%2Fv2%2Fcomments&post=3594"}],"version-history":[{"count":1,"href":"http:\/\/www.franciszek-walcz.pl\/index.php?rest_route=\/wp\/v2\/posts\/3594\/revisions"}],"predecessor-version":[{"id":3595,"href":"http:\/\/www.franciszek-walcz.pl\/index.php?rest_route=\/wp\/v2\/posts\/3594\/revisions\/3595"}],"wp:attachment":[{"href":"http:\/\/www.franciszek-walcz.pl\/index.php?rest_route=%2Fwp%2Fv2%2Fmedia&parent=3594"}],"wp:term":[{"taxonomy":"category","embeddable":true,"href":"http:\/\/www.franciszek-walcz.pl\/index.php?rest_route=%2Fwp%2Fv2%2Fcategories&post=3594"},{"taxonomy":"post_tag","embeddable":true,"href":"http:\/\/www.franciszek-walcz.pl\/index.php?rest_route=%2Fwp%2Fv2%2Ftags&post=3594"}],"curies":[{"name":"wp","href":"https:\/\/api.w.org\/{rel}","templated":true}]}}