{"id":3643,"date":"2019-05-02T10:48:11","date_gmt":"2019-05-02T08:48:11","guid":{"rendered":"http:\/\/www.franciszek-walcz.pl\/?p=3643"},"modified":"2019-05-02T10:48:32","modified_gmt":"2019-05-02T08:48:32","slug":"dzien-flagi-rzeczypospolitej-polskiej","status":"publish","type":"post","link":"http:\/\/www.franciszek-walcz.pl\/?p=3643","title":{"rendered":"Dzie\u0144 Flagi Rzeczypospolitej Polskiej"},"content":{"rendered":"<p><strong>2 maja to Dzie\u0144 Flagi Rzeczypospolitej Polskiej, jedno z najm\u0142odszych \u015bwi\u0105t narodowych. Zosta\u0142o ono uchwalone 20 lutego 2004 roku. Pocz\u0105tkowo w trakcie procesu legislacyjnego Senat RP proponowa\u0142 zamieni\u0107 Dzie\u0144 Flagi na Dzie\u0144 Or\u0142a Bia\u0142ego, argumentuj\u0105c, \u017ce god\u0142o jest naczelnym symbolem narodowym. Sejm odrzuci\u0142 jednak ten projekt poprawki i ostatecznie ustanowi\u0142 2 Maja \u015awi\u0119tem Flagi Narodowej. Dzi\u015b obchodzimy tak\u017ce Dzie\u0144 Polonii i Polak\u00f3w za granic\u0105.<\/strong><\/p>\n<p>Data 2 Maja nie jest przypadkowa, gdy\u017c w\u0142a\u015bnie tego dnia w 1945 roku, podczas zdobywania Berlina polscy \u017co\u0142nierze umie\u015bcili bia\u0142o-czerwon\u0105 flag\u0119 na Kolumnie Zwyci\u0119stwa \u2013 Siegess\u00e4ule. W PRL-u natomiast 2 Maja \u015bci\u0105gane by\u0142y zazwyczaj flagi narodowe po obchodach 1-go Maja tak, aby nie by\u0142y wywieszone w dniu zniesionego przez w\u0142adze \u015bwi\u0119ta Konstytucji 3 Maja.<\/p>\n<p>Dzisiejszy dzie\u0144 to tak\u017ce \u015awiatowy Dzie\u0144 Polonii ustanowiony w 2002 roku, w celu oddania szacunku wszystkim Polakom na ca\u0142ym \u015bwiecie, kt\u00f3rzy tak\u017ce mieli sw\u00f3j wk\u0142ad w odzyskanie przez Polsk\u0119 niepodleg\u0142o\u015bci.<\/p>\n<p>Pocz\u0105tki polskiej flagi si\u0119gaj\u0105 pierwszej rocznicy uchwalenia Konstytucji 3 Maja 1792 roku oraz czas\u00f3w zabor\u00f3w.\u00a0Jej kolorystyka odnosi si\u0119 do naszego god\u0142a \u2013 bia\u0142ego or\u0142a na czerwonej tarczy herbowej. Wa\u017cn\u0105 dat\u0105 w historii polskich barw narodowych jest dzie\u0144 7 lutego 1831 roku. Wtedy to Sejm uchwali\u0142, \u017ce narodowe kolory stanowi\u0107 b\u0119d\u0105 kolory herbowe Kr\u00f3lestwa Polskiego i Wielkiego Ksi\u0119stwa Litewskiego, czyli kolor bia\u0142y z czerwonym.<\/p>\n<p>Wi\u0119kszego znaczenia nabra\u0142y one dopiero po odzyskaniu niepodleg\u0142o\u015bci w 1918 roku. W\u00f3wczas flaga sta\u0142a si\u0119 oficjalnym symbolem pa\u0144stwa.<\/p>\n<p>Podczas II wojny \u015bwiatowej bia\u0142o-czerwona flaga sta\u0142a si\u0119 oznak\u0105 hartu ducha, patriotyzmu i niez\u0142omno\u015bci polskiego narodu. Natomiast po wojnie u\u017cywanie symboli narodowych by\u0142o karalne. W\u0142adze zacz\u0119\u0142y zmienia\u0107 wizerunek or\u0142a, usuni\u0119to koron\u0119 z g\u0142owy or\u0142a, a wywieszanie flagi by\u0142o traktowane, jako wyraz buntu.<\/p>\n<p>Historycznie polskie barwy narodowe wywodz\u0105 si\u0119 z barw herbu Kr\u00f3lestwa Polskiego i herbu Wielkiego Ksi\u0119stwa Litewskiego. W symbolice polskiej flagi biel pochodzi od bieli or\u0142a, b\u0119d\u0105cego god\u0142em Polski, i bieli Pogoni \u2013 rycerza galopuj\u0105cego na koniu, b\u0119d\u0105cego god\u0142em Litwy. Oba te god\u0142a znajduj\u0105 si\u0119 na czerwonych t\u0142ach tarcz herbowych. Dlatego te\u017c na fladze biel znalaz\u0142a si\u0119 u g\u00f3ry. W polskiej heraldyce wa\u017cniejszy jest kolor god\u0142a ni\u017c t\u0142a.<\/p>\n<p><strong>katolik.pl\/RIRM<\/strong><\/p>\n","protected":false},"excerpt":{"rendered":"<p>2 maja to Dzie\u0144 Flagi Rzeczypospolitej Polskiej, jedno z najm\u0142odszych \u015bwi\u0105t narodowych. Zosta\u0142o ono uchwalone 20 lutego 2004 roku. Pocz\u0105tkowo w trakcie procesu legislacyjnego Senat RP proponowa\u0142 zamieni\u0107 Dzie\u0144 Flagi na Dzie\u0144 Or\u0142a Bia\u0142ego, argumentuj\u0105c, \u017ce god\u0142o jest naczelnym symbolem narodowym. Sejm odrzuci\u0142 jednak ten projekt poprawki i ostatecznie ustanowi\u0142 2 Maja \u015awi\u0119tem Flagi Narodowej. Dzi\u015b obchodzimy tak\u017ce Dzie\u0144 Polonii i Polak\u00f3w za granic\u0105. Data 2 Maja nie jest przypadkowa, gdy\u017c w\u0142a\u015bnie tego dnia w 1945 roku, podczas zdobywania Berlina polscy \u017co\u0142nierze umie\u015bcili bia\u0142o-czerwon\u0105 flag\u0119 na Kolumnie Zwyci\u0119stwa \u2013 Siegess\u00e4ule. W PRL-u natomiast 2 Maja \u015bci\u0105gane by\u0142y zazwyczaj flagi narodowe po obchodach 1-go Maja tak, aby nie by\u0142y wywieszone w dniu zniesionego przez w\u0142adze \u015bwi\u0119ta Konstytucji 3 Maja. Dzisiejszy dzie\u0144 to tak\u017ce \u015awiatowy Dzie\u0144 Polonii ustanowiony w 2002 roku, w celu oddania szacunku wszystkim Polakom na ca\u0142ym \u015bwiecie, kt\u00f3rzy tak\u017ce mieli sw\u00f3j wk\u0142ad w odzyskanie przez Polsk\u0119 niepodleg\u0142o\u015bci. Pocz\u0105tki polskiej&hellip;<\/p>\n<p> <a class=\"more-link\" href=\"http:\/\/www.franciszek-walcz.pl\/?p=3643\">Czytaj dalej<\/a><\/p>\n","protected":false},"author":1,"featured_media":0,"comment_status":"closed","ping_status":"open","sticky":false,"template":"","format":"standard","meta":{"footnotes":""},"categories":[5],"tags":[],"class_list":{"0":"post-3643","1":"post","2":"type-post","3":"status-publish","4":"format-standard","6":"category-artykuly"},"brizy_media":[],"_links":{"self":[{"href":"http:\/\/www.franciszek-walcz.pl\/index.php?rest_route=\/wp\/v2\/posts\/3643","targetHints":{"allow":["GET"]}}],"collection":[{"href":"http:\/\/www.franciszek-walcz.pl\/index.php?rest_route=\/wp\/v2\/posts"}],"about":[{"href":"http:\/\/www.franciszek-walcz.pl\/index.php?rest_route=\/wp\/v2\/types\/post"}],"author":[{"embeddable":true,"href":"http:\/\/www.franciszek-walcz.pl\/index.php?rest_route=\/wp\/v2\/users\/1"}],"replies":[{"embeddable":true,"href":"http:\/\/www.franciszek-walcz.pl\/index.php?rest_route=%2Fwp%2Fv2%2Fcomments&post=3643"}],"version-history":[{"count":1,"href":"http:\/\/www.franciszek-walcz.pl\/index.php?rest_route=\/wp\/v2\/posts\/3643\/revisions"}],"predecessor-version":[{"id":3644,"href":"http:\/\/www.franciszek-walcz.pl\/index.php?rest_route=\/wp\/v2\/posts\/3643\/revisions\/3644"}],"wp:attachment":[{"href":"http:\/\/www.franciszek-walcz.pl\/index.php?rest_route=%2Fwp%2Fv2%2Fmedia&parent=3643"}],"wp:term":[{"taxonomy":"category","embeddable":true,"href":"http:\/\/www.franciszek-walcz.pl\/index.php?rest_route=%2Fwp%2Fv2%2Fcategories&post=3643"},{"taxonomy":"post_tag","embeddable":true,"href":"http:\/\/www.franciszek-walcz.pl\/index.php?rest_route=%2Fwp%2Fv2%2Ftags&post=3643"}],"curies":[{"name":"wp","href":"https:\/\/api.w.org\/{rel}","templated":true}]}}