{"id":3645,"date":"2019-05-02T10:50:08","date_gmt":"2019-05-02T08:50:08","guid":{"rendered":"http:\/\/www.franciszek-walcz.pl\/?p=3645"},"modified":"2019-05-02T10:50:47","modified_gmt":"2019-05-02T08:50:47","slug":"3-maja","status":"publish","type":"post","link":"http:\/\/www.franciszek-walcz.pl\/?p=3645","title":{"rendered":"3 maja"},"content":{"rendered":"<p>3 maja \u2013 jakie to \u015bwi\u0119to? Takie pytanie zadaje sobie niejeden Polak ciesz\u0105cy si\u0119 jak co roku d\u0142ugim weekendem majowym. Maj\u00f3wka \u00a0jak co roku trwa 1-3 maja i jak co roku wiele os\u00f3b przed\u0142u\u017ca j\u0105 urlopem, ale nie ka\u017cdy wie, czemu zawdzi\u0119cza mo\u017cliwo\u015b\u0107 majowego wypoczynku. Odpowiadamy jakie \u015bwi\u0119to jest 3 maja!<\/p>\n<p><strong>3 maja to \u015bwi\u0119to narodowe ustanowione na pami\u0105tk\u0119 uchwalenia Konstytucji 3 maja<\/strong>, co mia\u0142o miejsce w 1791 roku. Najpierw <strong>\u015bwi\u0119to 3 maja ustanowiono w 1919 roku<\/strong>, czyli po tym, kiedy Polska odzyska\u0142a niepodleg\u0142o\u015b\u0107. Po II wojnie \u015bwiatowej by\u0142o obchodzone jedynie do 1946 roku \u2013 wtedy mia\u0142y miejsce <a href=\"http:\/\/lodzkie.naszemiasto.pl\/tag\/demonstracje-studenckie.html#utm_medium=alz&amp;utm_source=dziennikbaltycki.pl&amp;utm_campaign=artykul\">demonstracje studenckie<\/a> w wielu polskich miastach, po kt\u00f3rych w\u0142adze zabroni\u0142y publicznych obchod\u00f3w. W 1951 roku \u015bwi\u0119to zosta\u0142o zniesione, a przywr\u00f3cono je ustaw\u0105 w 1990 roku. <strong>Jako \u015bwi\u0119to narodowe, 3 maja jest dniem wolnym od pracy.<\/strong> W zwi\u0105zku z tym, na pytanie <strong>czy 3 maja s\u0105 otwarte sklepy<\/strong>, odpowied\u017a jest negatywna. Otwarte b\u0119d\u0105 tylko te, w kt\u00f3rych za kas\u0105 zdecyduje si\u0119 stan\u0105\u0107 sam w\u0142a\u015bciciel. Co ciekawe, od 2007 roku 3 maja to \u015bwi\u0119to narodowe r\u00f3wnie\u017c na Litwie.<\/p>\n<p><strong>3 maja \u2013\u00a0 to \u015bwi\u0119to ko\u015bcielne<\/strong><\/p>\n<p><strong>\u00a0Jakie \u015bwi\u0119to ko\u015bcielne jest 3 maja? <\/strong>To \u015bwi\u0119to Naj\u015bwi\u0119tszej Maryi Panny Kr\u00f3lowej Polski. Zosta\u0142o ono ustanowione w 1920 roku i jest obchodzone tylko w polskim Ko\u015bciele katolickim. Upami\u0119tnia ono z\u0142o\u017cone przez Jana Kazimierza w trakcie potopu szwedzkiego \u015bluby lwowskie, kiedy to kr\u00f3l powierzy\u0142 Polsk\u0119 pod opiek\u0119 Matki Bo\u017cej. Dlaczego \u015bwi\u0119to to jest r\u00f3wnie\u017c 3 maja?<\/p>\n<p>Pocz\u0105tkowo \u015bwi\u0119to Naj\u015bwi\u0119tszej Maryi Panny Kr\u00f3lowej Polski odbywa\u0142o si\u0119 w pierwsz\u0105 niedziel\u0119 maja \u2013 z inicjatyw\u0105 wysz\u0142o najprawdopodobniej lwowskie Bractwo NMP Kr\u00f3lowej Korony Polskiej. Pomys\u0142 spotka\u0142 si\u0119 z poparciem arcybiskupa.<\/p>\n<ul>\n<li>Papie\u017c w 1909 roku dla diecezji lwowskiej oraz przemyskiej ustanowi\u0142 \u015bwi\u0119to Kr\u00f3lowej Korony Polskiej, w\u0142a\u015bnie na pierwsz\u0105 niedziel\u0119 maja.<\/li>\n<li>W 1914 roku \u015bwi\u0119to przeniesiono na 2 maja.<\/li>\n<li>Swoje miejsce w kalendarzu na<strong> 3 maja \u015bwi\u0119to NMP Kr\u00f3lowej Polski<\/strong> znalaz\u0142o kilka lat p\u00f3\u017aniej z inicjatywy biskup\u00f3w polskich, kt\u00f3rzy zaproponowali ustanowienie \u015bwi\u0119ta w\u0142a\u015bnie na ten dzie\u0144 po to, by podkre\u015bli\u0107 jego zwi\u0105zek z Konstytucj\u0105 3 maja (wype\u0142nia\u0142a ona cz\u0119\u015b\u0107 za\u0142o\u017ce\u0144 sk\u0142adanych w \u015blubach Jana Kazimierza).<\/li>\n<li>Od 1925 roku <strong>obchodzone 3 maja \u015bwi\u0119to Naj\u015bwi\u0119tszej Maryi Panny Kr\u00f3lowej Polski<\/strong> zosta\u0142o ustanowione dla wszystkich polskich diecezji i w ten spos\u00f3b po\u0142\u0105czy\u0142o si\u0119 z obchodami narodowego \u015bwi\u0119ta upami\u0119tniaj\u0105cego uchwalenie konstytucji.<\/li>\n<\/ul>\n<p><strong>Czy 3 maja trzeba i\u015b\u0107 do ko\u015bcio\u0142a?<\/strong><\/p>\n<p>Skoro 3 maja to \u015bwi\u0119to ko\u015bcielne, katolicy zadaj\u0105 pytanie, czy trzeba i\u015b\u0107 do ko\u015bcio\u0142a. 3 maja nie trzeba i\u015b\u0107 do ko\u015bcio\u0142a \u2013 nie jest to \u015bwi\u0119to nakazane, a tylko w takie \u015bwi\u0119ta Ko\u015bci\u00f3\u0142 oczekuje od wiernych uczestnictwa we mszy \u015bwi\u0119tej. 3 maja nie ma obowi\u0105zku i\u015b\u0107 do ko\u015bcio\u0142a, jednak je\u015bli kto\u015b chce, nie ma te\u017c ku temu \u017cadnych przeszk\u00f3d. W wi\u0119kszo\u015bci ko\u015bcio\u0142\u00f3w msze \u015bwi\u0119te b\u0119d\u0105 odbywa\u0107 si\u0119 zgodnie z porz\u0105dkiem niedzielnym.<\/p>\n","protected":false},"excerpt":{"rendered":"<p>3 maja \u2013 jakie to \u015bwi\u0119to? Takie pytanie zadaje sobie niejeden Polak ciesz\u0105cy si\u0119 jak co roku d\u0142ugim weekendem majowym. Maj\u00f3wka \u00a0jak co roku trwa 1-3 maja i jak co roku wiele os\u00f3b przed\u0142u\u017ca j\u0105 urlopem, ale nie ka\u017cdy wie, czemu zawdzi\u0119cza mo\u017cliwo\u015b\u0107 majowego wypoczynku. Odpowiadamy jakie \u015bwi\u0119to jest 3 maja! 3 maja to \u015bwi\u0119to narodowe ustanowione na pami\u0105tk\u0119 uchwalenia Konstytucji 3 maja, co mia\u0142o miejsce w 1791 roku. Najpierw \u015bwi\u0119to 3 maja ustanowiono w 1919 roku, czyli po tym, kiedy Polska odzyska\u0142a niepodleg\u0142o\u015b\u0107. Po II wojnie \u015bwiatowej by\u0142o obchodzone jedynie do 1946 roku \u2013 wtedy mia\u0142y miejsce demonstracje studenckie w wielu polskich miastach, po kt\u00f3rych w\u0142adze zabroni\u0142y publicznych obchod\u00f3w. W 1951 roku \u015bwi\u0119to zosta\u0142o zniesione, a przywr\u00f3cono je ustaw\u0105 w 1990 roku. Jako \u015bwi\u0119to narodowe, 3 maja jest dniem wolnym od pracy. W zwi\u0105zku z tym, na pytanie czy 3 maja s\u0105 otwarte sklepy, odpowied\u017a jest negatywna. Otwarte b\u0119d\u0105&hellip;<\/p>\n<p> <a class=\"more-link\" href=\"http:\/\/www.franciszek-walcz.pl\/?p=3645\">Czytaj dalej<\/a><\/p>\n","protected":false},"author":1,"featured_media":0,"comment_status":"closed","ping_status":"open","sticky":false,"template":"","format":"standard","meta":{"footnotes":""},"categories":[5],"tags":[],"class_list":{"0":"post-3645","1":"post","2":"type-post","3":"status-publish","4":"format-standard","6":"category-artykuly"},"brizy_media":[],"_links":{"self":[{"href":"http:\/\/www.franciszek-walcz.pl\/index.php?rest_route=\/wp\/v2\/posts\/3645","targetHints":{"allow":["GET"]}}],"collection":[{"href":"http:\/\/www.franciszek-walcz.pl\/index.php?rest_route=\/wp\/v2\/posts"}],"about":[{"href":"http:\/\/www.franciszek-walcz.pl\/index.php?rest_route=\/wp\/v2\/types\/post"}],"author":[{"embeddable":true,"href":"http:\/\/www.franciszek-walcz.pl\/index.php?rest_route=\/wp\/v2\/users\/1"}],"replies":[{"embeddable":true,"href":"http:\/\/www.franciszek-walcz.pl\/index.php?rest_route=%2Fwp%2Fv2%2Fcomments&post=3645"}],"version-history":[{"count":1,"href":"http:\/\/www.franciszek-walcz.pl\/index.php?rest_route=\/wp\/v2\/posts\/3645\/revisions"}],"predecessor-version":[{"id":3646,"href":"http:\/\/www.franciszek-walcz.pl\/index.php?rest_route=\/wp\/v2\/posts\/3645\/revisions\/3646"}],"wp:attachment":[{"href":"http:\/\/www.franciszek-walcz.pl\/index.php?rest_route=%2Fwp%2Fv2%2Fmedia&parent=3645"}],"wp:term":[{"taxonomy":"category","embeddable":true,"href":"http:\/\/www.franciszek-walcz.pl\/index.php?rest_route=%2Fwp%2Fv2%2Fcategories&post=3645"},{"taxonomy":"post_tag","embeddable":true,"href":"http:\/\/www.franciszek-walcz.pl\/index.php?rest_route=%2Fwp%2Fv2%2Ftags&post=3645"}],"curies":[{"name":"wp","href":"https:\/\/api.w.org\/{rel}","templated":true}]}}