{"id":3648,"date":"2019-05-02T20:11:50","date_gmt":"2019-05-02T18:11:50","guid":{"rendered":"http:\/\/www.franciszek-walcz.pl\/?p=3648"},"modified":"2019-05-02T20:11:50","modified_gmt":"2019-05-02T18:11:50","slug":"krolowa-ktora-sluzy","status":"publish","type":"post","link":"http:\/\/www.franciszek-walcz.pl\/?p=3648","title":{"rendered":"KR\u00d3LOWA, KT\u00d3RA S\u0141U\u017bY"},"content":{"rendered":"<p>Uroczysto\u015b\u0107 Naj\u015bwi\u0119tszej Maryi Panny Kr\u00f3lowej Polski ma sw\u00f3j pocz\u0105tek w \u015blubach, kt\u00f3re kr\u00f3l Jan Kazimierz z\u0142o\u017cy\u0142 w Katedrze Lwowskiej przed obrazem Naj\u015bwi\u0119tszej Panny \u0141askawej w 1656 r., obieraj\u0105c Maryj\u0119 Kr\u00f3low\u0105 narod\u00f3w i lud\u00f3w \u00f3wczesnego Kr\u00f3lestwa Polskiego. R\u00f3wnocze\u015bnie kr\u00f3l zobowi\u0105za\u0142 si\u0119 do naprawienia niesprawiedliwo\u015bci spo\u0142ecznej w kraju. \u015aluby te zosta\u0142y odnowione 300 lat p\u00f3\u017aniej na Jasnej G\u00f3rze przez Episkopat Polski z inicjatywy uwi\u0119zionego Prymasa Stefana Wyszy\u0144skiego.<\/p>\n<p>Obranie Matki Bo\u017cej Kr\u00f3low\u0105 narod\u00f3w i lud\u00f3w \u00f3wczesnego Kr\u00f3lestwa Polskiego nabiera dzisiaj szerszego znaczenia. Trzysta pi\u0119\u0107dziesi\u0105t\u0105 rocznic\u0119 \u015alub\u00f3w Kazimierzowskich \u015bwi\u0119towano publicznie w Katedrze we Lwowie w obecno\u015bci najwy\u017cszych w\u0142adz pa\u0144stwowych Polski i Ukrainy oraz przedstawicieli r\u00f3\u017cnych wyzna\u0144, poniewa\u017c \u015bluby te sprawi\u0142y, \u017ce Maryja jest Kr\u00f3low\u0105 nie tylko narodu polskiego, ale tak\u017ce narod\u00f3w s\u0105siednich i to Ona ukazuje drog\u0119 do braterstwa mi\u0119dzy nimi.<\/p>\n<p><span style=\"font-size: 12pt;\">Kr\u00f3lewsk\u0105 godno\u015b\u0107 Maryi trzeba dobrze zrozumie\u0107. Jest Ona Kr\u00f3low\u0105, kt\u00f3ra s\u0142u\u017cy! S\u0142u\u017cy swemu ludowi, \u201ezsy\u0142aj\u0105c na wszystkie narody bliskie i dalekie strumienie pokoju i potoki \u0142ask<\/span><\/p>\n<p>niebieskich\u201d (\u015bw. Amadeusz). Z Jej <em>kr\u00f3lowania<\/em> nie mo\u017cna zrezygnowa\u0107. Potrzeba nam Jej opieki i Jej wstawiennictwa u Syna. Uzna\u0107 j\u0105 prawdziwie za Kr\u00f3low\u0105 to uzna\u0107 kr\u00f3lowanie Chrystusa w naszym \u017cyciu osobistym i spo\u0142ecznym.<\/p>\n<p>\u015awi\u0119tuj\u0105c dzisiaj Uroczysto\u015b\u0107 Kr\u00f3lowej Polski, wyznajemy wi\u0119c, \u017ce u podstaw naszego \u017cycia jest jedyny fundament: Jezus Chrystus \u2014 Zbawiciel cz\u0142owieka.<\/p>\n<p>kard. Marian Jaworski<\/p>\n","protected":false},"excerpt":{"rendered":"<p>Uroczysto\u015b\u0107 Naj\u015bwi\u0119tszej Maryi Panny Kr\u00f3lowej Polski ma sw\u00f3j pocz\u0105tek w \u015blubach, kt\u00f3re kr\u00f3l Jan Kazimierz z\u0142o\u017cy\u0142 w Katedrze Lwowskiej przed obrazem Naj\u015bwi\u0119tszej Panny \u0141askawej w 1656 r., obieraj\u0105c Maryj\u0119 Kr\u00f3low\u0105 narod\u00f3w i lud\u00f3w \u00f3wczesnego Kr\u00f3lestwa Polskiego. R\u00f3wnocze\u015bnie kr\u00f3l zobowi\u0105za\u0142 si\u0119 do naprawienia niesprawiedliwo\u015bci spo\u0142ecznej w kraju. \u015aluby te zosta\u0142y odnowione 300 lat p\u00f3\u017aniej na Jasnej G\u00f3rze przez Episkopat Polski z inicjatywy uwi\u0119zionego Prymasa Stefana Wyszy\u0144skiego. Obranie Matki Bo\u017cej Kr\u00f3low\u0105 narod\u00f3w i lud\u00f3w \u00f3wczesnego Kr\u00f3lestwa Polskiego nabiera dzisiaj szerszego znaczenia. Trzysta pi\u0119\u0107dziesi\u0105t\u0105 rocznic\u0119 \u015alub\u00f3w Kazimierzowskich \u015bwi\u0119towano publicznie w Katedrze we Lwowie w obecno\u015bci najwy\u017cszych w\u0142adz pa\u0144stwowych Polski i Ukrainy oraz przedstawicieli r\u00f3\u017cnych wyzna\u0144, poniewa\u017c \u015bluby te sprawi\u0142y, \u017ce Maryja jest Kr\u00f3low\u0105 nie tylko narodu polskiego, ale tak\u017ce narod\u00f3w s\u0105siednich i to Ona ukazuje drog\u0119 do braterstwa mi\u0119dzy nimi. Kr\u00f3lewsk\u0105 godno\u015b\u0107 Maryi trzeba dobrze zrozumie\u0107. Jest Ona Kr\u00f3low\u0105, kt\u00f3ra s\u0142u\u017cy! S\u0142u\u017cy swemu ludowi, \u201ezsy\u0142aj\u0105c na wszystkie narody bliskie i dalekie strumienie pokoju&hellip;<\/p>\n<p> <a class=\"more-link\" href=\"http:\/\/www.franciszek-walcz.pl\/?p=3648\">Czytaj dalej<\/a><\/p>\n","protected":false},"author":1,"featured_media":0,"comment_status":"closed","ping_status":"open","sticky":false,"template":"","format":"standard","meta":{"footnotes":""},"categories":[5],"tags":[],"class_list":{"0":"post-3648","1":"post","2":"type-post","3":"status-publish","4":"format-standard","6":"category-artykuly"},"brizy_media":[],"_links":{"self":[{"href":"http:\/\/www.franciszek-walcz.pl\/index.php?rest_route=\/wp\/v2\/posts\/3648","targetHints":{"allow":["GET"]}}],"collection":[{"href":"http:\/\/www.franciszek-walcz.pl\/index.php?rest_route=\/wp\/v2\/posts"}],"about":[{"href":"http:\/\/www.franciszek-walcz.pl\/index.php?rest_route=\/wp\/v2\/types\/post"}],"author":[{"embeddable":true,"href":"http:\/\/www.franciszek-walcz.pl\/index.php?rest_route=\/wp\/v2\/users\/1"}],"replies":[{"embeddable":true,"href":"http:\/\/www.franciszek-walcz.pl\/index.php?rest_route=%2Fwp%2Fv2%2Fcomments&post=3648"}],"version-history":[{"count":1,"href":"http:\/\/www.franciszek-walcz.pl\/index.php?rest_route=\/wp\/v2\/posts\/3648\/revisions"}],"predecessor-version":[{"id":3649,"href":"http:\/\/www.franciszek-walcz.pl\/index.php?rest_route=\/wp\/v2\/posts\/3648\/revisions\/3649"}],"wp:attachment":[{"href":"http:\/\/www.franciszek-walcz.pl\/index.php?rest_route=%2Fwp%2Fv2%2Fmedia&parent=3648"}],"wp:term":[{"taxonomy":"category","embeddable":true,"href":"http:\/\/www.franciszek-walcz.pl\/index.php?rest_route=%2Fwp%2Fv2%2Fcategories&post=3648"},{"taxonomy":"post_tag","embeddable":true,"href":"http:\/\/www.franciszek-walcz.pl\/index.php?rest_route=%2Fwp%2Fv2%2Ftags&post=3648"}],"curies":[{"name":"wp","href":"https:\/\/api.w.org\/{rel}","templated":true}]}}