{"id":3658,"date":"2019-05-07T21:36:08","date_gmt":"2019-05-07T19:36:08","guid":{"rendered":"http:\/\/www.franciszek-walcz.pl\/?p=3658"},"modified":"2019-05-07T21:36:35","modified_gmt":"2019-05-07T19:36:35","slug":"o-sw-stanislawie-b-i-m","status":"publish","type":"post","link":"http:\/\/www.franciszek-walcz.pl\/?p=3658","title":{"rendered":"O \u015bw. Stanis\u0142awie B. i M."},"content":{"rendered":"<p>Stare ksi\u0119gi podaj\u0105, \u017ce imi\u0119 Stanis\u0142aw pochodzi od s\u0142\u00f3w :\u201dsta\u0107 si\u0119 s\u0142awnym\u201d. Jak\u017ce bardzo pasuje to imi\u0119 do patrona dnia dzisiejszego, kt\u00f3ry s\u0142aw\u0119 sw\u0105 zdoby\u0142 nie przez wojny i podboje, nie przez to, \u017ce by\u0142 w\u0142adc\u0105, lecz przez trwanie przy Chrystusie \u2013 a\u017c do \u015bmierci.<\/p>\n<p>Stanis\u0142aw urodzi\u0142 si\u0119 ok. r. 1030 w Szczepanowie . M\u0142odzie\u0144cze lata sp\u0119dzi\u0142 prawdopodobnie w Ty\u0144cu, gdzie pobiera\u0142 nauki u benedyktyn\u00f3w. Potem studiowa\u0142 we Francji. W 1060r. przyj\u0105\u0142 \u015bwi\u0119cenia kap\u0142a\u0144skie, a 12 lat p\u00f3\u017aniej zosta\u0142 biskupem krakowskim. Pocz\u0105tkowo jego relacje z kr\u00f3lem Boles\u0142awem \u015amia\u0142ym uk\u0142ada\u0142y si\u0119 dobrze. Niestety, kr\u00f3l nie dope\u0142nia\u0142 swoich obowi\u0105zk\u00f3w \u2013 wskutek jego cz\u0119stej nieobecno\u015bci w kraju wsz\u0119dzie kwit\u0142o przestepstwo, bandytyzm i rozboje. Kiedy kr\u00f3l powr\u00f3ci\u0142 z kolejnej wyprawy wojennej i zasta\u0142 taki stan Ojczyzny, pocz\u0105\u0142 bardzo krwawo rozprawia\u0107 si\u0119 z lud\u017ami. W obronie prostego ludu stan\u0105\u0142 w\u0142a\u015bnie biskup Stanis\u0142aw, prosz\u0105c, by kr\u00f3l opami\u0119ta\u0142 si\u0119. Kiedy kr\u00f3l, za\u015blepiony pych\u0105 nie pos\u0142ucha\u0142 napomnienia, biskup na\u0142o\u017cy\u0142 na\u0144 kl\u0105tw\u0119. Kr\u00f3l, z natury porywczy, niewiele si\u0119 zastanawiaj\u0105c, uda\u0142 si\u0119 wraz z rycersk\u0105 dru\u017cyn\u0105 na Ska\u0142k\u0119, do kaplicy \u015bw. Micha\u0142a, gdzie w\u0142a\u015bnie odprawia\u0142 Msz\u0119 \u015bw. biskup Stanis\u0142aw. Sam zada\u0142 \u015bmiertelne ciosy biskupowi, po czym wywl\u00f3k\u0142 jego cia\u0142o przed ko\u015bci\u00f3\u0142 i rozkaza\u0142 po\u0107wiartowa\u0107.<\/p>\n<p>Stare przys\u0142owie m\u00f3wi :\u201dKto mieczem wojuje, od miecza ginie\u201d. Oto ludzie, pami\u0119taj\u0105cy, \u017ce to w\u0142a\u015bnie biskup broni\u0142 ich przed kr\u00f3lem, wygnali kr\u00f3la z Polski. Boles\u0142aw umiera w Osjaku, w Jugos\u0142awii, nie ogl\u0105daj\u0105c ziemi ojczystej.<\/p>\n<p>Ta dramatyczna historia rozegra\u0142a si\u0119 dziewi\u0119\u0107 wiek\u00f3w temu, a jednak do dzi\u015b wzbudza emocje. Przeciwnicy biskupa nazywaj\u0105 go zdrajc\u0105, bo wyst\u0105pi\u0142 przeciw kr\u00f3lowi. Zwolennicy czcz\u0105 go i szanuj\u0105, bo wyst\u0105pi\u0142 w obronie uciskanych. Gdzie zatem le\u017cy prawda?<\/p>\n<p>Sp\u00f3jrzmy na s\u0142owa \u00a0Ewangelii:\u201dDobry pasterz oddaje \u017cycie za owce\u201d.\u00a0 \u015bw. Stanis\u0142aw\u00a0 odda\u0142\u00a0 \u017cycie w obronie swego ludu.<\/p>\n<p>\u015aw. biskup Stanis\u0142aw uczy nas, pr\u00f3cz mi\u0142o\u015bci do Boga i ludzi, jeszcze jednej, bardzo wa\u017cnej cechy: umi\u0142owania prawdy. I to tak wielkiego umi\u0142owania, \u017ce got\u00f3w jest za t\u0119 prawd\u0119 odda\u0107 \u017cycie. A co w nas jest z tej mi\u0142o\u015bci do prawdy?<\/p>\n<p>Niejednokrotnie s\u0142yszymy: \u201eDla mnie to i diabe\u0142 mo\u017ce rz\u0105dzi\u0107, aby mi by\u0142o dobrze\u201d. Gdyby biskup Stanis\u0142aw my\u015bla\u0142 w ten spos\u00f3b, to pewnie uratowa\u0142by swoje \u017cycie \u2013 na tym \u015bwiecie. Ale jak os\u0105dzi\u0142by go B\u00f3g?<\/p>\n<p>\u015awi\u0119ty biskup Stanis\u0142aw odda\u0142 \u017cycie za prawd\u0119, jego wielcy nast\u0119pcy r\u00f3wnie\u017c.<\/p>\n<p>Czy nauczyli\u015bmy si\u0119 czegokolwiek od tych wielkich przewodnik\u00f3w wiary? Czy przypadkiem nie my\u015blimy, \u017ce byli to dziwacy, szale\u0144cy, kt\u00f3rzy zamiast \u017cy\u0107 spokojnie wdawali si\u0119 w niepotrzebne konflikty?<\/p>\n<p>Wpatrujmy si\u0119 w posta\u0107 biskupa Stanis\u0142awa, patrzmy na jego wielkich nast\u0119pc\u00f3w i na\u015bladowc\u00f3w. I uczmy si\u0119, \u017ce tak naprawd\u0119 w \u017cyciu liczy si\u0119 tylko to, komu s\u0142u\u017cymy \u2013 prawdzie czy k\u0142amstwu, Bogu czy szatanowi? I b\u0105d\u017amy pewni pewno\u015bci\u0105 naszej wiary, \u017ce tylko s\u0142u\u017cba prawdzie mo\u017ce da\u0107 nam wieczne zbawienie. Amen.<\/p>\n<p>Ks. Adam \u0141ach<\/p>\n","protected":false},"excerpt":{"rendered":"<p>Stare ksi\u0119gi podaj\u0105, \u017ce imi\u0119 Stanis\u0142aw pochodzi od s\u0142\u00f3w :\u201dsta\u0107 si\u0119 s\u0142awnym\u201d. Jak\u017ce bardzo pasuje to imi\u0119 do patrona dnia dzisiejszego, kt\u00f3ry s\u0142aw\u0119 sw\u0105 zdoby\u0142 nie przez wojny i podboje, nie przez to, \u017ce by\u0142 w\u0142adc\u0105, lecz przez trwanie przy Chrystusie \u2013 a\u017c do \u015bmierci. Stanis\u0142aw urodzi\u0142 si\u0119 ok. r. 1030 w Szczepanowie . M\u0142odzie\u0144cze lata sp\u0119dzi\u0142 prawdopodobnie w Ty\u0144cu, gdzie pobiera\u0142 nauki u benedyktyn\u00f3w. Potem studiowa\u0142 we Francji. W 1060r. przyj\u0105\u0142 \u015bwi\u0119cenia kap\u0142a\u0144skie, a 12 lat p\u00f3\u017aniej zosta\u0142 biskupem krakowskim. Pocz\u0105tkowo jego relacje z kr\u00f3lem Boles\u0142awem \u015amia\u0142ym uk\u0142ada\u0142y si\u0119 dobrze. Niestety, kr\u00f3l nie dope\u0142nia\u0142 swoich obowi\u0105zk\u00f3w \u2013 wskutek jego cz\u0119stej nieobecno\u015bci w kraju wsz\u0119dzie kwit\u0142o przestepstwo, bandytyzm i rozboje. Kiedy kr\u00f3l powr\u00f3ci\u0142 z kolejnej wyprawy wojennej i zasta\u0142 taki stan Ojczyzny, pocz\u0105\u0142 bardzo krwawo rozprawia\u0107 si\u0119 z lud\u017ami. W obronie prostego ludu stan\u0105\u0142 w\u0142a\u015bnie biskup Stanis\u0142aw, prosz\u0105c, by kr\u00f3l opami\u0119ta\u0142 si\u0119. Kiedy kr\u00f3l, za\u015blepiony pych\u0105 nie pos\u0142ucha\u0142 napomnienia, biskup&hellip;<\/p>\n<p> <a class=\"more-link\" href=\"http:\/\/www.franciszek-walcz.pl\/?p=3658\">Czytaj dalej<\/a><\/p>\n","protected":false},"author":1,"featured_media":0,"comment_status":"closed","ping_status":"open","sticky":false,"template":"","format":"standard","meta":{"footnotes":""},"categories":[5],"tags":[],"class_list":{"0":"post-3658","1":"post","2":"type-post","3":"status-publish","4":"format-standard","6":"category-artykuly"},"brizy_media":[],"_links":{"self":[{"href":"http:\/\/www.franciszek-walcz.pl\/index.php?rest_route=\/wp\/v2\/posts\/3658","targetHints":{"allow":["GET"]}}],"collection":[{"href":"http:\/\/www.franciszek-walcz.pl\/index.php?rest_route=\/wp\/v2\/posts"}],"about":[{"href":"http:\/\/www.franciszek-walcz.pl\/index.php?rest_route=\/wp\/v2\/types\/post"}],"author":[{"embeddable":true,"href":"http:\/\/www.franciszek-walcz.pl\/index.php?rest_route=\/wp\/v2\/users\/1"}],"replies":[{"embeddable":true,"href":"http:\/\/www.franciszek-walcz.pl\/index.php?rest_route=%2Fwp%2Fv2%2Fcomments&post=3658"}],"version-history":[{"count":1,"href":"http:\/\/www.franciszek-walcz.pl\/index.php?rest_route=\/wp\/v2\/posts\/3658\/revisions"}],"predecessor-version":[{"id":3659,"href":"http:\/\/www.franciszek-walcz.pl\/index.php?rest_route=\/wp\/v2\/posts\/3658\/revisions\/3659"}],"wp:attachment":[{"href":"http:\/\/www.franciszek-walcz.pl\/index.php?rest_route=%2Fwp%2Fv2%2Fmedia&parent=3658"}],"wp:term":[{"taxonomy":"category","embeddable":true,"href":"http:\/\/www.franciszek-walcz.pl\/index.php?rest_route=%2Fwp%2Fv2%2Fcategories&post=3658"},{"taxonomy":"post_tag","embeddable":true,"href":"http:\/\/www.franciszek-walcz.pl\/index.php?rest_route=%2Fwp%2Fv2%2Ftags&post=3658"}],"curies":[{"name":"wp","href":"https:\/\/api.w.org\/{rel}","templated":true}]}}