{"id":3663,"date":"2019-05-11T12:36:34","date_gmt":"2019-05-11T10:36:34","guid":{"rendered":"http:\/\/www.franciszek-walcz.pl\/?p=3663"},"modified":"2019-05-11T12:37:44","modified_gmt":"2019-05-11T10:37:44","slug":"moje-owce-sluchaja-mojego-glosu","status":"publish","type":"post","link":"http:\/\/www.franciszek-walcz.pl\/?p=3663","title":{"rendered":"Moje owce s\u0142uchaj\u0105 mojego g\u0142osu"},"content":{"rendered":"<p>&#8222;<em>Moje owce s\u0142uchaj\u0105 mojego g\u0142osu, a Ja znam je. Id\u0105 one za mn\u0105 i Ja daj\u0119 im \u017cycie wieczne. Nie zgin\u0105 one na wieki &#8230;<\/em>&#8221; Te s\u0142owa \u00a0Ewangelii nale\u017cy czyta\u0107 w po\u0142\u0105czeniu ze s\u0142owami z drugiego czytania, z Apokalipsy \u015bw. Jana: &#8222;<em>Ujrza\u0142em wielki t\u0142um &#8230; stoj\u0105cy przed tronem i przed Barankiem. A Siedz\u0105cy na tronie rozci\u0105gnie nad nimi namiot. I nie b\u0119d\u0105 ju\u017c \u0142akn\u0105\u0107 ani pragn\u0105\u0107, a Baranek, kt\u00f3ry jest po\u015brodku tronu poprowadzi ich do \u017ar\u00f3de\u0142 w\u00f3d \u017cycia &#8230;<\/em>&#8221;<\/p>\n<p>\u00d3w wielki t\u0142um, stoj\u0105cy przed tronem, to owce, kt\u00f3re s\u0142uchaj\u0105 g\u0142osu swego pasterza, to ci, kt\u00f3rzy id\u0105 za Nim i za kt\u00f3rych on po\u0142o\u017cy\u0142 swoje \u017cycie. To w ko\u0144cu ci, kt\u00f3rzy \u017cyj\u0105 na wieki, bo pos\u0142uchali g\u0142osu Dobrego Pasterza.<\/p>\n<p>Obrazowy przekaz \u00a0Liturgii S\u0142owa powinien jednak znale\u017a\u0107 bardzo konkretne zastosowanie w moim chrze\u015bcija\u0144skim \u017cyciu. Kilka pyta\u0144 nasuwa si\u0119 spontanicznie:<\/p>\n<p>&#8211; czy ja rzeczywi\u015bcie s\u0142ucham g\u0142osu mojego Pasterza?,<\/p>\n<p>&#8211; kto -tak naprawd\u0119- jest moim pasterzem?,<\/p>\n<p>&#8211; kogo s\u0142ucham i za kim id\u0119?,<\/p>\n<p>&#8211; czy aby przypadkiem nie s\u0142ucham tych, kt\u00f3rzy wi\u0119cej obiecuj\u0105, mniej wymagaj\u0105 lub \u0142adniej m\u00f3wi\u0105?,<\/p>\n<p>&#8211; czy znam mojego Pasterza i Mistrza, czy raczej tylko &#8222;pobie\u017cnie i od wielkiego dzwonu&#8221;?,<\/p>\n<p>&#8211; czy nie nale\u017c\u0119 raczej do grupy tych, kt\u00f3rzy &#8222;odrzucili S\u0142owo Bo\u017ce&#8221;, bo by\u0142o ono niewygodne i zbyt wymagaj\u0105ce (jak \u017bydzi z dzisiejszego pierwszego czytania Dz 13,46),<\/p>\n<p>&#8211; czy nie przestraszy\u0142em si\u0119 faktu, \u017ce wymagania Chrystusa mia\u0142yby dla mnie zbyt daleko id\u0105ce konsekwencje i musia\u0142bym zrezygnowa\u0107 z niekt\u00f3rych na\u0142og\u00f3w, grzech\u00f3w i zwyk\u0142ych \u015bwi\u0144stw?,<\/p>\n<p>&#8211; czy opowiedzenie si\u0119 radykalne po stronie Chrystusa nie by\u0142oby dla mnie r\u00f3wnoznaczne z radykalnym opowiedzeniem si\u0119 przeciwko &#8222;pasterzom i mistrzom tego \u015bwiata&#8221;? A to czasami drogo kosztuje.<\/p>\n<p>Takich pyta\u0144 mo\u017cna by mno\u017cy\u0107 i ka\u017cdy z nas mo\u017ce ich sobie postawi\u0107 znacznie wi\u0119cej. Wa\u017cniejsze jednak od postawionych pyta\u0144 jest szczere i uczciwe poszukiwanie odpowiedzi. A te, nie zawsze s\u0105 dla mnie wygodne. Bo trzeba by by\u0142o czasami przesta\u0107 by\u0107 ugodowym konformist\u0105, bo trzeba by czasami umie\u0107 powiedzie\u0107 g\u0142o\u015bno i stanowczo: <em>Nie zgadzam si\u0119, to jest nieuczciwe!<\/em> Bo by\u0107 z Chrystusem to bardzo cz\u0119sto znaczy, by\u0107 <em>pod pr\u0105d i przeciwko<\/em> t\u0142umom i uznanym, ale papierowym autorytetom. Czy jednak dla wyg\u00f3d \u017cycia doczesnego nie wykluczam sam siebie z \u017cycia wiecznego?<\/p>\n<p>No i &#8230; jak\u017ce cz\u0119sto to moje s\u0142uchanie g\u0142osu Pasterza jest tylko pobie\u017cne, powierzchowne i nijakie? Jak\u017ce cz\u0119sto daj\u0119 jedynie, \u017ce s\u0142ucham a w rzeczywisto\u015bci nie s\u0142ucham, albo tylko jednym uchem i bez uwagi, bez przywi\u0105zywania wag do tego, co Pasterz m\u00f3wi? Jak\u017ce cz\u0119sto sobie ten g\u0142os najzwyczajniej lekcewa\u017c\u0119?<\/p>\n<p>Czyjego g\u0142osu ja s\u0142ucham?<\/p>\n<p>KOGO JA S\u0141UCHAM?<\/p>\n<p>Za kim lub za czym id\u0119?<\/p>\n","protected":false},"excerpt":{"rendered":"<p>&#8222;Moje owce s\u0142uchaj\u0105 mojego g\u0142osu, a Ja znam je. Id\u0105 one za mn\u0105 i Ja daj\u0119 im \u017cycie wieczne. Nie zgin\u0105 one na wieki &#8230;&#8221; Te s\u0142owa \u00a0Ewangelii nale\u017cy czyta\u0107 w po\u0142\u0105czeniu ze s\u0142owami z drugiego czytania, z Apokalipsy \u015bw. Jana: &#8222;Ujrza\u0142em wielki t\u0142um &#8230; stoj\u0105cy przed tronem i przed Barankiem. A Siedz\u0105cy na tronie rozci\u0105gnie nad nimi namiot. I nie b\u0119d\u0105 ju\u017c \u0142akn\u0105\u0107 ani pragn\u0105\u0107, a Baranek, kt\u00f3ry jest po\u015brodku tronu poprowadzi ich do \u017ar\u00f3de\u0142 w\u00f3d \u017cycia &#8230;&#8221; \u00d3w wielki t\u0142um, stoj\u0105cy przed tronem, to owce, kt\u00f3re s\u0142uchaj\u0105 g\u0142osu swego pasterza, to ci, kt\u00f3rzy id\u0105 za Nim i za kt\u00f3rych on po\u0142o\u017cy\u0142 swoje \u017cycie. To w ko\u0144cu ci, kt\u00f3rzy \u017cyj\u0105 na wieki, bo pos\u0142uchali g\u0142osu Dobrego Pasterza. Obrazowy przekaz \u00a0Liturgii S\u0142owa powinien jednak znale\u017a\u0107 bardzo konkretne zastosowanie w moim chrze\u015bcija\u0144skim \u017cyciu. Kilka pyta\u0144 nasuwa si\u0119 spontanicznie: &#8211; czy ja rzeczywi\u015bcie s\u0142ucham g\u0142osu mojego Pasterza?, &#8211; kto -tak naprawd\u0119- jest&hellip;<\/p>\n<p> <a class=\"more-link\" href=\"http:\/\/www.franciszek-walcz.pl\/?p=3663\">Czytaj dalej<\/a><\/p>\n","protected":false},"author":1,"featured_media":0,"comment_status":"closed","ping_status":"open","sticky":false,"template":"","format":"standard","meta":{"footnotes":""},"categories":[5],"tags":[],"class_list":{"0":"post-3663","1":"post","2":"type-post","3":"status-publish","4":"format-standard","6":"category-artykuly"},"brizy_media":[],"_links":{"self":[{"href":"http:\/\/www.franciszek-walcz.pl\/index.php?rest_route=\/wp\/v2\/posts\/3663","targetHints":{"allow":["GET"]}}],"collection":[{"href":"http:\/\/www.franciszek-walcz.pl\/index.php?rest_route=\/wp\/v2\/posts"}],"about":[{"href":"http:\/\/www.franciszek-walcz.pl\/index.php?rest_route=\/wp\/v2\/types\/post"}],"author":[{"embeddable":true,"href":"http:\/\/www.franciszek-walcz.pl\/index.php?rest_route=\/wp\/v2\/users\/1"}],"replies":[{"embeddable":true,"href":"http:\/\/www.franciszek-walcz.pl\/index.php?rest_route=%2Fwp%2Fv2%2Fcomments&post=3663"}],"version-history":[{"count":1,"href":"http:\/\/www.franciszek-walcz.pl\/index.php?rest_route=\/wp\/v2\/posts\/3663\/revisions"}],"predecessor-version":[{"id":3664,"href":"http:\/\/www.franciszek-walcz.pl\/index.php?rest_route=\/wp\/v2\/posts\/3663\/revisions\/3664"}],"wp:attachment":[{"href":"http:\/\/www.franciszek-walcz.pl\/index.php?rest_route=%2Fwp%2Fv2%2Fmedia&parent=3663"}],"wp:term":[{"taxonomy":"category","embeddable":true,"href":"http:\/\/www.franciszek-walcz.pl\/index.php?rest_route=%2Fwp%2Fv2%2Fcategories&post=3663"},{"taxonomy":"post_tag","embeddable":true,"href":"http:\/\/www.franciszek-walcz.pl\/index.php?rest_route=%2Fwp%2Fv2%2Ftags&post=3663"}],"curies":[{"name":"wp","href":"https:\/\/api.w.org\/{rel}","templated":true}]}}