{"id":3887,"date":"2019-06-19T20:06:21","date_gmt":"2019-06-19T18:06:21","guid":{"rendered":"http:\/\/www.franciszek-walcz.pl\/?p=3887"},"modified":"2019-06-19T20:06:50","modified_gmt":"2019-06-19T18:06:50","slug":"chrystus-zaprasza-na-uczte","status":"publish","type":"post","link":"http:\/\/www.franciszek-walcz.pl\/?p=3887","title":{"rendered":"Chrystus zaprasza na uczt\u0119"},"content":{"rendered":"<p>Cudowne rozmno\u017cenie chleba \u00a0jest symbolem Eucharystii, w kt\u00f3rej Chrystus daje nam swoje Cia\u0142o Krew.<\/p>\n<p>Okr\u0105g\u0142e, pi\u0119kne zdanie &#8230; Co jednak znaczy ono dla nas, chrze\u015bcijan? Uczestniczymy w dniu dzisiejszym w uroczystych procesjach, czcimy Naj\u015bwi\u0119tszy Sakrament, \u015bpiewamy pi\u0119kne Eucharystyczne pie\u015bni &#8230; i co? Chrystus nie chce by\u0107 &#8222;obnoszony po ulicach&#8221;, Chrystus nie chce mieszka\u0107 w z\u0142oconych tabernakulach, przebywa\u0107 samotnie w najpi\u0119kniejszych ko\u015bcio\u0142ach. On chce mieszka\u0107 w naszych sercach, On chce by\u0107 naszym codziennym pokarmem, On chce by\u0107 w nas i dla nas, chce aby\u015bmy Go przyjmowali, aby\u015bmy wed\u0142ug Niego kszta\u0142towali nasze \u017cycie, aby\u015bmy Go czcili w naszych sercach i naszymi uczynkami, aby\u015bmy Go mi\u0142owali mi\u0142uj\u0105c bli\u017aniego. Zewn\u0119trzne procesje i nabo\u017ce\u0144stwa mog\u0105 i powinny by\u0107 tylko wyrazem naszej wewn\u0119trznej wiary i naszej za\u017cy\u0142ej blisko\u015bci z Bogiem, Kt\u00f3ry daje si\u0119 na pokarm. Inaczej s\u0105 pustym tradycjonalizmem, rutyn\u0105, nic nie znacz\u0105c\u0105 ceremoni\u0105. Jezus Chrystus, Syn Bo\u017cy chce by\u0107 naszym pokarmem i towarzyszem \u017cycia, naszym Nauczycielem i Mistrzem, wzorcem i punktem odniesienia, chce by\u0107 Bogiem \u017bywym i obecnym w naszym codziennym \u017cyciu, a nie bo\u017ckiem i idolem.<\/p>\n<p>Mo\u017ce wi\u0119c warto zada\u0107 sobie pytanie: &#8222;Po co id\u0119 na procesj\u0119? Czy jest to zewn\u0119trzny wyraz mojej g\u0142\u0119bokiej wiary? Czy mo\u017ce tylko ch\u0119\u0107 pokazania si\u0119? Czy \u017cyj\u0119 tym, w co wierz\u0119 i co zewn\u0119trznie wydaj\u0119 si\u0119 pokazywa\u0107?&#8221;<\/p>\n<p>&nbsp;<\/p>\n<p><strong>Jezu &#8211; Chlebie \u017bycia, odmie\u0144 nasze \u017cycie codzienne,<\/strong><br \/>\n<strong>aby\u015bmy byli Twoimi \u015bwiadkami<\/strong><br \/>\n<strong>nie tylko przez procesje i uroczyste ceremonie,<\/strong><br \/>\n<strong>ale aby\u015bmy \u015bwiadczyli o Tobie<\/strong><br \/>\n<strong>przede wszystkim naszym dobrym, uczciwym \u017cyciem.<\/strong><\/p>\n","protected":false},"excerpt":{"rendered":"<p>Cudowne rozmno\u017cenie chleba \u00a0jest symbolem Eucharystii, w kt\u00f3rej Chrystus daje nam swoje Cia\u0142o Krew. Okr\u0105g\u0142e, pi\u0119kne zdanie &#8230; Co jednak znaczy ono dla nas, chrze\u015bcijan? Uczestniczymy w dniu dzisiejszym w uroczystych procesjach, czcimy Naj\u015bwi\u0119tszy Sakrament, \u015bpiewamy pi\u0119kne Eucharystyczne pie\u015bni &#8230; i co? Chrystus nie chce by\u0107 &#8222;obnoszony po ulicach&#8221;, Chrystus nie chce mieszka\u0107 w z\u0142oconych tabernakulach, przebywa\u0107 samotnie w najpi\u0119kniejszych ko\u015bcio\u0142ach. On chce mieszka\u0107 w naszych sercach, On chce by\u0107 naszym codziennym pokarmem, On chce by\u0107 w nas i dla nas, chce aby\u015bmy Go przyjmowali, aby\u015bmy wed\u0142ug Niego kszta\u0142towali nasze \u017cycie, aby\u015bmy Go czcili w naszych sercach i naszymi uczynkami, aby\u015bmy Go mi\u0142owali mi\u0142uj\u0105c bli\u017aniego. Zewn\u0119trzne procesje i nabo\u017ce\u0144stwa mog\u0105 i powinny by\u0107 tylko wyrazem naszej wewn\u0119trznej wiary i naszej za\u017cy\u0142ej blisko\u015bci z Bogiem, Kt\u00f3ry daje si\u0119 na pokarm. Inaczej s\u0105 pustym tradycjonalizmem, rutyn\u0105, nic nie znacz\u0105c\u0105 ceremoni\u0105. Jezus Chrystus, Syn Bo\u017cy chce by\u0107 naszym pokarmem i towarzyszem \u017cycia, naszym&hellip;<\/p>\n<p> <a class=\"more-link\" href=\"http:\/\/www.franciszek-walcz.pl\/?p=3887\">Czytaj dalej<\/a><\/p>\n","protected":false},"author":1,"featured_media":0,"comment_status":"closed","ping_status":"open","sticky":false,"template":"","format":"standard","meta":{"footnotes":""},"categories":[5],"tags":[],"class_list":{"0":"post-3887","1":"post","2":"type-post","3":"status-publish","4":"format-standard","6":"category-artykuly"},"brizy_media":[],"_links":{"self":[{"href":"http:\/\/www.franciszek-walcz.pl\/index.php?rest_route=\/wp\/v2\/posts\/3887","targetHints":{"allow":["GET"]}}],"collection":[{"href":"http:\/\/www.franciszek-walcz.pl\/index.php?rest_route=\/wp\/v2\/posts"}],"about":[{"href":"http:\/\/www.franciszek-walcz.pl\/index.php?rest_route=\/wp\/v2\/types\/post"}],"author":[{"embeddable":true,"href":"http:\/\/www.franciszek-walcz.pl\/index.php?rest_route=\/wp\/v2\/users\/1"}],"replies":[{"embeddable":true,"href":"http:\/\/www.franciszek-walcz.pl\/index.php?rest_route=%2Fwp%2Fv2%2Fcomments&post=3887"}],"version-history":[{"count":1,"href":"http:\/\/www.franciszek-walcz.pl\/index.php?rest_route=\/wp\/v2\/posts\/3887\/revisions"}],"predecessor-version":[{"id":3888,"href":"http:\/\/www.franciszek-walcz.pl\/index.php?rest_route=\/wp\/v2\/posts\/3887\/revisions\/3888"}],"wp:attachment":[{"href":"http:\/\/www.franciszek-walcz.pl\/index.php?rest_route=%2Fwp%2Fv2%2Fmedia&parent=3887"}],"wp:term":[{"taxonomy":"category","embeddable":true,"href":"http:\/\/www.franciszek-walcz.pl\/index.php?rest_route=%2Fwp%2Fv2%2Fcategories&post=3887"},{"taxonomy":"post_tag","embeddable":true,"href":"http:\/\/www.franciszek-walcz.pl\/index.php?rest_route=%2Fwp%2Fv2%2Ftags&post=3887"}],"curies":[{"name":"wp","href":"https:\/\/api.w.org\/{rel}","templated":true}]}}