{"id":4015,"date":"2019-06-29T16:50:25","date_gmt":"2019-06-29T14:50:25","guid":{"rendered":"http:\/\/www.franciszek-walcz.pl\/?p=4015"},"modified":"2019-06-29T16:50:59","modified_gmt":"2019-06-29T14:50:59","slug":"chrystusowa-wolnosc","status":"publish","type":"post","link":"http:\/\/www.franciszek-walcz.pl\/?p=4015","title":{"rendered":"Chrystusowa Wolno\u015b\u0107"},"content":{"rendered":"<p>Rozpocz\u0119\u0142y si\u0119 urlopy \u2013\u00a0 czas wypoczynku po ca\u0142orocznym \u00a0wysi\u0142ku. W tym czasie duszpasterze przypominaj\u0105 , \u017ce \u201eod Pana Boga nie ma wakacji\u201d podkre\u015blaj\u0105c, \u017ce w \u017cyciu duchowym, w chrze\u015bcija\u0144skim wzrastaniu potrzebna jest kontynuacja. Zewn\u0119trznym znakiem religijnej ci\u0105g\u0142o\u015bci jest systematyczne, tak\u017ce w wolnym czasie,praktykowanie swojej wiary poprzez modlitw\u0119, s\u0142uchanie S\u0142owa Bo\u017cego, obecno\u015b\u0107 i uczestnictwo w niedzielnej Mszy \u015awi\u0119tej .<\/p>\n<p>Warto si\u0119 zastanowi\u0107, dlaczego tak wa\u017cne jest by nie zaniedba\u0107 swojego religijnego rozwoju.<\/p>\n<p>Przyjrzyjmy si\u0119 pewnej kontynuacji, kt\u00f3r\u0105 stawia przed nami fragment z Pierwszej Ksi\u0119gi Kr\u00f3lewskiej. Eliasz otrzymuje od Boga zadanie, aby nama\u015bci\u0142\u00a0 Elizeusza, kt\u00f3ry b\u0119dzie prorokiem po Eliaszu.<\/p>\n<p>Elizeusz, \u00a0by\u0142 niezwyk\u0142ym prorokiem , \u00a0\u017cy\u0142 i dzia\u0142a\u0142 w si\u00f3dmym stuleciu p.n.e.<\/p>\n<p>Elizeusz pod\u0105\u017cy\u0142 za Eliaszem, z przerw\u0105 wy\u0142\u0105cznie na pozbycie si\u0119 tego, co mia\u0142 w posiadaniu. Elizeusz zostawi\u0142 wszystko i poszed\u0142 za Eliaszem. Opu\u015bci\u0142 rodzin\u0119, przyjaci\u00f3\u0142 i dotychczasowe \u017cycie. Elizeusz zosta\u0142 powo\u0142any do duchowego przyw\u00f3dztwa nad Izraelem i wraz z wyborem, jego odpowiedzi\u0105 na to zdarzenie jest radykalna zmiana w \u017cyciu.<\/p>\n<p>B\u00f3g powo\u0142uje ludzi do ma\u0142\u017ce\u0144stwa. Od dnia \u015blubu oni ju\u017c nie s\u0105 tymi samymi lud\u017ami, stanowi\u0105 \u201ejedno cia\u0142o\u201d. Ta fizyczna i duchowa komunia mi\u0119dzy ma\u0142\u017conkami domaga si\u0119 zmiany dotychczasowego \u017cycia, by wsp\u00f3lnie tworzy\u0107 ma\u0142\u017ce\u0144sk\u0105 i rodzinn\u0105 przysz\u0142o\u015b\u0107. Nie bez powodu w\u0142a\u015bnie w takiej chwili otrzymuj\u0105 b\u0142ogos\u0142awie\u0144stwo swoich rodzic\u00f3w, by potem w czasie sakramentu otrzyma\u0107 B\u0142ogos\u0142awie\u0144stwo Boga.<\/p>\n<p>Podobnie jest z powo\u0142aniem do kap\u0142a\u0144stwa czy \u017cycia zakonnego: to decyzja, zmiana i b\u0142ogos\u0142awie\u0144stwo.<br \/>\nWr\u00f3\u0107my do kontynuacji. Gdybym teraz postawi\u0142 kropk\u0119 i powiedzia\u0142, \u017ce to koniec, czego\u015b by zabrak\u0142o.<\/p>\n<p>Mo\u017cna zatem zapyta\u0107: dlaczego nieraz w \u017cyciu os\u00f3b powo\u0142anych do ma\u0142\u017ce\u0144stwa, kap\u0142a\u0144stwa, \u017cycia zakonnego, pomimo, \u017ce dokona\u0142 si\u0119 wyb\u00f3r, nast\u0105pi\u0142a zmiana, by\u0142o b\u0142ogos\u0142awie\u0144stwo, zabrak\u0142o kontynuacji? Czasem takie \u017cycie przerywa \u015bmier\u0107 i z woli Bo\u017cej jeste\u015bmy pozbawieni mo\u017cliwo\u015bci kontynuacji. Czasem jest to jednak jaki\u015b wyb\u00f3r.<\/p>\n<p>Przypatrzmy si\u0119 co nam dzi\u015b podpowiada \u015bw. Pawe\u0142: \u201eKu wolno\u015bci wyswobodzi\u0142 nas Chrystus. A zatem trwajcie w niej\u201d.<\/p>\n<p>Ka\u017cdy wyb\u00f3r, je\u015bli ma by\u0107 w pe\u0142ni ludzkim wyborem, domaga si\u0119 przestrzeni wolno\u015bci. Niemal ka\u017cdy cz\u0142owiek intuicyjnie wie i odczuwa co to znaczy by\u0107 wolnym.<\/p>\n<p>I zn\u00f3w, ludzkie do\u015bwiadczenie w naszych indywidualnych prze\u017cyciach pokazuje, kiedy i jakie czynniki s\u0105 w stanie skutecznie zniewoli\u0107 i zniweczy\u0107 najpi\u0119kniejsze plany i \u017cyciowe drogi.<\/p>\n<p>Przypomnijmy sobie \u00a0s\u0142owa \u015bw. Paw\u0142a: \u201eKu wolno\u015bci wyswobodzi\u0142 nas Chrystus\u201d. Nasz ludzki wysi\u0142ek, je\u017celi go podejmujemy, znajduje swoje \u017ar\u00f3d\u0142o w Zbawicielu.<br \/>\nW dzisiejszej Ewangelii Jezus \u00a0udziela lekcji wolno\u015bci: idzie swoj\u0105 drog\u0105, zmierza do Jerozolimy a wobec niego\u015bcinno\u015bci ludzi i gniewu jego uczni\u00f3w, zabrania im sprowadzenia z\u0142a, uwalnia ich od tych z\u0142ych emocji, a w konsekwencji od z\u0142ych czyn\u00f3w.<\/p>\n<p>I spotyka innych ludzi, kt\u00f3rzy deklaruj\u0105, \u017ce chc\u0105 i\u015b\u0107 za nim. Chc\u0105, ale nie potrafi\u0105 podj\u0105\u0107 decyzji, przeszkadzaj\u0105 im inne, zwyczajne okoliczno\u015bci.<\/p>\n<p>Tak\u017ce i dzisiaj ludzie si\u0119 usprawiedliwiaj\u0105, podobnie jak bohaterowie spotkania z Jezusem.<\/p>\n<p>I jeszcze jedna odpowied\u017a Jezusa: \u201eKtokolwiek przyk\u0142ada r\u0119k\u0119 do p\u0142uga, a wstecz si\u0119 ogl\u0105da, nie nadaje si\u0119 do kr\u00f3lestwa Bo\u017cego\u201d. To bardzo radykalna odpowied\u017a i wskaz\u00f3wka.<\/p>\n<p>Rolnik wie do czego prowadzi \u201eszarpana\u201d i bez\u0142adna orka i je\u017celi jest dobrym rolnikiem, to umie nie tylko dobrze zaora\u0107 pole, ale tak\u017ce o nie zadba\u0107 by da\u0142a mu owoce. Pozw\u00f3lmy Jezusowi przy\u0142o\u017cy\u0107 p\u0142ug Jego Mi\u0142osierdzia do naszego \u017cycia, by Jego Moc\u0105 i naszym wolnym codziennym potwierdzaniem, \u017ce On jest dla nas najwa\u017cniejszy, nie obraca\u0107 si\u0119 ze wstydem wstecz. \u00a0Tak\u017ce w wakacje B\u00f3g chce nam pokazywa\u0107 drogi wolno\u015bci i chce si\u0119 z nami wybra\u0107 wsz\u0119dzie tam gdzie b\u0119dziemy przebywa\u0107 \u00a0i odpoczywa\u0107.<\/p>\n<p><strong>\u00a0Ks. Tomasz Chudy SDS<\/strong><\/p>\n","protected":false},"excerpt":{"rendered":"<p>Rozpocz\u0119\u0142y si\u0119 urlopy \u2013\u00a0 czas wypoczynku po ca\u0142orocznym \u00a0wysi\u0142ku. W tym czasie duszpasterze przypominaj\u0105 , \u017ce \u201eod Pana Boga nie ma wakacji\u201d podkre\u015blaj\u0105c, \u017ce w \u017cyciu duchowym, w chrze\u015bcija\u0144skim wzrastaniu potrzebna jest kontynuacja. Zewn\u0119trznym znakiem religijnej ci\u0105g\u0142o\u015bci jest systematyczne, tak\u017ce w wolnym czasie,praktykowanie swojej wiary poprzez modlitw\u0119, s\u0142uchanie S\u0142owa Bo\u017cego, obecno\u015b\u0107 i uczestnictwo w niedzielnej Mszy \u015awi\u0119tej . Warto si\u0119 zastanowi\u0107, dlaczego tak wa\u017cne jest by nie zaniedba\u0107 swojego religijnego rozwoju. Przyjrzyjmy si\u0119 pewnej kontynuacji, kt\u00f3r\u0105 stawia przed nami fragment z Pierwszej Ksi\u0119gi Kr\u00f3lewskiej. Eliasz otrzymuje od Boga zadanie, aby nama\u015bci\u0142\u00a0 Elizeusza, kt\u00f3ry b\u0119dzie prorokiem po Eliaszu. Elizeusz, \u00a0by\u0142 niezwyk\u0142ym prorokiem , \u00a0\u017cy\u0142 i dzia\u0142a\u0142 w si\u00f3dmym stuleciu p.n.e. Elizeusz pod\u0105\u017cy\u0142 za Eliaszem, z przerw\u0105 wy\u0142\u0105cznie na pozbycie si\u0119 tego, co mia\u0142 w posiadaniu. Elizeusz zostawi\u0142 wszystko i poszed\u0142 za Eliaszem. Opu\u015bci\u0142 rodzin\u0119, przyjaci\u00f3\u0142 i dotychczasowe \u017cycie. Elizeusz zosta\u0142 powo\u0142any do duchowego przyw\u00f3dztwa nad Izraelem i wraz z wyborem, jego&hellip;<\/p>\n<p> <a class=\"more-link\" href=\"http:\/\/www.franciszek-walcz.pl\/?p=4015\">Czytaj dalej<\/a><\/p>\n","protected":false},"author":1,"featured_media":0,"comment_status":"closed","ping_status":"open","sticky":false,"template":"","format":"standard","meta":{"footnotes":""},"categories":[5],"tags":[],"class_list":{"0":"post-4015","1":"post","2":"type-post","3":"status-publish","4":"format-standard","6":"category-artykuly"},"brizy_media":[],"_links":{"self":[{"href":"http:\/\/www.franciszek-walcz.pl\/index.php?rest_route=\/wp\/v2\/posts\/4015","targetHints":{"allow":["GET"]}}],"collection":[{"href":"http:\/\/www.franciszek-walcz.pl\/index.php?rest_route=\/wp\/v2\/posts"}],"about":[{"href":"http:\/\/www.franciszek-walcz.pl\/index.php?rest_route=\/wp\/v2\/types\/post"}],"author":[{"embeddable":true,"href":"http:\/\/www.franciszek-walcz.pl\/index.php?rest_route=\/wp\/v2\/users\/1"}],"replies":[{"embeddable":true,"href":"http:\/\/www.franciszek-walcz.pl\/index.php?rest_route=%2Fwp%2Fv2%2Fcomments&post=4015"}],"version-history":[{"count":1,"href":"http:\/\/www.franciszek-walcz.pl\/index.php?rest_route=\/wp\/v2\/posts\/4015\/revisions"}],"predecessor-version":[{"id":4016,"href":"http:\/\/www.franciszek-walcz.pl\/index.php?rest_route=\/wp\/v2\/posts\/4015\/revisions\/4016"}],"wp:attachment":[{"href":"http:\/\/www.franciszek-walcz.pl\/index.php?rest_route=%2Fwp%2Fv2%2Fmedia&parent=4015"}],"wp:term":[{"taxonomy":"category","embeddable":true,"href":"http:\/\/www.franciszek-walcz.pl\/index.php?rest_route=%2Fwp%2Fv2%2Fcategories&post=4015"},{"taxonomy":"post_tag","embeddable":true,"href":"http:\/\/www.franciszek-walcz.pl\/index.php?rest_route=%2Fwp%2Fv2%2Ftags&post=4015"}],"curies":[{"name":"wp","href":"https:\/\/api.w.org\/{rel}","templated":true}]}}