{"id":4077,"date":"2019-07-20T11:36:07","date_gmt":"2019-07-20T09:36:07","guid":{"rendered":"http:\/\/www.franciszek-walcz.pl\/?p=4077"},"modified":"2019-07-20T11:36:46","modified_gmt":"2019-07-20T09:36:46","slug":"jakie-sa-priorytety-w-moim-zyciu","status":"publish","type":"post","link":"http:\/\/www.franciszek-walcz.pl\/?p=4077","title":{"rendered":"Jakie s\u0105 priorytety w moim \u017cyciu?"},"content":{"rendered":"<p>\u017byjemy w czasach kiedy ustawicznie musimy okre\u015bla\u0107 sobie priorytety. Nie jeste\u015bmy w stanie zajmowa\u0107 si\u0119 wszystkim, wszystkiego \u015bledzi\u0107, o wszystkim wiedzie\u0107, mie\u0107 nad wszystkim kontrol\u0119. St\u0105d ka\u017cdy z nas musi ustawicznie wybiera\u0107 to, co dla niego wa\u017cniejsze i tym samym odpu\u015bci\u0107 sobie co\u015b innego, co wed\u0142ug niego jest mniej wa\u017cne lub w og\u00f3le niewa\u017cne.<\/p>\n<p>Ci, kt\u00f3rzy nie posiedli tej umiej\u0119tno\u015bci wybierania tego co wa\u017cniejsze i \u201eodpuszczania\u201d sobie tego co mniej wa\u017cne, szarpi\u0105 si\u0119 i \u017cyj\u0105 w ustawicznym stresie i napi\u0119ciu, a po jakim\u015b czasie po prostu \u201ep\u0119kaj\u0105\u201d i cz\u0119sto ko\u0144cz\u0105 albo objawami powa\u017cnej nerwicy, albo nawet u psycholog\u00f3w czy w zak\u0142adach psychiatrycznych. Zdarza si\u0119 (i to szczeg\u00f3lnie w spo\u0142ecze\u0144stwach bogatych), \u017ce ludzie \u017cyj\u0105cy w takim stresie wybieraj\u0105 nawet najbardziej tragiczne rozwi\u0105zanie czyli samob\u00f3jstwo.<\/p>\n<p>Dlaczego? Ano w\u0142a\u015bnie dlatego, \u017ce nie umieli ustawi\u0107 w swoim \u017cyciu w\u0142a\u015bciwej hierarchii warto\u015bci, nie umieli rozpozna\u0107 priorytet\u00f3w, chcieli zajmowa\u0107 si\u0119 wszystkim, zapominaj\u0105c o swoich ograniczonych mo\u017cliwo\u015bciach. St\u0105d tak wa\u017cna jest umiej\u0119tno\u015b\u0107 rozpoznawania tego co naprawd\u0119 wa\u017cne w \u017cyciu.<\/p>\n<p>To jest wa\u017cne tak\u017ce, a mo\u017ce szczeg\u00f3lnie wa\u017cne w \u017cyciu ucznia Chrystusowego. Mo\u017ce si\u0119 bowiem zdarzy\u0107 (i bardzo cz\u0119sto si\u0119 zdarza), \u017ce wyznawca Chrystusa jakby zapomina, co naprawd\u0119 jest wa\u017cne w jego \u017cyciu. Po\u015bwi\u0119ca tak wiele uwagi i si\u0142 na rzeczy ostatecznie niewa\u017cne i drugoplanowe, \u017ce nie starcza mu ju\u017c ani czasu, ani si\u0142y na rzeczy naprawd\u0119 wa\u017cne i istotne. \u017byje niejako w amoku doczesno\u015bci, goni\u0105c i p\u0119dz\u0105c za karier\u0105, zdobywaniem d\u00f3br materialnych, pomna\u017caniem tych d\u00f3br i u\u017cywaniem \u017cycia. Zapomina o tym, \u017ce ostatecznym celem jego \u017cycia nie jest kupno kolejnego, najnowszego modelu samochodu, czy wyjazd na najbardziej nawet egzotyczne wakacje, ale \u2026 no w\u0142a\u015bnie CO? Czy tylko zapewnienie materialnego dostatku i dobrobytu rodzinie?<\/p>\n<p>Nie mam czasu na modlitw\u0119, bo dzie\u0144 za kr\u00f3tki. Nie mam czasu na niedzieln\u0105 Msz\u0119 \u015bwi\u0119t\u0105, bo za kr\u00f3tki tydzie\u0144. Nie mam czasu na Spowied\u017a, bo tyle innych, \u201ewa\u017cnych\u201d rzeczy do zrobienia. Z bied\u0105 przypominam sobie o tym, \u017ce jestem wierz\u0105cym w okresie \u015bwi\u0105t i jakich\u015b uroczysto\u015bci religijnych w rodzinie, ale na wszystko inne NIE MA CZASU.<\/p>\n<p>\u015aw. brat Albert, malarz, artysta, powstaniec, patriota a w ko\u0144cu opiekun ubogich i odrzuconych przez spo\u0142ecze\u0144stwo powiedzia\u0142 kiedy\u015b takie bardzo pi\u0119kne zdanie:<\/p>\n<p>\u201e<em>Po co si\u0119 niepokoi\u0107?<br \/>\nB\u00f3g w nas, a my w Bogu<br \/>\na wszystko inne tak ma\u0142o istotne.<\/em>\u201d<\/p>\n<p>Czy my o tym, aby nie zapominamy?\u00a0 Czy nie jeste\u015bmy tak bardzo zaaferowani doczesno\u015bci\u0105, \u017ce nie starcza nam si\u0142 i czasu na wieczno\u015b\u0107?<\/p>\n<p>Marta i Maria, dwa skrzyd\u0142a chrze\u015bcija\u0144skiego \u017cycia, dwie strony medalu. Nie ma prawdziwego chrze\u015bcija\u0144skiego \u017cycia i prawdziwego na\u015bladowania Chrystusa bez autentycznej modlitwy. Ale nie ma te\u017c prawdziwego chrze\u015bcija\u0144stwa, autentycznego \u015bwiadectwa dawanego Chrystusowi bez czynnej mi\u0142o\u015bci, bez pracy, bez zaanga\u017cowania.<\/p>\n<p>Modlitwa bez pracy prowadzi do kwietyzmu. Praca i dzia\u0142alno\u015b\u0107 bez modlitwy prowadzi do aktywizmu i nadmiernego stawiania na siebie.<\/p>\n<p>Nie pop\u0142ynie \u0142\u00f3dka maj\u0105ca tylko jedno wios\u0142o. Nie pofrunie ptak ze z\u0142amanym jednym skrzyd\u0142em. Nie ma prawdziwego chrze\u015bcijanina i ucznia Chrystusowego bez aktywno\u015bci Marty i kontemplacji Marii. To jest znana benedykty\u0144ska maksyma \u201e<strong><em>ora et labora<\/em><\/strong>\u201d.<\/p>\n<p>Chrystus nie pot\u0119pia go\u015bcinno\u015bci i pracowito\u015bci Marty, ale upomina j\u0105, aby nie zapomnia\u0142a o czym\u015b, o czym tak \u0142atwo jest zapomnie\u0107 w \u017cyciu, aby nie zapomnia\u0142a o kontemplacji i modlitwie.<\/p>\n<p>A \u015bw. Augustyn mia\u0142 powiedzie\u0107:<\/p>\n<p>\u201e<strong>M\u00f3dl si\u0119 tak, jakby twoje zbawienie zale\u017ca\u0142o od Boga,<br \/>\nale pracuj tak, jakby twoje zbawienie zale\u017ca\u0142o od ciebie.<\/strong>\u201e<\/p>\n","protected":false},"excerpt":{"rendered":"<p>\u017byjemy w czasach kiedy ustawicznie musimy okre\u015bla\u0107 sobie priorytety. Nie jeste\u015bmy w stanie zajmowa\u0107 si\u0119 wszystkim, wszystkiego \u015bledzi\u0107, o wszystkim wiedzie\u0107, mie\u0107 nad wszystkim kontrol\u0119. St\u0105d ka\u017cdy z nas musi ustawicznie wybiera\u0107 to, co dla niego wa\u017cniejsze i tym samym odpu\u015bci\u0107 sobie co\u015b innego, co wed\u0142ug niego jest mniej wa\u017cne lub w og\u00f3le niewa\u017cne. Ci, kt\u00f3rzy nie posiedli tej umiej\u0119tno\u015bci wybierania tego co wa\u017cniejsze i \u201eodpuszczania\u201d sobie tego co mniej wa\u017cne, szarpi\u0105 si\u0119 i \u017cyj\u0105 w ustawicznym stresie i napi\u0119ciu, a po jakim\u015b czasie po prostu \u201ep\u0119kaj\u0105\u201d i cz\u0119sto ko\u0144cz\u0105 albo objawami powa\u017cnej nerwicy, albo nawet u psycholog\u00f3w czy w zak\u0142adach psychiatrycznych. Zdarza si\u0119 (i to szczeg\u00f3lnie w spo\u0142ecze\u0144stwach bogatych), \u017ce ludzie \u017cyj\u0105cy w takim stresie wybieraj\u0105 nawet najbardziej tragiczne rozwi\u0105zanie czyli samob\u00f3jstwo. Dlaczego? Ano w\u0142a\u015bnie dlatego, \u017ce nie umieli ustawi\u0107 w swoim \u017cyciu w\u0142a\u015bciwej hierarchii warto\u015bci, nie umieli rozpozna\u0107 priorytet\u00f3w, chcieli zajmowa\u0107 si\u0119 wszystkim, zapominaj\u0105c o swoich ograniczonych mo\u017cliwo\u015bciach.&hellip;<\/p>\n<p> <a class=\"more-link\" href=\"http:\/\/www.franciszek-walcz.pl\/?p=4077\">Czytaj dalej<\/a><\/p>\n","protected":false},"author":1,"featured_media":0,"comment_status":"closed","ping_status":"open","sticky":false,"template":"","format":"standard","meta":{"footnotes":""},"categories":[5],"tags":[],"class_list":{"0":"post-4077","1":"post","2":"type-post","3":"status-publish","4":"format-standard","6":"category-artykuly"},"brizy_media":[],"_links":{"self":[{"href":"http:\/\/www.franciszek-walcz.pl\/index.php?rest_route=\/wp\/v2\/posts\/4077","targetHints":{"allow":["GET"]}}],"collection":[{"href":"http:\/\/www.franciszek-walcz.pl\/index.php?rest_route=\/wp\/v2\/posts"}],"about":[{"href":"http:\/\/www.franciszek-walcz.pl\/index.php?rest_route=\/wp\/v2\/types\/post"}],"author":[{"embeddable":true,"href":"http:\/\/www.franciszek-walcz.pl\/index.php?rest_route=\/wp\/v2\/users\/1"}],"replies":[{"embeddable":true,"href":"http:\/\/www.franciszek-walcz.pl\/index.php?rest_route=%2Fwp%2Fv2%2Fcomments&post=4077"}],"version-history":[{"count":1,"href":"http:\/\/www.franciszek-walcz.pl\/index.php?rest_route=\/wp\/v2\/posts\/4077\/revisions"}],"predecessor-version":[{"id":4078,"href":"http:\/\/www.franciszek-walcz.pl\/index.php?rest_route=\/wp\/v2\/posts\/4077\/revisions\/4078"}],"wp:attachment":[{"href":"http:\/\/www.franciszek-walcz.pl\/index.php?rest_route=%2Fwp%2Fv2%2Fmedia&parent=4077"}],"wp:term":[{"taxonomy":"category","embeddable":true,"href":"http:\/\/www.franciszek-walcz.pl\/index.php?rest_route=%2Fwp%2Fv2%2Fcategories&post=4077"},{"taxonomy":"post_tag","embeddable":true,"href":"http:\/\/www.franciszek-walcz.pl\/index.php?rest_route=%2Fwp%2Fv2%2Ftags&post=4077"}],"curies":[{"name":"wp","href":"https:\/\/api.w.org\/{rel}","templated":true}]}}