{"id":4079,"date":"2019-07-20T11:38:44","date_gmt":"2019-07-20T09:38:44","guid":{"rendered":"http:\/\/www.franciszek-walcz.pl\/?p=4079"},"modified":"2019-07-20T12:43:02","modified_gmt":"2019-07-20T10:43:02","slug":"komunikat-kep","status":"publish","type":"post","link":"http:\/\/www.franciszek-walcz.pl\/?p=4079","title":{"rendered":"Komunikat KEP"},"content":{"rendered":"<p><strong>Komunikat Przewodnicz\u0105cego Komisji Episkopatu Polski ds. Misji, <\/strong><br \/>\n<strong>Bp. Jerzego Mazura SVD na XX Og\u00f3lnopolski Tydzie\u0144 \u015bw. Krzysztofa<\/strong><\/p>\n<p>Czcigodni Bracia w Kap\u0142a\u0144stwie!<br \/>\nDrodzy Bracia i Siostry w Chrystusie! Szanowni Kierowcy i U\u017cytkownicy dr\u00f3g!<br \/>\nW dniach 21 \u2013 28 lipca 2019 obchodzony jest w Ko\u015bciele w Polsce XX Og\u00f3lnopolski Tydzie\u0144 \u015bw.<br \/>\nKrzysztofa pod has\u0142em: \u201eOchrzczeni i pos\u0142ani niesiemy Chrystusa\u201d. W tym czasie wpatruj\u0105c si\u0119<br \/>\nw posta\u0107 \u015bw. Krzysztofa, kt\u00f3rego imi\u0119 w j. greckim oznacza nios\u0105cego Chrystusa, otaczamy nasz\u0105 trosk\u0105<br \/>\npolskich misjonarzy i misjonarki na ca\u0142ym \u015bwiecie i w odpowiedzi na ich pro\u015bby, pragniemy ofiarowa\u0107 im<br \/>\npomoc w zakupie \u015brodk\u00f3w transportu. Za organizacj\u0119 tej pomocy odpowiedzialna jest powo\u0142ana przez<br \/>\nKonferencj\u0119 Episkopatu Polski misyjna organizacja \u2013 MIVA Polska (Mission Vehicle Association).<br \/>\nW ramach tego Tygodnia, kt\u00f3remu patronuje \u015bw. Krzysztof, opiekun i patron kierowc\u00f3w<br \/>\ni podr\u00f3\u017cnych, MIVA Polska zach\u0119ca do szczeg\u00f3lnej modlitwy za wszystkich poruszaj\u0105cych si\u0119 po<br \/>\ndrogach, aby wszyscy docierali szcz\u0119\u015bliwie do celu podr\u00f3\u017cy. Przypomina te\u017c o odpowiedzialno\u015bci<br \/>\nu\u017cytkownik\u00f3w za bezpiecze\u0144stwo na drogach i konieczno\u015bci tworzenia kultury oraz wzajemnego<br \/>\nszacunku na drogach.<br \/>\nMaj\u0105c w perspektywie zbli\u017caj\u0105cy si\u0119 Nadzwyczajny Miesi\u0105c Misyjny (Pa\u017adziernik 2019) og\u0142oszony przez<br \/>\npapie\u017ca Franciszka, powinni\u015bmy poczu\u0107 si\u0119 jeszcze bardziej przynagleni, aby nie\u015b\u0107 Chrystusa<br \/>\ni Jego mi\u0142o\u015b\u0107 wszystkim ludom i narodom ziemi. Papie\u017c w specjalnym li\u015bcie og\u0142aszaj\u0105cym ten Miesi\u0105c<br \/>\nm\u00f3wi z naciskiem do ca\u0142ego Ko\u015bcio\u0142a: \u201eB\u0105d\u017amy we wszystkich regionach ziemi w \u2018permanentnym stanie<br \/>\nmisji\u2019. Nie b\u00f3jmy si\u0119 podejmowa\u0107, z ufno\u015bci\u0105 w Bogu i wielk\u0105 odwag\u0105 \u2018opcji misyjnej\u2019, zdolnej<br \/>\nprzemienia\u0107 wszystko\u2026\u201d. To wielkie misyjne zadanie, do kt\u00f3rego na nowo zach\u0119ca papie\u017c Franciszek<br \/>\nwywaga zaanga\u017cowania duchowego, szczeg\u00f3lnie modlitwy oraz pomocy materialnej.<br \/>\nWzorem lat ubieg\u0142ych kieruj\u0119 moj\u0105 gor\u0105c\u0105 pro\u015bb\u0119 do wszystkich wiernych o udzia\u0142 w misyjnej Akcji \u015bw.<br \/>\nKrzysztof \u2013 1 grosz za 1 kilometr szcz\u0119\u015bliwej jazdy na \u015brodki transportu dla misjonarzy. B\u0105d\u017amy szczerze<br \/>\nwdzi\u0119czni za Bo\u017c\u0105 opiek\u0119 i pomoc podczas naszych podr\u00f3\u017cy i kierowania pojazdami<br \/>\ni zechciejmy wesprze\u0107 g\u0142osicieli Ewangelii na wszystkich kontynentach. Prosz\u0119 r\u00f3wnie\u017c, aby wraz<br \/>\nz b\u0142ogos\u0142awie\u0144stwem kierowc\u00f3w i po\u015bwi\u0119ceniem pojazd\u00f3w, ka\u017cda wsp\u00f3lnota parafialna w Polsce<br \/>\nzorganizowa\u0142a odpowiedni\u0105 zbi\u00f3rk\u0119 na pojazdy misyjne. Dzi\u0119ki temu misjonarze nie bed\u0105 pozostawieni<br \/>\nbez koniecznej pomocy, gdy chodzi o \u015brodki transportu, kt\u00f3re s\u0105 wa\u017cnymi narz\u0119dziami w pracy misyjnej.<br \/>\nO tych potrzebach misjonarskich, MIVA Polska informuje na stronie www.miva.pl oraz w przes\u0142anych do<br \/>\nparafii materia\u0142ach na obchody XX Tygodnia \u015aw. Krzysztofa.<br \/>\nPragn\u0119 przekaza\u0107 s\u0142owa wdzi\u0119czno\u015bci wszystkim Dobroczy\u0144com: zar\u00f3wno duchowym, jak i \u015bwieckim za<br \/>\nprzekazan\u0105 w ubieg\u0142ym roku pomoc na misyjne \u015brodki transportu. Dzi\u0119ki zebranym funduszom<br \/>\nw 2018 MIVA Polska zrealizowa\u0142a 97 projekt\u00f3w w 34 krajach \u015bwiata na 647 r\u00f3\u017cnych pojazd\u00f3w dla<br \/>\nmisjonarzy: 40 samochod\u00f3w \u2013 najcz\u0119\u015bciej terenowych, 3 busy, 2 ambulanse, 2 traktory, 1 moto-taczka,<br \/>\n64 motocykli i motorower\u00f3w, 516 rower\u00f3w dla katechist\u00f3w, 3 \u0142odzie, 2 quady, 3 skutery \u015bnie\u017cne, 5<br \/>\nw\u00f3zk\u00f3w inwalidzkich, 3 konie i 3 wozy. Z pomocy skorzystali misjonarze Fidei Donum, bracia i ksi\u0119\u017ca<\/p>\n<p>oraz siostry zakonne, a tak\u017ce misjonarze \u015bwieccy. \u0141\u0105cznie przekazana suma wynios\u0142a \u2013 2.719.085,22<br \/>\nz\u0142otych. Z pomoc\u0105 zakupionych pojazd\u00f3w mo\u017cliwa jest regularna praca ewangelizacyjna wymagaj\u0105ca<br \/>\npokonywania nieraz du\u017cych odleg\u0142o\u015bci. \u015arodki transportu s\u0105 niezb\u0119dne w niesieniu r\u00f3\u017cnorakiej pomocy<br \/>\n\u015bwiadczonej przez misjonarzy i misjonarki poprzez dzie\u0142a dobroczynne czy rozwojowe, szczeg\u00f3lnie na<br \/>\nrzecz ubogich, chorych i potrzebuj\u0105cych.<br \/>\nDrodzy Bracia i Siostry!<br \/>\nNiech ka\u017cdy ochrzczony czuje si\u0119 pos\u0142anym, aby wzi\u0105\u0107 udzia\u0142 w misji niesienia Chrystusa ludziom ca\u0142ej<br \/>\nziemi, bo \u201emi\u0142o\u015b\u0107 Chrystusa przynagla nas\u201d (2 Kor 5,14), jak m\u00f3wi\u0142 \u015bw. Pawe\u0142 Aposto\u0142 Narod\u00f3w.<\/p>\n<p>Przyzywaj\u0105c wstawiennictwa \u015bw. Krzysztofa i opieki Naj\u015bwi\u0119tszej Maryi Panny nad wszystkimi,<br \/>\nszczeg\u00f3lnie nad kierowcami i podr\u00f3\u017cuj\u0105cymi, udzielam pasterskiego b\u0142ogos\u0142awie\u0144stwa: w imi\u0119 Ojca<br \/>\ni Syna i Ducha \u015awi\u0119tego.<\/p>\n<p>+ Biskup Jerzy Mazur SVD<\/p>\n<p>Przewodnicz\u0105cy Komisji Episkopatu Polski ds. Misji<br \/>\nBiskup e\u0142cki<\/p>\n<p>E\u0142k-Warszawa, dn. 10 czerwca 2019<\/p>\n","protected":false},"excerpt":{"rendered":"<p>Komunikat Przewodnicz\u0105cego Komisji Episkopatu Polski ds. Misji, Bp. Jerzego Mazura SVD na XX Og\u00f3lnopolski Tydzie\u0144 \u015bw. Krzysztofa Czcigodni Bracia w Kap\u0142a\u0144stwie! Drodzy Bracia i Siostry w Chrystusie! Szanowni Kierowcy i U\u017cytkownicy dr\u00f3g! W dniach 21 \u2013 28 lipca 2019 obchodzony jest w Ko\u015bciele w Polsce XX Og\u00f3lnopolski Tydzie\u0144 \u015bw. Krzysztofa pod has\u0142em: \u201eOchrzczeni i pos\u0142ani niesiemy Chrystusa\u201d. W tym czasie wpatruj\u0105c si\u0119 w posta\u0107 \u015bw. Krzysztofa, kt\u00f3rego imi\u0119 w j. greckim oznacza nios\u0105cego Chrystusa, otaczamy nasz\u0105 trosk\u0105 polskich misjonarzy i misjonarki na ca\u0142ym \u015bwiecie i w odpowiedzi na ich pro\u015bby, pragniemy ofiarowa\u0107 im pomoc w zakupie \u015brodk\u00f3w transportu. Za organizacj\u0119 tej pomocy odpowiedzialna jest powo\u0142ana przez Konferencj\u0119 Episkopatu Polski misyjna organizacja \u2013 MIVA Polska (Mission Vehicle Association). W ramach tego Tygodnia, kt\u00f3remu patronuje \u015bw. Krzysztof, opiekun i patron kierowc\u00f3w i podr\u00f3\u017cnych, MIVA Polska zach\u0119ca do szczeg\u00f3lnej modlitwy za wszystkich poruszaj\u0105cych si\u0119 po drogach, aby wszyscy docierali szcz\u0119\u015bliwie do celu podr\u00f3\u017cy.&hellip;<\/p>\n<p> <a class=\"more-link\" href=\"http:\/\/www.franciszek-walcz.pl\/?p=4079\">Czytaj dalej<\/a><\/p>\n","protected":false},"author":1,"featured_media":0,"comment_status":"closed","ping_status":"open","sticky":false,"template":"","format":"standard","meta":{"footnotes":""},"categories":[1],"tags":[],"class_list":{"0":"post-4079","1":"post","2":"type-post","3":"status-publish","4":"format-standard","6":"category-uncategorized"},"brizy_media":[],"_links":{"self":[{"href":"http:\/\/www.franciszek-walcz.pl\/index.php?rest_route=\/wp\/v2\/posts\/4079","targetHints":{"allow":["GET"]}}],"collection":[{"href":"http:\/\/www.franciszek-walcz.pl\/index.php?rest_route=\/wp\/v2\/posts"}],"about":[{"href":"http:\/\/www.franciszek-walcz.pl\/index.php?rest_route=\/wp\/v2\/types\/post"}],"author":[{"embeddable":true,"href":"http:\/\/www.franciszek-walcz.pl\/index.php?rest_route=\/wp\/v2\/users\/1"}],"replies":[{"embeddable":true,"href":"http:\/\/www.franciszek-walcz.pl\/index.php?rest_route=%2Fwp%2Fv2%2Fcomments&post=4079"}],"version-history":[{"count":4,"href":"http:\/\/www.franciszek-walcz.pl\/index.php?rest_route=\/wp\/v2\/posts\/4079\/revisions"}],"predecessor-version":[{"id":4109,"href":"http:\/\/www.franciszek-walcz.pl\/index.php?rest_route=\/wp\/v2\/posts\/4079\/revisions\/4109"}],"wp:attachment":[{"href":"http:\/\/www.franciszek-walcz.pl\/index.php?rest_route=%2Fwp%2Fv2%2Fmedia&parent=4079"}],"wp:term":[{"taxonomy":"category","embeddable":true,"href":"http:\/\/www.franciszek-walcz.pl\/index.php?rest_route=%2Fwp%2Fv2%2Fcategories&post=4079"},{"taxonomy":"post_tag","embeddable":true,"href":"http:\/\/www.franciszek-walcz.pl\/index.php?rest_route=%2Fwp%2Fv2%2Ftags&post=4079"}],"curies":[{"name":"wp","href":"https:\/\/api.w.org\/{rel}","templated":true}]}}