{"id":4166,"date":"2019-07-27T16:24:23","date_gmt":"2019-07-27T14:24:23","guid":{"rendered":"http:\/\/www.franciszek-walcz.pl\/?p=4166"},"modified":"2019-07-27T16:24:51","modified_gmt":"2019-07-27T14:24:51","slug":"szkola-modlitwy","status":"publish","type":"post","link":"http:\/\/www.franciszek-walcz.pl\/?p=4166","title":{"rendered":"Szko\u0142a modlitwy"},"content":{"rendered":"<p>Dzi\u015b w spo\u0142ecze\u0144stwie \u015bwieckim a nawet w\u015br\u00f3d katolik\u00f3w, ludzie cz\u0119sto uwa\u017caj\u0105, \u017ce nie s\u0105 w stanie si\u0119 modli\u0107, i zak\u0142adaj\u0105, \u017ce zdolno\u015b\u0107 modlitwy to rzecz wrodzona jednym, a obca drugim.<\/p>\n<p>Nauka Jezusa nauka na temat modlitwy sk\u0142ada\u0142a si\u0119 z czterech cz\u0119\u015bci, kt\u00f3re ucz\u0105:<\/p>\n<p>\u2013 o tym, o co si\u0119 modli\u0107<br \/>\n\u2013 o wadze wytrwa\u0142o\u015bci<br \/>\n\u2013 o pewno\u015bci pozytywnej odpowiedzi na podstawie Bo\u017cej mi\u0142o\u015bci i dobroci \u00a0oraz<br \/>\n\u2013 o darze najwy\u017cszym, o Duchu \u015awi\u0119tym, kt\u00f3ry jest \u017ar\u00f3d\u0142em i moc\u0105 wszelkiej w\u0142a\u015bciwej modlitwy .<\/p>\n<p>Dlatego skoro twierdzisz, \u017ce nie umiesz si\u0119 modli\u0107, to przypomnij sobie co m\u00f3wi na ten temat \u015bw. Pawe\u0142:<\/p>\n<p>\u201e<strong><em>Podobnie tak\u017ce Duch \u015awi\u0119ty przychodzi z pomoc\u0105 naszej s\u0142abo\u015bci. Gdy bowiem nie umiemy si\u0119 modli\u0107 tak, jak trzeba, sam Duch przyczynia si\u0119 za nami w b\u0142aganiach, kt\u00f3rych nie mo\u017cna wyrazi\u0107 s\u0142owami.<\/em><\/strong>\u201d<\/p>\n<p>I wo\u0142aj:<\/p>\n<p>Dlatego prosz\u0119 Ci\u0119 Duchu \u015awi\u0119ty, przyjd\u017a mi z pomoc\u0105, bo:<\/p>\n<p>\u2013 onie\u015bmiela mnie Tw\u00f3j majestat i \u015bwi\u0119to\u015b\u0107,<br \/>\n\u2013 przyt\u0142acza mnie moja bezradno\u015b\u0107,<br \/>\n\u2013 przera\u017ca mnie ogrom moich grzech\u00f3w..<\/p>\n<p>\u201e<strong><em>Ty, Kt\u00f3ry przenikasz g\u0142\u0119boko\u015bci Boga samego<\/em><\/strong>\u201d wyra\u017a moj\u0105 modlitw\u0119 w b\u0142aganiach niewymownych.<\/p>\n<p>To nie jest tak, \u017ce na Boga mo\u017cna znale\u017a\u0107 \u201ezakl\u0119cie\u201d. Z Bogiem trzeba podyskutowa\u0107. Wtedy albo B\u00f3g daje czego cz\u0142owiek chce albo cz\u0142owiek zaczyna rozumie\u0107, \u017ce to, czego chce B\u00f3g, cho\u0107 trudniejsze, jest na pewno lepsze.<\/p>\n","protected":false},"excerpt":{"rendered":"<p>Dzi\u015b w spo\u0142ecze\u0144stwie \u015bwieckim a nawet w\u015br\u00f3d katolik\u00f3w, ludzie cz\u0119sto uwa\u017caj\u0105, \u017ce nie s\u0105 w stanie si\u0119 modli\u0107, i zak\u0142adaj\u0105, \u017ce zdolno\u015b\u0107 modlitwy to rzecz wrodzona jednym, a obca drugim. Nauka Jezusa nauka na temat modlitwy sk\u0142ada\u0142a si\u0119 z czterech cz\u0119\u015bci, kt\u00f3re ucz\u0105: \u2013 o tym, o co si\u0119 modli\u0107 \u2013 o wadze wytrwa\u0142o\u015bci \u2013 o pewno\u015bci pozytywnej odpowiedzi na podstawie Bo\u017cej mi\u0142o\u015bci i dobroci \u00a0oraz \u2013 o darze najwy\u017cszym, o Duchu \u015awi\u0119tym, kt\u00f3ry jest \u017ar\u00f3d\u0142em i moc\u0105 wszelkiej w\u0142a\u015bciwej modlitwy . Dlatego skoro twierdzisz, \u017ce nie umiesz si\u0119 modli\u0107, to przypomnij sobie co m\u00f3wi na ten temat \u015bw. Pawe\u0142: \u201ePodobnie tak\u017ce Duch \u015awi\u0119ty przychodzi z pomoc\u0105 naszej s\u0142abo\u015bci. Gdy bowiem nie umiemy si\u0119 modli\u0107 tak, jak trzeba, sam Duch przyczynia si\u0119 za nami w b\u0142aganiach, kt\u00f3rych nie mo\u017cna wyrazi\u0107 s\u0142owami.\u201d I wo\u0142aj: Dlatego prosz\u0119 Ci\u0119 Duchu \u015awi\u0119ty, przyjd\u017a mi z pomoc\u0105, bo: \u2013 onie\u015bmiela mnie Tw\u00f3j majestat i \u015bwi\u0119to\u015b\u0107,&hellip;<\/p>\n<p> <a class=\"more-link\" href=\"http:\/\/www.franciszek-walcz.pl\/?p=4166\">Czytaj dalej<\/a><\/p>\n","protected":false},"author":1,"featured_media":0,"comment_status":"closed","ping_status":"open","sticky":false,"template":"","format":"standard","meta":{"footnotes":""},"categories":[5],"tags":[],"class_list":{"0":"post-4166","1":"post","2":"type-post","3":"status-publish","4":"format-standard","6":"category-artykuly"},"brizy_media":[],"_links":{"self":[{"href":"http:\/\/www.franciszek-walcz.pl\/index.php?rest_route=\/wp\/v2\/posts\/4166","targetHints":{"allow":["GET"]}}],"collection":[{"href":"http:\/\/www.franciszek-walcz.pl\/index.php?rest_route=\/wp\/v2\/posts"}],"about":[{"href":"http:\/\/www.franciszek-walcz.pl\/index.php?rest_route=\/wp\/v2\/types\/post"}],"author":[{"embeddable":true,"href":"http:\/\/www.franciszek-walcz.pl\/index.php?rest_route=\/wp\/v2\/users\/1"}],"replies":[{"embeddable":true,"href":"http:\/\/www.franciszek-walcz.pl\/index.php?rest_route=%2Fwp%2Fv2%2Fcomments&post=4166"}],"version-history":[{"count":1,"href":"http:\/\/www.franciszek-walcz.pl\/index.php?rest_route=\/wp\/v2\/posts\/4166\/revisions"}],"predecessor-version":[{"id":4167,"href":"http:\/\/www.franciszek-walcz.pl\/index.php?rest_route=\/wp\/v2\/posts\/4166\/revisions\/4167"}],"wp:attachment":[{"href":"http:\/\/www.franciszek-walcz.pl\/index.php?rest_route=%2Fwp%2Fv2%2Fmedia&parent=4166"}],"wp:term":[{"taxonomy":"category","embeddable":true,"href":"http:\/\/www.franciszek-walcz.pl\/index.php?rest_route=%2Fwp%2Fv2%2Fcategories&post=4166"},{"taxonomy":"post_tag","embeddable":true,"href":"http:\/\/www.franciszek-walcz.pl\/index.php?rest_route=%2Fwp%2Fv2%2Ftags&post=4166"}],"curies":[{"name":"wp","href":"https:\/\/api.w.org\/{rel}","templated":true}]}}