{"id":4189,"date":"2019-08-10T14:44:16","date_gmt":"2019-08-10T12:44:16","guid":{"rendered":"http:\/\/www.franciszek-walcz.pl\/?p=4189"},"modified":"2019-08-10T14:44:36","modified_gmt":"2019-08-10T12:44:36","slug":"komu-wiele-dano-od-tego-wiele-wymagac-sie-bedzie","status":"publish","type":"post","link":"http:\/\/www.franciszek-walcz.pl\/?p=4189","title":{"rendered":"Komu wiele dano, od tego wiele wymaga\u0107 si\u0119 b\u0119dzie"},"content":{"rendered":"<p>M\u0105dro\u015b\u0107 i g\u0142\u0119bia tego sformu\u0142owania wydaj\u0105 si\u0119 umyka\u0107 naszemu rozumowaniu.\u00a0 A przynajmniej tak si\u0119 wydaje gdy patrzymy na tych, kt\u00f3rym rzeczywi\u015bcie wiele dano: politycznych przyw\u00f3dc\u00f3w, pos\u0142\u00f3w, senator\u00f3w, ludzi odpowiedzialnych i na stanowiskach &#8230;, niekoniecznie tylko pa\u0144stwowych. Nie mo\u017cna oczywi\u015bcie generalizowa\u0107, bo i w &#8222;tych regionach znajduj\u0105 si\u0119 sprawiedliwi&#8221;, kt\u00f3rzy sprawiaj\u0105 wra\u017cenie, jakby zrozumieli o co Chrystusowi chodzi w dzisiejszej Ewangelii. Niemniej jednak -generalnie rzecz bior\u0105c- sytuacja jest raczej katastrofalna; korupcja, degrengolada, \u0142ap\u00f3wki, chciwo\u015b\u0107, prywata, zach\u0142anno\u015b\u0107, nieliczenie si\u0119 z innymi, egoizm, prawo silniejszego i prawo d\u017cungli &#8230;\u00a0 I mo\u017cna by tak w niesko\u0144czono\u015b\u0107 wylicza\u0107.. I to nie tylko na najwy\u017cszych szczeblach.\u00a0 I gdzie\u017c s\u0105 ci polscy chrze\u015bcijanie? Czy s\u0105 to ci sami, kt\u00f3rzy sk\u0142adaj\u0105 tak pi\u0119kne deklaracje i uczestnicz\u0105 honorowo w podnios\u0142ych uroczysto\u015bciach patriotyczno-religijnych? Ludzie biznesu, \u017ceruj\u0105cy na niewiedzy i l\u0119kliwo\u015bci swoich pracownik\u00f3w, prze\u0142o\u017ceni nadu\u017cywaj\u0105cy swoich stanowisk dla prywatnych korzy\u015bci, ludzie kt\u00f3rym wi\u0119cej dano, nie tylko przecie\u017c w\u0142adzy, czy d\u00f3br materialnych, mo\u017cliwo\u015bci czy talent\u00f3w ale i odpowiedzialno\u015bci &#8230;<\/p>\n<p>Ale i ja &#8230; czy m\u00f3g\u0142bym powiedzie\u0107, \u017ce i mnie nie dano wiele? Jak wykorzystuj\u0119, to co otrzyma\u0142em? Jak traktuj\u0119 innych? Czy nie zapominam, \u017ce obok mnie \u017cyje drugi cz\u0142owiek, m\u00f3j brat, kt\u00f3ry czasami cierpi z powodu mojej g\u0142upoty, chciwo\u015bci, zach\u0142anno\u015bci, braku \u017cyczliwo\u015bci? Czy nie traktuj\u0119 innych, moich podw\u0142adnych, petent\u00f3w w biurze, klient\u00f3w w sklepie &#8222;z g\u00f3ry&#8221;, z lekcewa\u017ceniem, z pogard\u0105, arogancko?<\/p>\n","protected":false},"excerpt":{"rendered":"<p>M\u0105dro\u015b\u0107 i g\u0142\u0119bia tego sformu\u0142owania wydaj\u0105 si\u0119 umyka\u0107 naszemu rozumowaniu.\u00a0 A przynajmniej tak si\u0119 wydaje gdy patrzymy na tych, kt\u00f3rym rzeczywi\u015bcie wiele dano: politycznych przyw\u00f3dc\u00f3w, pos\u0142\u00f3w, senator\u00f3w, ludzi odpowiedzialnych i na stanowiskach &#8230;, niekoniecznie tylko pa\u0144stwowych. Nie mo\u017cna oczywi\u015bcie generalizowa\u0107, bo i w &#8222;tych regionach znajduj\u0105 si\u0119 sprawiedliwi&#8221;, kt\u00f3rzy sprawiaj\u0105 wra\u017cenie, jakby zrozumieli o co Chrystusowi chodzi w dzisiejszej Ewangelii. Niemniej jednak -generalnie rzecz bior\u0105c- sytuacja jest raczej katastrofalna; korupcja, degrengolada, \u0142ap\u00f3wki, chciwo\u015b\u0107, prywata, zach\u0142anno\u015b\u0107, nieliczenie si\u0119 z innymi, egoizm, prawo silniejszego i prawo d\u017cungli &#8230;\u00a0 I mo\u017cna by tak w niesko\u0144czono\u015b\u0107 wylicza\u0107.. I to nie tylko na najwy\u017cszych szczeblach.\u00a0 I gdzie\u017c s\u0105 ci polscy chrze\u015bcijanie? Czy s\u0105 to ci sami, kt\u00f3rzy sk\u0142adaj\u0105 tak pi\u0119kne deklaracje i uczestnicz\u0105 honorowo w podnios\u0142ych uroczysto\u015bciach patriotyczno-religijnych? Ludzie biznesu, \u017ceruj\u0105cy na niewiedzy i l\u0119kliwo\u015bci swoich pracownik\u00f3w, prze\u0142o\u017ceni nadu\u017cywaj\u0105cy swoich stanowisk dla prywatnych korzy\u015bci, ludzie kt\u00f3rym wi\u0119cej dano, nie tylko przecie\u017c w\u0142adzy, czy d\u00f3br materialnych,&hellip;<\/p>\n<p> <a class=\"more-link\" href=\"http:\/\/www.franciszek-walcz.pl\/?p=4189\">Czytaj dalej<\/a><\/p>\n","protected":false},"author":1,"featured_media":0,"comment_status":"closed","ping_status":"open","sticky":false,"template":"","format":"standard","meta":{"footnotes":""},"categories":[5],"tags":[],"class_list":{"0":"post-4189","1":"post","2":"type-post","3":"status-publish","4":"format-standard","6":"category-artykuly"},"brizy_media":[],"_links":{"self":[{"href":"http:\/\/www.franciszek-walcz.pl\/index.php?rest_route=\/wp\/v2\/posts\/4189","targetHints":{"allow":["GET"]}}],"collection":[{"href":"http:\/\/www.franciszek-walcz.pl\/index.php?rest_route=\/wp\/v2\/posts"}],"about":[{"href":"http:\/\/www.franciszek-walcz.pl\/index.php?rest_route=\/wp\/v2\/types\/post"}],"author":[{"embeddable":true,"href":"http:\/\/www.franciszek-walcz.pl\/index.php?rest_route=\/wp\/v2\/users\/1"}],"replies":[{"embeddable":true,"href":"http:\/\/www.franciszek-walcz.pl\/index.php?rest_route=%2Fwp%2Fv2%2Fcomments&post=4189"}],"version-history":[{"count":1,"href":"http:\/\/www.franciszek-walcz.pl\/index.php?rest_route=\/wp\/v2\/posts\/4189\/revisions"}],"predecessor-version":[{"id":4190,"href":"http:\/\/www.franciszek-walcz.pl\/index.php?rest_route=\/wp\/v2\/posts\/4189\/revisions\/4190"}],"wp:attachment":[{"href":"http:\/\/www.franciszek-walcz.pl\/index.php?rest_route=%2Fwp%2Fv2%2Fmedia&parent=4189"}],"wp:term":[{"taxonomy":"category","embeddable":true,"href":"http:\/\/www.franciszek-walcz.pl\/index.php?rest_route=%2Fwp%2Fv2%2Fcategories&post=4189"},{"taxonomy":"post_tag","embeddable":true,"href":"http:\/\/www.franciszek-walcz.pl\/index.php?rest_route=%2Fwp%2Fv2%2Ftags&post=4189"}],"curies":[{"name":"wp","href":"https:\/\/api.w.org\/{rel}","templated":true}]}}