{"id":4200,"date":"2019-08-10T16:43:37","date_gmt":"2019-08-10T14:43:37","guid":{"rendered":"http:\/\/www.franciszek-walcz.pl\/?p=4200"},"modified":"2019-08-10T16:44:02","modified_gmt":"2019-08-10T14:44:02","slug":"oswiadczenie-przewodniczacego-kep","status":"publish","type":"post","link":"http:\/\/www.franciszek-walcz.pl\/?p=4200","title":{"rendered":"O\u015bwiadczenie Przewodnicz\u0105cego KEP"},"content":{"rendered":"<p><strong>O\u015bwiadczenie Przewodnicz\u0105cego KEP\u00a0\u00a0\u00a0\u00a0\u00a0\u00a0\u00a0\u00a0\u00a0\u00a0\u00a0\u00a0\u00a0\u00a0\u00a0\u00a0 \u00a0\u00a0\u00a0\u00a0\u00a0\u00a0\u00a0\u00a0\u00a0\u00a0\u00a0\u00a0\u00a0\u00a0\u00a0\u00a0\u00a0\u00a0\u00a0\u00a0\u00a0\u00a0<\/strong><\/p>\n<p><strong>\u00a0Abp. Stanis\u0142awa G\u0105deckiego ws. LGBT+. <\/strong><\/p>\n<p>Pomimo wakacji, kt\u00f3re powinny by\u0107 czasem odpoczynku i refleksji nad pi\u0119knem natury stworzonej przez Boga, w kraju rozgorza\u0142y polemiki odno\u015bnie do \u201eideologii LGBT\u201d (gej\u00f3w, lesbijek, os\u00f3b biseksualnych i transseksualnych). Ma to zapewne zwi\u0105zek z ofensyw\u0105 \u015brodowisk LGBT+ i ze znacz\u0105cym wzrostem liczby tzw. marsz\u00f3w r\u00f3wno\u015bci organizowanych w naszym kraju, a tak\u017ce z zaplanowanym przez niekt\u00f3re samorz\u0105dy wprowadzeniem po wakacjach do program\u00f3w szkolnych nowego, zgodnego z za\u0142o\u017ceniami tej ideologii, podej\u015bcia do edukacji seksualnej.<\/p>\n<p>Osoby przynale\u017c\u0105ce do \u015brodowisk tzw. mniejszo\u015bci seksualnych s\u0105 naszymi bra\u0107mi i siostrami, za kt\u00f3rych Chrystus odda\u0142 swoje \u017cycie i kt\u00f3re r\u00f3wnie\u017c chce doprowadzi\u0107 do zbawienia. Szacunek dla konkretnych os\u00f3b nie mo\u017ce jednak prowadzi\u0107 do akceptacji ideologii, kt\u00f3ra stawia sobie za cel przeprowadzenie rewolucji w zakresie spo\u0142ecznych obyczaj\u00f3w i mi\u0119dzyosobowych relacji. \u201eTa rewolucja w obyczajach i moralno\u015bci \u2013 podkre\u015bla papie\u017c Franciszek \u2013 cz\u0119sto wymachuje \u00abflag\u0105 wolno\u015bci\u00bb, ale w rzeczywisto\u015bci przynios\u0142a dewastacj\u0119 duchow\u0105 i materialn\u0105 niezliczonym ludzkim istotom, szczeg\u00f3lnie najbardziej nara\u017conym\u201d (Watykan, 17.11.2014).<\/p>\n<p>St\u0105d m\u00f3j apel do w\u0142adz samorz\u0105dowych o niepodejmowanie decyzji, kt\u00f3re \u2013 pod pozorem przeciwdzia\u0142ania dyskryminacji \u2013 skrywa\u0142yby ideologi\u0119 zaprzeczaj\u0105c\u0105 naturalnej r\u00f3\u017cnicy p\u0142ci i komplementarno\u015bci m\u0119\u017cczyzn i kobiet. Apeluj\u0119 tak\u017ce do parlamentarzyst\u00f3w, aby oparli si\u0119 dalekosi\u0119\u017cnym planom \u015brodowisk LGBT+ polegaj\u0105cym na zmianie polskiego prawa na rzecz wprowadzenia tzw. \u201ema\u0142\u017ce\u0144stw homoseksualnych\u201d oraz mo\u017cliwo\u015bci adopcji przez nie dzieci.<\/p>\n<p>Fala krytyki, kt\u00f3ra dotkn\u0119\u0142a metropolit\u0119 krakowskiego, arcybiskupa i profesora, a tak\u017ce reakcje pracodawc\u00f3w wobec os\u00f3b wyra\u017caj\u0105cych swoj\u0105 dezaprobat\u0119 wobec ideologii LGBT+, \u015bwiadcz\u0105 o zakorzenionym w pewnych \u015brodowiskach totalitaryzmie \u015bwiatopogl\u0105dowym, polegaj\u0105cym na usuwaniu poza sfer\u0119 obszaru wolno\u015bci ludzi my\u015bl\u0105cych inaczej. Do wszystkich ludzi dobrej woli apeluj\u0119 wi\u0119c o stosowanie zasady niedyskryminacji w publicznej dyskusji nie tylko wobec zwolennik\u00f3w wspomnianej ideologii, ale o dopuszczenie na r\u00f3wnych prawach do debaty tak\u017ce jej przeciwnik\u00f3w.<\/p>\n<p>&nbsp;<\/p>\n<p><em>Abp Stanis\u0142aw G\u0105decki<\/em><br \/>\n<em>Metropolita Pozna\u0144ski<\/em><br \/>\n<em>Przewodnicz\u0105cy Konferencji Episkopatu Polski<\/em><\/p>\n<p>Warszawa, 8 sierpnia 2019 r.<\/p>\n","protected":false},"excerpt":{"rendered":"<p>O\u015bwiadczenie Przewodnicz\u0105cego KEP\u00a0\u00a0\u00a0\u00a0\u00a0\u00a0\u00a0\u00a0\u00a0\u00a0\u00a0\u00a0\u00a0\u00a0\u00a0\u00a0 \u00a0\u00a0\u00a0\u00a0\u00a0\u00a0\u00a0\u00a0\u00a0\u00a0\u00a0\u00a0\u00a0\u00a0\u00a0\u00a0\u00a0\u00a0\u00a0\u00a0\u00a0\u00a0 \u00a0Abp. Stanis\u0142awa G\u0105deckiego ws. LGBT+. Pomimo wakacji, kt\u00f3re powinny by\u0107 czasem odpoczynku i refleksji nad pi\u0119knem natury stworzonej przez Boga, w kraju rozgorza\u0142y polemiki odno\u015bnie do \u201eideologii LGBT\u201d (gej\u00f3w, lesbijek, os\u00f3b biseksualnych i transseksualnych). Ma to zapewne zwi\u0105zek z ofensyw\u0105 \u015brodowisk LGBT+ i ze znacz\u0105cym wzrostem liczby tzw. marsz\u00f3w r\u00f3wno\u015bci organizowanych w naszym kraju, a tak\u017ce z zaplanowanym przez niekt\u00f3re samorz\u0105dy wprowadzeniem po wakacjach do program\u00f3w szkolnych nowego, zgodnego z za\u0142o\u017ceniami tej ideologii, podej\u015bcia do edukacji seksualnej. Osoby przynale\u017c\u0105ce do \u015brodowisk tzw. mniejszo\u015bci seksualnych s\u0105 naszymi bra\u0107mi i siostrami, za kt\u00f3rych Chrystus odda\u0142 swoje \u017cycie i kt\u00f3re r\u00f3wnie\u017c chce doprowadzi\u0107 do zbawienia. Szacunek dla konkretnych os\u00f3b nie mo\u017ce jednak prowadzi\u0107 do akceptacji ideologii, kt\u00f3ra stawia sobie za cel przeprowadzenie rewolucji w zakresie spo\u0142ecznych obyczaj\u00f3w i mi\u0119dzyosobowych relacji. \u201eTa rewolucja w obyczajach i moralno\u015bci \u2013 podkre\u015bla papie\u017c Franciszek \u2013 cz\u0119sto wymachuje \u00abflag\u0105 wolno\u015bci\u00bb, ale w rzeczywisto\u015bci przynios\u0142a&hellip;<\/p>\n<p> <a class=\"more-link\" href=\"http:\/\/www.franciszek-walcz.pl\/?p=4200\">Czytaj dalej<\/a><\/p>\n","protected":false},"author":1,"featured_media":0,"comment_status":"closed","ping_status":"open","sticky":false,"template":"","format":"standard","meta":{"footnotes":""},"categories":[4],"tags":[],"class_list":{"0":"post-4200","1":"post","2":"type-post","3":"status-publish","4":"format-standard","6":"category-ogloszenia"},"brizy_media":[],"_links":{"self":[{"href":"http:\/\/www.franciszek-walcz.pl\/index.php?rest_route=\/wp\/v2\/posts\/4200","targetHints":{"allow":["GET"]}}],"collection":[{"href":"http:\/\/www.franciszek-walcz.pl\/index.php?rest_route=\/wp\/v2\/posts"}],"about":[{"href":"http:\/\/www.franciszek-walcz.pl\/index.php?rest_route=\/wp\/v2\/types\/post"}],"author":[{"embeddable":true,"href":"http:\/\/www.franciszek-walcz.pl\/index.php?rest_route=\/wp\/v2\/users\/1"}],"replies":[{"embeddable":true,"href":"http:\/\/www.franciszek-walcz.pl\/index.php?rest_route=%2Fwp%2Fv2%2Fcomments&post=4200"}],"version-history":[{"count":1,"href":"http:\/\/www.franciszek-walcz.pl\/index.php?rest_route=\/wp\/v2\/posts\/4200\/revisions"}],"predecessor-version":[{"id":4201,"href":"http:\/\/www.franciszek-walcz.pl\/index.php?rest_route=\/wp\/v2\/posts\/4200\/revisions\/4201"}],"wp:attachment":[{"href":"http:\/\/www.franciszek-walcz.pl\/index.php?rest_route=%2Fwp%2Fv2%2Fmedia&parent=4200"}],"wp:term":[{"taxonomy":"category","embeddable":true,"href":"http:\/\/www.franciszek-walcz.pl\/index.php?rest_route=%2Fwp%2Fv2%2Fcategories&post=4200"},{"taxonomy":"post_tag","embeddable":true,"href":"http:\/\/www.franciszek-walcz.pl\/index.php?rest_route=%2Fwp%2Fv2%2Ftags&post=4200"}],"curies":[{"name":"wp","href":"https:\/\/api.w.org\/{rel}","templated":true}]}}