{"id":4219,"date":"2019-08-17T13:20:04","date_gmt":"2019-08-17T11:20:04","guid":{"rendered":"http:\/\/www.franciszek-walcz.pl\/?p=4219"},"modified":"2019-08-17T13:20:24","modified_gmt":"2019-08-17T11:20:24","slug":"przyjemniutki-swiat","status":"publish","type":"post","link":"http:\/\/www.franciszek-walcz.pl\/?p=4219","title":{"rendered":"Przyjemniutki \u015bwiat"},"content":{"rendered":"<p>\u017byjemy w \u015bwiecie, gdzie &#8222;<em>warto\u015bci\u0105<\/em>&#8221; najbardziej poszukiwan\u0105 jest \u015bwi\u0119ty spok\u00f3j, przyjemno\u015b\u0107, luksus, rozrywka, gdzie wszystko musi by\u0107 mi\u0142e, zaokr\u0105glone, przyjemniutkie i bez kant\u00f3w. Prorok taki jak Jeremiasz, nie mia\u0142by wcale \u0142atwo w naszej rzeczywisto\u015bci i sko\u0144czy\u0142by prawdopodobnie o ile nie w cysternie pe\u0142nej b\u0142ota (bo takich ju\u017c nie ma) to w najlepszym przypadku w psychiatryku. Niestety \u015bwiat dzisiejszy (tak jak za czas\u00f3w kr\u00f3la Sedecjasza) nie lubi prawdy, nie lubi kiedy wytyka mu si\u0119 b\u0142\u0119dy. Wszystko musi by\u0107 u\u0142adzone, konformistyczne, ugrzecznione i politycznie poprawne. Nikogo nie wolno krytykowa\u0107, nikogo nie mo\u017cna poci\u0105gn\u0105\u0107 do odpowiedzialno\u015bci, aby go nie dotkn\u0105\u0107, nie urazi\u0107 jego godno\u015bci, nie zniszczy\u0107 reputacji. Przyk\u0142ad\u00f3w mo\u017cna by mno\u017cy\u0107 bez liku, ale wystarczu tylko wspomnie\u0107 polityk\u00f3w r\u00f3\u017cnej ma\u015bci, czy wielu w\u0142a\u015bcicieli zak\u0142ad\u00f3w pracy, kt\u00f3rzy s\u0105 praktycznie poza lub ponad prawem. A wszystko to pod p\u0142aszczykiem fa\u0142szywie rozumianego pokoju, delikatno\u015bci, czy zwyk\u0142ego starchu.<\/p>\n<p>Kiedy Chrystus m\u00f3wi: &#8222;<strong><em>Przyszed\u0142em rzuci\u0107 ogie\u0144 na ziemi\u0119 i jak\u017ce bardzo pragn\u0119, \u017ceby on ju\u017c zap\u0142on\u0105\u0142<\/em><\/strong>&#8221; nie ma na my\u015bli brutalnych rozruch\u00f3w, wojny czy rodzinnych k\u0142\u00f3tni. On jest przecie\u017c Kr\u00f3lem pokoju a nie wojny i zamieszania. Ale jest te\u017c Prawd\u0105 i o tym nie wolno nam zapomina\u0107. I to \u2013niestety- prawda jest warto\u015bci\u0105, kt\u00f3ra powoduje roz\u0142amy w rodzinach, spo\u0142eczno\u015bciach, pa\u0144stwach i cywilizacjach. Sam Chrystus w\u0142a\u015bnie z powodu prawdy zosta\u0142 ukrzy\u017cowany, bo jak sam o sobie powiedzia\u0142: &#8222;<strong><em>Ja si\u0119 na to narodzi\u0142em i na to przyszed\u0142em na \u015bwiat, aby da\u0107 \u015bwiadectwo prawdzie<\/em><\/strong>.&#8221; (J 18,37). I tego w\u0142a\u015bnie \u2013PRAWDY- najbardziej nam brakuje we wsp\u00f3\u0142czesnym skonformizowanym i przyjemniutkim \u015bwiecie. Prawdy \u015bwiat si\u0119 boi, prawdy nienawidzi, prawdy si\u0119 obawia, przed prawd\u0105 ucieka w polityczn\u0105 poprawno\u015b\u0107, w oportunizm, w koniunkturalizm, w u\u0142adzon\u0105 \u00a0i fa\u0142szyw\u0105 grzeczno\u015b\u0107. Tak by\u0142o za czas\u00f3w Jeremiasza i za czas\u00f3w Jana Chrzciciela, i za czas\u00f3w Jezusa. I tak jest dzisiaj. \u017byjemy w przyjemniutkim, ale zak\u0142amanym \u015bwiecie. Nie dajmy sobie wm\u00f3wi\u0107, \u017ce prawda, czasami bolesna musi by\u0107 przemilczana dla \u015bwi\u0119tego spokoju.\u00a0Prawda ma swoj\u0105 si\u0142\u0119, ona jest pot\u0119g\u0105 i -chcemy tego czy nie- ona i tak zwyci\u0119\u017cy \u015bwiat zak\u0142amania i fa\u0142szu. Tylko po kt\u00f3rej stronie b\u0119d\u0119 ja?<\/p>\n","protected":false},"excerpt":{"rendered":"<p>\u017byjemy w \u015bwiecie, gdzie &#8222;warto\u015bci\u0105&#8221; najbardziej poszukiwan\u0105 jest \u015bwi\u0119ty spok\u00f3j, przyjemno\u015b\u0107, luksus, rozrywka, gdzie wszystko musi by\u0107 mi\u0142e, zaokr\u0105glone, przyjemniutkie i bez kant\u00f3w. Prorok taki jak Jeremiasz, nie mia\u0142by wcale \u0142atwo w naszej rzeczywisto\u015bci i sko\u0144czy\u0142by prawdopodobnie o ile nie w cysternie pe\u0142nej b\u0142ota (bo takich ju\u017c nie ma) to w najlepszym przypadku w psychiatryku. Niestety \u015bwiat dzisiejszy (tak jak za czas\u00f3w kr\u00f3la Sedecjasza) nie lubi prawdy, nie lubi kiedy wytyka mu si\u0119 b\u0142\u0119dy. Wszystko musi by\u0107 u\u0142adzone, konformistyczne, ugrzecznione i politycznie poprawne. Nikogo nie wolno krytykowa\u0107, nikogo nie mo\u017cna poci\u0105gn\u0105\u0107 do odpowiedzialno\u015bci, aby go nie dotkn\u0105\u0107, nie urazi\u0107 jego godno\u015bci, nie zniszczy\u0107 reputacji. Przyk\u0142ad\u00f3w mo\u017cna by mno\u017cy\u0107 bez liku, ale wystarczu tylko wspomnie\u0107 polityk\u00f3w r\u00f3\u017cnej ma\u015bci, czy wielu w\u0142a\u015bcicieli zak\u0142ad\u00f3w pracy, kt\u00f3rzy s\u0105 praktycznie poza lub ponad prawem. A wszystko to pod p\u0142aszczykiem fa\u0142szywie rozumianego pokoju, delikatno\u015bci, czy zwyk\u0142ego starchu. Kiedy Chrystus m\u00f3wi: &#8222;Przyszed\u0142em rzuci\u0107 ogie\u0144 na ziemi\u0119 i&hellip;<\/p>\n<p> <a class=\"more-link\" href=\"http:\/\/www.franciszek-walcz.pl\/?p=4219\">Czytaj dalej<\/a><\/p>\n","protected":false},"author":1,"featured_media":0,"comment_status":"closed","ping_status":"open","sticky":false,"template":"","format":"standard","meta":{"footnotes":""},"categories":[5],"tags":[],"class_list":{"0":"post-4219","1":"post","2":"type-post","3":"status-publish","4":"format-standard","6":"category-artykuly"},"brizy_media":[],"_links":{"self":[{"href":"http:\/\/www.franciszek-walcz.pl\/index.php?rest_route=\/wp\/v2\/posts\/4219","targetHints":{"allow":["GET"]}}],"collection":[{"href":"http:\/\/www.franciszek-walcz.pl\/index.php?rest_route=\/wp\/v2\/posts"}],"about":[{"href":"http:\/\/www.franciszek-walcz.pl\/index.php?rest_route=\/wp\/v2\/types\/post"}],"author":[{"embeddable":true,"href":"http:\/\/www.franciszek-walcz.pl\/index.php?rest_route=\/wp\/v2\/users\/1"}],"replies":[{"embeddable":true,"href":"http:\/\/www.franciszek-walcz.pl\/index.php?rest_route=%2Fwp%2Fv2%2Fcomments&post=4219"}],"version-history":[{"count":1,"href":"http:\/\/www.franciszek-walcz.pl\/index.php?rest_route=\/wp\/v2\/posts\/4219\/revisions"}],"predecessor-version":[{"id":4220,"href":"http:\/\/www.franciszek-walcz.pl\/index.php?rest_route=\/wp\/v2\/posts\/4219\/revisions\/4220"}],"wp:attachment":[{"href":"http:\/\/www.franciszek-walcz.pl\/index.php?rest_route=%2Fwp%2Fv2%2Fmedia&parent=4219"}],"wp:term":[{"taxonomy":"category","embeddable":true,"href":"http:\/\/www.franciszek-walcz.pl\/index.php?rest_route=%2Fwp%2Fv2%2Fcategories&post=4219"},{"taxonomy":"post_tag","embeddable":true,"href":"http:\/\/www.franciszek-walcz.pl\/index.php?rest_route=%2Fwp%2Fv2%2Ftags&post=4219"}],"curies":[{"name":"wp","href":"https:\/\/api.w.org\/{rel}","templated":true}]}}