{"id":4233,"date":"2019-08-24T12:24:08","date_gmt":"2019-08-24T10:24:08","guid":{"rendered":"http:\/\/www.franciszek-walcz.pl\/?p=4233"},"modified":"2019-08-24T12:25:24","modified_gmt":"2019-08-24T10:25:24","slug":"droga-do-nieba","status":"publish","type":"post","link":"http:\/\/www.franciszek-walcz.pl\/?p=4233","title":{"rendered":"Droga do nieba"},"content":{"rendered":"<p>S\u0105 r\u00f3\u017cne pytania, b\u0142ahe i bardziej wa\u017cne, s\u0105 tak\u017ce pytania od odpowiedzi, na kt\u00f3re zale\u017cy nasza przysz\u0142o\u015b\u0107, nasze \u017cycie\u2026 Dzisiaj w Ewangelii s\u0142yszymy pytanie zadane Jezusowi: <em>\u201eCzy tylko nieliczni mog\u0105 si\u0119 zbawi\u0107?\u201d<\/em>. Pytanie o zbawienie. Dla wsp\u00f3\u0142czesnych ludzi chyba bardzo zaskakuj\u0105ce. Dzisiaj raczej pytamy o samopoczucie, zdrowie, prac\u0119, plany na przysz\u0142o\u015b\u0107, jako\u015b unikaj\u0105c pytania o to, kto i czy w og\u00f3le mo\u017ce si\u0119 zbawi\u0107. Bardzo cz\u0119sto nasze my\u015bli kr\u0105\u017c\u0105 wok\u00f3\u0142 doczesno\u015bci, zmaga\u0144 z trudn\u0105 codzienno\u015bci\u0105. Jakby\u015bmy zapominali, \u017ce tu i teraz wykuwamy swoj\u0105 przysz\u0142o\u015b\u0107 w wieczno\u015bci. Czy pomy\u015bla\u0142e\u015b kiedy\u015b o tym, czy \u017cyj\u0105c, tak, jak \u017cyjesz obecnie jeste\u015b na drodze do zbawienia? Jakie pytania zadajesz Bogu na modlitwie?<\/p>\n<p>Znamienne jest w dzisiejszej Ewangelii tak\u017ce i to, \u017ce Jezus nie odpowiada wprost na tak postawione pytanie. Nie m\u00f3wi kto konkretnie mo\u017ce si\u0119 zbawi\u0107. On bardziej wskazuje na to w jaki spos\u00f3b, mo\u017cna zbawienie osi\u0105gn\u0105\u0107.<\/p>\n<p>Ciasne drzwi, znowu wielkie wymagania, kt\u00f3re Jezus nam stawia. Trzeba zacz\u0105\u0107 od tego, \u017ceby Boga pozna\u0107, mie\u0107 z Nim osobist\u0105 relacj\u0119, tak\u0105 osobow\u0105. Wielu ludzi zna Boga tylko ze s\u0142yszenia. S\u0142yszeli, \u017ce jest mi\u0142osierny, wi\u0119c s\u0105dz\u0105, \u017ce i tak im przebaczy grzechy. S\u0142yszeli, \u017ce jest w Ko\u015bciele, ale twierdz\u0105, \u017ce Ko\u015bci\u00f3\u0142 to instytucja, to tylko duchowni i nie jest im potrzebny do zbawienia. Wielu ludzi twierdzi, \u017ce wystarczy by\u0107 dobrym, mie\u0107 Boga w sercu i tyle. Nikt, ani nic innego nie jest im do zbawienia konieczne. A gdyby tak pos\u0142ucha\u0107 Chrystusa i Jego Ewangelii\u2026 Jezus nie m\u00f3wi w Ewangelii, \u017ce zbawi si\u0119 ten kto jest dobry, ale ten kto spo\u017cywa Jego Cia\u0142o i pije Jego krew. Warto to sobie u\u015bwiadomi\u0107 s\u0142uchaj\u0105c tych wszystkich, kt\u00f3rzy twierdz\u0105, \u017ce dadz\u0105 sobie rade w \u017cyciu sami, \u017ce niepotrzebne jest im chodzenie na Msz\u0119, sakrament pokuty i pojednania, spotkanie z Jezusem w Eucharystii, czyli w gruncie rzeczy Ko\u015bci\u00f3\u0142.<\/p>\n<p><strong>Chrystus chcia\u0142 istnienia Ko\u015bcio\u0142a i Ko\u015bcio\u0142owi zostawi\u0142 \u015brodki potrzebne do zbawienia.<\/strong> Fakt, aby si\u0119 zbawi\u0107 trzeba by\u0107 dobrym, sprawiedliwym, lecz tak\u017ce si\u0142\u0119 do tej sprawiedliwo\u015bci, do czynienia dobra trzeba tak\u017ce sk\u0105d\u015b bra\u0107. On sam daje t\u0119 si\u0142\u0119, On sam prowadzi i jest obecny w swoim Ko\u015bciele i w nim mo\u017cna Jezusa spotka\u0107 i pozna\u0107. Czy opieram si\u0119 w moim \u017cyciu na Jezusie? Czy licz\u0119 na Niego, czy te\u017c mo\u017ce tylko na to dobro, kt\u00f3re uwa\u017cam pochodzi ze mnie? Jaka jest moja opinia o Ko\u015bciele i obecno\u015bci w nim Jezusa\u2026?<\/p>\n","protected":false},"excerpt":{"rendered":"<p>S\u0105 r\u00f3\u017cne pytania, b\u0142ahe i bardziej wa\u017cne, s\u0105 tak\u017ce pytania od odpowiedzi, na kt\u00f3re zale\u017cy nasza przysz\u0142o\u015b\u0107, nasze \u017cycie\u2026 Dzisiaj w Ewangelii s\u0142yszymy pytanie zadane Jezusowi: \u201eCzy tylko nieliczni mog\u0105 si\u0119 zbawi\u0107?\u201d. Pytanie o zbawienie. Dla wsp\u00f3\u0142czesnych ludzi chyba bardzo zaskakuj\u0105ce. Dzisiaj raczej pytamy o samopoczucie, zdrowie, prac\u0119, plany na przysz\u0142o\u015b\u0107, jako\u015b unikaj\u0105c pytania o to, kto i czy w og\u00f3le mo\u017ce si\u0119 zbawi\u0107. Bardzo cz\u0119sto nasze my\u015bli kr\u0105\u017c\u0105 wok\u00f3\u0142 doczesno\u015bci, zmaga\u0144 z trudn\u0105 codzienno\u015bci\u0105. Jakby\u015bmy zapominali, \u017ce tu i teraz wykuwamy swoj\u0105 przysz\u0142o\u015b\u0107 w wieczno\u015bci. Czy pomy\u015bla\u0142e\u015b kiedy\u015b o tym, czy \u017cyj\u0105c, tak, jak \u017cyjesz obecnie jeste\u015b na drodze do zbawienia? Jakie pytania zadajesz Bogu na modlitwie? Znamienne jest w dzisiejszej Ewangelii tak\u017ce i to, \u017ce Jezus nie odpowiada wprost na tak postawione pytanie. Nie m\u00f3wi kto konkretnie mo\u017ce si\u0119 zbawi\u0107. On bardziej wskazuje na to w jaki spos\u00f3b, mo\u017cna zbawienie osi\u0105gn\u0105\u0107. Ciasne drzwi, znowu wielkie wymagania, kt\u00f3re Jezus&hellip;<\/p>\n<p> <a class=\"more-link\" href=\"http:\/\/www.franciszek-walcz.pl\/?p=4233\">Czytaj dalej<\/a><\/p>\n","protected":false},"author":1,"featured_media":0,"comment_status":"closed","ping_status":"open","sticky":false,"template":"","format":"standard","meta":{"footnotes":""},"categories":[5],"tags":[],"class_list":{"0":"post-4233","1":"post","2":"type-post","3":"status-publish","4":"format-standard","6":"category-artykuly"},"brizy_media":[],"_links":{"self":[{"href":"http:\/\/www.franciszek-walcz.pl\/index.php?rest_route=\/wp\/v2\/posts\/4233","targetHints":{"allow":["GET"]}}],"collection":[{"href":"http:\/\/www.franciszek-walcz.pl\/index.php?rest_route=\/wp\/v2\/posts"}],"about":[{"href":"http:\/\/www.franciszek-walcz.pl\/index.php?rest_route=\/wp\/v2\/types\/post"}],"author":[{"embeddable":true,"href":"http:\/\/www.franciszek-walcz.pl\/index.php?rest_route=\/wp\/v2\/users\/1"}],"replies":[{"embeddable":true,"href":"http:\/\/www.franciszek-walcz.pl\/index.php?rest_route=%2Fwp%2Fv2%2Fcomments&post=4233"}],"version-history":[{"count":1,"href":"http:\/\/www.franciszek-walcz.pl\/index.php?rest_route=\/wp\/v2\/posts\/4233\/revisions"}],"predecessor-version":[{"id":4234,"href":"http:\/\/www.franciszek-walcz.pl\/index.php?rest_route=\/wp\/v2\/posts\/4233\/revisions\/4234"}],"wp:attachment":[{"href":"http:\/\/www.franciszek-walcz.pl\/index.php?rest_route=%2Fwp%2Fv2%2Fmedia&parent=4233"}],"wp:term":[{"taxonomy":"category","embeddable":true,"href":"http:\/\/www.franciszek-walcz.pl\/index.php?rest_route=%2Fwp%2Fv2%2Fcategories&post=4233"},{"taxonomy":"post_tag","embeddable":true,"href":"http:\/\/www.franciszek-walcz.pl\/index.php?rest_route=%2Fwp%2Fv2%2Ftags&post=4233"}],"curies":[{"name":"wp","href":"https:\/\/api.w.org\/{rel}","templated":true}]}}