{"id":4241,"date":"2019-08-31T11:26:13","date_gmt":"2019-08-31T09:26:13","guid":{"rendered":"http:\/\/www.franciszek-walcz.pl\/?p=4241"},"modified":"2019-08-31T11:26:30","modified_gmt":"2019-08-31T09:26:30","slug":"pochwala-pokory","status":"publish","type":"post","link":"http:\/\/www.franciszek-walcz.pl\/?p=4241","title":{"rendered":"POCHWA\u0141A POKORY"},"content":{"rendered":"<p>Najw\u0142a\u015bciwsz\u0105 postaw\u0105 cz\u0142owieka wobec Wszechmocy Stw\u00f3rcy jest pokora. W dzisiejszym s\u0142owie Pan B\u00f3g pociesza i niejako o\u015bmiela skruszonego cz\u0142owieka, by wyzby\u0142 si\u0119 l\u0119ku przed Nim, gdy\u017c surowo\u015b\u0107 sprawiedliwego S\u0119dziego dotyczy wy\u0142\u0105cznie zatwardzia\u0142ych grzesznik\u00f3w, kt\u00f3rzy w swoim post\u0119powaniu kierowali si\u0119 pych\u0105.<\/p>\n<p>Trudno sobie wyobrazi\u0107, i\u017c nasz B\u00f3g, przed kt\u00f3rym nienawidz\u0105cy Go \u201erozwiewaj\u0105 si\u0119 jak dym, rozp\u0142ywaj\u0105 si\u0119 jak wosk przy ogniu\u201d (Ps 68,3), jest zarazem najczulszym opiekunem dla tych najbiedniejszych, najbardziej pogardzanych w oczach \u015bwiata \u2014 dla bezdomnych, bezrobotnych, chorych, s\u0142abych, nienarodzonych.<\/p>\n<p>Chwalebn\u0105 i mi\u0142\u0105 w oczach Pana jest postawa skromno\u015bci, polegaj\u0105ca na dobrowolnej rezygnacji z miejsc honorowych, zaszczytnych, tzw. pierwszych, a wybieraniu raczej tych ostatnich, ma\u0142o znacz\u0105cych. My\u015bl zawarta w przypowie\u015bci o uczcie odnosi si\u0119 r\u00f3wnie\u017c do uczty Eucharystycznej. Postawa zbli\u017caj\u0105cych si\u0119 do tego Sto\u0142u, wzgl\u0119dem dobroci Boga, kt\u00f3ry pozwala mi karmi\u0107 si\u0119 Jego darami, powinna wyra\u017ca\u0107 si\u0119, jak napisa\u0142 \u015bw. Tomasz, w pokorze i nisko\u015bci (Adoro te devote). Czy odczuwam niegodno\u015b\u0107 swojego wybrania w \u201euroczystym zebraniu w\u015br\u00f3d niezliczonej liczby anio\u0142\u00f3w i duch\u00f3w sprawiedliwych, kt\u00f3re ju\u017c dosz\u0142y do celu\u201d (Hbr 12,22-23)? Warto podj\u0105\u0107 wysi\u0142ek praktykowania cnoty pokory w swoim sercu, skoro znajduje ona tak wielkie upodobanie w oczach Boga.<\/p>\n<p>ks. Zbigniew Krzyszowski<\/p>\n","protected":false},"excerpt":{"rendered":"<p>Najw\u0142a\u015bciwsz\u0105 postaw\u0105 cz\u0142owieka wobec Wszechmocy Stw\u00f3rcy jest pokora. W dzisiejszym s\u0142owie Pan B\u00f3g pociesza i niejako o\u015bmiela skruszonego cz\u0142owieka, by wyzby\u0142 si\u0119 l\u0119ku przed Nim, gdy\u017c surowo\u015b\u0107 sprawiedliwego S\u0119dziego dotyczy wy\u0142\u0105cznie zatwardzia\u0142ych grzesznik\u00f3w, kt\u00f3rzy w swoim post\u0119powaniu kierowali si\u0119 pych\u0105. Trudno sobie wyobrazi\u0107, i\u017c nasz B\u00f3g, przed kt\u00f3rym nienawidz\u0105cy Go \u201erozwiewaj\u0105 si\u0119 jak dym, rozp\u0142ywaj\u0105 si\u0119 jak wosk przy ogniu\u201d (Ps 68,3), jest zarazem najczulszym opiekunem dla tych najbiedniejszych, najbardziej pogardzanych w oczach \u015bwiata \u2014 dla bezdomnych, bezrobotnych, chorych, s\u0142abych, nienarodzonych. Chwalebn\u0105 i mi\u0142\u0105 w oczach Pana jest postawa skromno\u015bci, polegaj\u0105ca na dobrowolnej rezygnacji z miejsc honorowych, zaszczytnych, tzw. pierwszych, a wybieraniu raczej tych ostatnich, ma\u0142o znacz\u0105cych. My\u015bl zawarta w przypowie\u015bci o uczcie odnosi si\u0119 r\u00f3wnie\u017c do uczty Eucharystycznej. Postawa zbli\u017caj\u0105cych si\u0119 do tego Sto\u0142u, wzgl\u0119dem dobroci Boga, kt\u00f3ry pozwala mi karmi\u0107 si\u0119 Jego darami, powinna wyra\u017ca\u0107 si\u0119, jak napisa\u0142 \u015bw. Tomasz, w pokorze i nisko\u015bci (Adoro te devote). Czy&hellip;<\/p>\n<p> <a class=\"more-link\" href=\"http:\/\/www.franciszek-walcz.pl\/?p=4241\">Czytaj dalej<\/a><\/p>\n","protected":false},"author":1,"featured_media":0,"comment_status":"closed","ping_status":"open","sticky":false,"template":"","format":"standard","meta":{"footnotes":""},"categories":[5],"tags":[],"class_list":{"0":"post-4241","1":"post","2":"type-post","3":"status-publish","4":"format-standard","6":"category-artykuly"},"brizy_media":[],"_links":{"self":[{"href":"http:\/\/www.franciszek-walcz.pl\/index.php?rest_route=\/wp\/v2\/posts\/4241","targetHints":{"allow":["GET"]}}],"collection":[{"href":"http:\/\/www.franciszek-walcz.pl\/index.php?rest_route=\/wp\/v2\/posts"}],"about":[{"href":"http:\/\/www.franciszek-walcz.pl\/index.php?rest_route=\/wp\/v2\/types\/post"}],"author":[{"embeddable":true,"href":"http:\/\/www.franciszek-walcz.pl\/index.php?rest_route=\/wp\/v2\/users\/1"}],"replies":[{"embeddable":true,"href":"http:\/\/www.franciszek-walcz.pl\/index.php?rest_route=%2Fwp%2Fv2%2Fcomments&post=4241"}],"version-history":[{"count":1,"href":"http:\/\/www.franciszek-walcz.pl\/index.php?rest_route=\/wp\/v2\/posts\/4241\/revisions"}],"predecessor-version":[{"id":4242,"href":"http:\/\/www.franciszek-walcz.pl\/index.php?rest_route=\/wp\/v2\/posts\/4241\/revisions\/4242"}],"wp:attachment":[{"href":"http:\/\/www.franciszek-walcz.pl\/index.php?rest_route=%2Fwp%2Fv2%2Fmedia&parent=4241"}],"wp:term":[{"taxonomy":"category","embeddable":true,"href":"http:\/\/www.franciszek-walcz.pl\/index.php?rest_route=%2Fwp%2Fv2%2Fcategories&post=4241"},{"taxonomy":"post_tag","embeddable":true,"href":"http:\/\/www.franciszek-walcz.pl\/index.php?rest_route=%2Fwp%2Fv2%2Ftags&post=4241"}],"curies":[{"name":"wp","href":"https:\/\/api.w.org\/{rel}","templated":true}]}}