{"id":4259,"date":"2019-08-31T21:00:07","date_gmt":"2019-08-31T19:00:07","guid":{"rendered":"http:\/\/www.franciszek-walcz.pl\/?p=4259"},"modified":"2019-08-31T21:01:15","modified_gmt":"2019-08-31T19:01:15","slug":"przeslanie-biskupa-polowego-z-okazji-80-rocznicy-wybuchu-ii-wojny-swiatowej","status":"publish","type":"post","link":"http:\/\/www.franciszek-walcz.pl\/?p=4259","title":{"rendered":"Przes\u0142anie Biskupa Polowego z okazji 80. rocznicy wybuchu II wojny \u015bwiatowej"},"content":{"rendered":"<p><strong>\u201eSad\u017amy drzewa pokoju i pojednania\u201d 1 wrze\u015bnia 2019 r.<\/strong><\/p>\n<p>We wrze\u015bniu 1939 r., a wi\u0119c niespe\u0142na dwadzie\u015bcia lat po odzyskaniu niepodleg\u0142o\u015bci przez Polsk\u0119, wybuch\u0142a II wojna \u015bwiatowa. M\u0142ode \u201edrzewo wolno\u015bci\u201d zosta\u0142o brutalnie podci\u0119te przez agresj\u0119 hitlerowskich Niemiec z zachodu oraz komunistycznej Rosji ze wschodu. Rozpocz\u0105\u0142 si\u0119 czas ciemnej nocy okupacji. Wr\u00f3g niszczy\u0142 nie tylko wszelkie punktu oporu, jakie stawia\u0142o Wojsko Polskie oraz s\u0142u\u017cby mundurowe, ale uderzy\u0142 tak\u017ce w bezbronn\u0105 ludno\u015b\u0107 cywiln\u0105. Jako symbol tragedii tamtego czasu pozostaje pomnik na Westerplatte, gdzie bohatersko bronili si\u0119 polscy \u017co\u0142nierze, ale tak\u017ce ruiny zabudowa\u0144 centrum Wielunia, gdzie spad\u0142y pierwsze bomby, nios\u0105ce \u015bmier\u0107 ludno\u015bci cywilnej. Podczas niemal sze\u015bciu lat okupacji powsta\u0142o wiele oboz\u00f3w zag\u0142ady i miejsc strace\u0144. Polska ziemia zosta\u0142a zroszona krwi\u0105 milion\u00f3w niewinnych ofiar. Powszechne by\u0142y b\u00f3l i \u0142zy po stracie bliskich.<br \/>\n1 wrze\u015bnia pragniemy pami\u0119ta\u0107 o tych, kt\u00f3rzy polegli przed osiemdziesi\u0119ciu laty rozpaczliwie broni\u0105c niepodleg\u0142o\u015bci naszej Ojczyzny. Nie mo\u017cemy zapomnie\u0107 o tych, kt\u00f3rzy nie pogodzili si\u0119 z wrze\u015bniow\u0105 kl\u0119sk\u0105 i przyst\u0105pili do organizowania struktur Polskiego Pa\u0144stwa Podziemnego z jego zbrojnym ramieniem. Wspominamy tych, kt\u00f3rzy wywiezieni na dalek\u0105 Syberi\u0119 i stepy Kazachstanu wst\u0105pili w 1941 r. do organizowanych na terenach sowieckiej Rosji struktur Wojska Polskiego.<br \/>\nNiech niedzielne Msze \u015bw. sprawowane w ko\u015bcio\u0142ach naszej Ojczyzny w 80. rocznic\u0119 wybuchu II wojny \u015bwiatowej b\u0119d\u0105 czasem \u017carliwej modlitwy w intencji poleg\u0142ych i zmar\u0142ych obro\u0144c\u00f3w naszej wolno\u015bci. Polecajmy Bo\u017cemu mi\u0142osierdziu ludno\u015b\u0107 cywiln\u0105, kt\u00f3ra ponios\u0142a wielkie straty zar\u00f3wno w wyniku zbrojnych dzia\u0142a\u0144 wrog\u00f3w naszego narodu, jak te\u017c w wyniku eksterminacji w obozach koncentracyjnych, \u0142agrach i miejscach strace\u0144.<br \/>\nRany zadane polskiemu narodowi z trudem zabli\u017ania\u0142y si\u0119 przez kolejne dziesi\u0119ciolecia. Wiekopomne znaczenie w dziele pojednania narodu polskiego i narodu niemieckiego mia\u0142o \u201eOr\u0119dzie biskup\u00f3w polskich do ich niemieckich braci w Chrystusowym urz\u0119dzie pasterskim\u201d wystosowane w 1965 r. Zapisane tam s\u0142owa \u201eudzielamy wybaczenia i prosimy o nie\u201d przyczyni\u0142y si\u0119 do powstania przestrzeni dialogu i otworzy\u0142y nowy rozdzia\u0142 w historii naszych pa\u0144stw.<br \/>\nPami\u0119taj\u0105c o wydarzeniach z przesz\u0142o\u015bci budujmy przysz\u0142o\u015b\u0107 na fundamencie prawdy. Je\u015bli jednak pragniemy, aby mi\u0119dzy narodami Europy i \u015bwiata wyr\u00f3s\u0142 las pokoju i pojednania, sad\u017amy drzewa braterstwa i przebaczenia, przyja\u017ani i solidarno\u015bci. \u201eB\u0142ogos\u0142awieni pok\u00f3j czyni\u0105cy, albowiem oni synami Bo\u017cymi b\u0119d\u0105 nazwani\u201d (Mt 5,9) \u2013 powiedzia\u0142 Jezus. Oby\u015bmy zas\u0142u\u017cyli na miano dzieci jednego Boga i budowniczych pokoju.<\/p>\n","protected":false},"excerpt":{"rendered":"<p>\u201eSad\u017amy drzewa pokoju i pojednania\u201d 1 wrze\u015bnia 2019 r. We wrze\u015bniu 1939 r., a wi\u0119c niespe\u0142na dwadzie\u015bcia lat po odzyskaniu niepodleg\u0142o\u015bci przez Polsk\u0119, wybuch\u0142a II wojna \u015bwiatowa. M\u0142ode \u201edrzewo wolno\u015bci\u201d zosta\u0142o brutalnie podci\u0119te przez agresj\u0119 hitlerowskich Niemiec z zachodu oraz komunistycznej Rosji ze wschodu. Rozpocz\u0105\u0142 si\u0119 czas ciemnej nocy okupacji. Wr\u00f3g niszczy\u0142 nie tylko wszelkie punktu oporu, jakie stawia\u0142o Wojsko Polskie oraz s\u0142u\u017cby mundurowe, ale uderzy\u0142 tak\u017ce w bezbronn\u0105 ludno\u015b\u0107 cywiln\u0105. Jako symbol tragedii tamtego czasu pozostaje pomnik na Westerplatte, gdzie bohatersko bronili si\u0119 polscy \u017co\u0142nierze, ale tak\u017ce ruiny zabudowa\u0144 centrum Wielunia, gdzie spad\u0142y pierwsze bomby, nios\u0105ce \u015bmier\u0107 ludno\u015bci cywilnej. Podczas niemal sze\u015bciu lat okupacji powsta\u0142o wiele oboz\u00f3w zag\u0142ady i miejsc strace\u0144. Polska ziemia zosta\u0142a zroszona krwi\u0105 milion\u00f3w niewinnych ofiar. Powszechne by\u0142y b\u00f3l i \u0142zy po stracie bliskich. 1 wrze\u015bnia pragniemy pami\u0119ta\u0107 o tych, kt\u00f3rzy polegli przed osiemdziesi\u0119ciu laty rozpaczliwie broni\u0105c niepodleg\u0142o\u015bci naszej Ojczyzny. Nie mo\u017cemy zapomnie\u0107 o tych, kt\u00f3rzy&hellip;<\/p>\n<p> <a class=\"more-link\" href=\"http:\/\/www.franciszek-walcz.pl\/?p=4259\">Czytaj dalej<\/a><\/p>\n","protected":false},"author":1,"featured_media":0,"comment_status":"closed","ping_status":"open","sticky":false,"template":"","format":"standard","meta":{"footnotes":""},"categories":[4],"tags":[],"class_list":{"0":"post-4259","1":"post","2":"type-post","3":"status-publish","4":"format-standard","6":"category-ogloszenia"},"brizy_media":[],"_links":{"self":[{"href":"http:\/\/www.franciszek-walcz.pl\/index.php?rest_route=\/wp\/v2\/posts\/4259","targetHints":{"allow":["GET"]}}],"collection":[{"href":"http:\/\/www.franciszek-walcz.pl\/index.php?rest_route=\/wp\/v2\/posts"}],"about":[{"href":"http:\/\/www.franciszek-walcz.pl\/index.php?rest_route=\/wp\/v2\/types\/post"}],"author":[{"embeddable":true,"href":"http:\/\/www.franciszek-walcz.pl\/index.php?rest_route=\/wp\/v2\/users\/1"}],"replies":[{"embeddable":true,"href":"http:\/\/www.franciszek-walcz.pl\/index.php?rest_route=%2Fwp%2Fv2%2Fcomments&post=4259"}],"version-history":[{"count":1,"href":"http:\/\/www.franciszek-walcz.pl\/index.php?rest_route=\/wp\/v2\/posts\/4259\/revisions"}],"predecessor-version":[{"id":4260,"href":"http:\/\/www.franciszek-walcz.pl\/index.php?rest_route=\/wp\/v2\/posts\/4259\/revisions\/4260"}],"wp:attachment":[{"href":"http:\/\/www.franciszek-walcz.pl\/index.php?rest_route=%2Fwp%2Fv2%2Fmedia&parent=4259"}],"wp:term":[{"taxonomy":"category","embeddable":true,"href":"http:\/\/www.franciszek-walcz.pl\/index.php?rest_route=%2Fwp%2Fv2%2Fcategories&post=4259"},{"taxonomy":"post_tag","embeddable":true,"href":"http:\/\/www.franciszek-walcz.pl\/index.php?rest_route=%2Fwp%2Fv2%2Ftags&post=4259"}],"curies":[{"name":"wp","href":"https:\/\/api.w.org\/{rel}","templated":true}]}}