{"id":4312,"date":"2019-09-14T13:26:10","date_gmt":"2019-09-14T11:26:10","guid":{"rendered":"http:\/\/www.franciszek-walcz.pl\/?p=4312"},"modified":"2019-09-14T13:26:47","modified_gmt":"2019-09-14T11:26:47","slug":"80-lat-po-napasci","status":"publish","type":"post","link":"http:\/\/www.franciszek-walcz.pl\/?p=4312","title":{"rendered":"80 lat po napa\u015bci"},"content":{"rendered":"<p><span style=\"color: #1f497d;\"><span style=\"font-size: large;\"><b>17 wrze\u015bnia: rocznica sowieckiej napa\u015bci na Polsk\u0119 <\/b><\/span><\/span><\/p>\n<p><span style=\"font-family: Times New Roman, serif;\"><span style=\"font-size: large;\">78 lat temu, 17 wrze\u015bnia 1939 r., \u0142ami\u0105c polsko-sowiecki pakt o nieagresji, Armia Czerwona wkroczy\u0142a na teren Rzeczypospolitej Polskiej, realizuj\u0105c tym samym ustalenia zawarte w tajnym protokole paktu Ribbentrop-Mo\u0142otow. Konsekwencj\u0105 sojuszu dw\u00f3ch zbrodniczych totalitaryzm\u00f3w by\u0142 rozbi\u00f3r osamotnionej w walce Polski. <\/span><\/span><\/p>\n<p><span style=\"font-family: Times New Roman, serif;\"><span style=\"font-size: medium;\"><span style=\"font-size: large;\">Najazd sowiecki by\u0142 agresj\u0105 zbrojn\u0105, podj\u0119t\u0105 &#8211; tak, jak niemiecka 1 wrze\u015bnia &#8211; bez wypowiedzenia wojny. Ambasador Wac\u0142aw Grzybowski wspomina\u0142, \u017ce po wyj\u015bciu od Potiomkina poinformowa\u0142 rz\u0105d polski o zaistnia\u0142ej sytuacji.<\/span><\/span><\/span><\/p>\n<p>Agresja Sowiet\u00f3w jest nazywana IV rozbiorem Polski, poniewa\u017c okupanci podzielili mi\u0119dzy siebie strefy wp\u0142yw\u00f3w. Dla Stalina by\u0142a to, jak si\u0119 s\u0105dzi, osobista zemsta za kl\u0119sk\u0119 poniesion\u0105 podczas najazdu na nasz kraj w 1920 roku.<\/p>\n<p><span style=\"font-family: Times New Roman, serif;\"><span style=\"font-size: medium;\"><span style=\"font-size: large;\">Sowiecka propaganda nazywa\u0142a atak &#8222;wypraw\u0105 wyzwole\u0144cz\u0105&#8221; w obronie &#8222;ludno\u015bci zachodniej Ukrainy i zachodniej Bia\u0142orusi&#8221;. Rozrzucane ulotki g\u0142osi\u0142y te\u017c, \u017ce czerwonoarmi\u015bci nios\u0105 pok\u00f3j Polakom, kt\u00f3rych &#8222;niem\u0105dry rz\u0105d wci\u0105gn\u0105\u0142 w awanturnicz\u0105 wojn\u0119&#8221;.<\/span><\/span><\/span><\/p>\n<p><span style=\"font-family: Times New Roman, serif;\"><span style=\"font-size: medium;\"><span style=\"font-size: large;\">mia\u0142y by\u0107 atakowane frontalnie przez podstawowe si\u0142y obu front\u00f3w&#8221;. (W.Materski &#8222;Tarcza Europy. Stosunki polsko-sowieckie 1918-1939&#8221;)<\/span><\/span><\/span><\/p>\n<p><span style=\"font-family: Times New Roman, serif;\"><span style=\"font-size: medium;\"><span style=\"font-size: large;\">\u0141\u0105cznie si\u0142y Armii Czerwonej skierowane w trzech rzutach przeciwko Rzeczypospolitej wynosi\u0142y ok. 1,5 miliona \u017co\u0142nierzy, ponad 6 tys. czo\u0142g\u00f3w i ok. 1800 samolot\u00f3w.<\/span><\/span><\/span><\/p>\n<p><span style=\"font-family: Times New Roman, serif;\"><span style=\"font-size: medium;\"><span style=\"font-size: large;\">W sumie w starciach z Armi\u0105 Czerwon\u0105 zgin\u0119\u0142o ok. 2,5 tys. polskich \u017co\u0142nierzy, a ok. 20 tys. by\u0142o rannych i zaginionych. Do niewoli sowieckiej dosta\u0142o si\u0119 ok. 250 tys. \u017co\u0142nierzy, w tym ponad 10 tys. oficer\u00f3w. <\/span><\/span><\/span><\/p>\n<p><span style=\"font-family: Times New Roman, serif;\"><span style=\"font-size: medium;\"><span style=\"font-size: large;\">W wyniku dokonanego rozbioru Polski Zwi\u0105zek Sowiecki zagarn\u0105\u0142 obszar o powierzchni ponad 190 tys. km kw. z ludno\u015bci\u0105 licz\u0105c\u0105 ok. 13 mln. <\/span><\/span><\/span><\/p>\n<p><span style=\"font-family: Times New Roman, serif;\"><span style=\"font-size: medium;\"><span style=\"font-size: large;\">&#8222;Uwa\u017ca si\u0119, \u017ce w ci\u0105gu niespe\u0142na dw\u00f3ch lat w\u0142adzy sowieckiej na ziemiach zabranych Polsce represjonowano w r\u00f3\u017cnych formach &#8211; od rozstrzelania, poprzez wi\u0119zienia, obozy i zsy\u0142ki, po prac\u0119 przymusow\u0105 &#8211; ponad 1 milion os\u00f3b (&#8230;). Nie mniej ni\u017c 30 tysi\u0119cy os\u00f3b zosta\u0142o rozstrzelanych, a \u015bmiertelno\u015b\u0107 w\u015br\u00f3d \u0142agiernik\u00f3w i deportowanych szacuje si\u0119 na 8-10 proc., czyli zmar\u0142o zapewne 90-100 tysi\u0119cy os\u00f3b&#8221;.<\/span><\/span><\/span><\/p>\n","protected":false},"excerpt":{"rendered":"<p>17 wrze\u015bnia: rocznica sowieckiej napa\u015bci na Polsk\u0119 78 lat temu, 17 wrze\u015bnia 1939 r., \u0142ami\u0105c polsko-sowiecki pakt o nieagresji, Armia Czerwona wkroczy\u0142a na teren Rzeczypospolitej Polskiej, realizuj\u0105c tym samym ustalenia zawarte w tajnym protokole paktu Ribbentrop-Mo\u0142otow. Konsekwencj\u0105 sojuszu dw\u00f3ch zbrodniczych totalitaryzm\u00f3w by\u0142 rozbi\u00f3r osamotnionej w walce Polski. Najazd sowiecki by\u0142 agresj\u0105 zbrojn\u0105, podj\u0119t\u0105 &#8211; tak, jak niemiecka 1 wrze\u015bnia &#8211; bez wypowiedzenia wojny. Ambasador Wac\u0142aw Grzybowski wspomina\u0142, \u017ce po wyj\u015bciu od Potiomkina poinformowa\u0142 rz\u0105d polski o zaistnia\u0142ej sytuacji. Agresja Sowiet\u00f3w jest nazywana IV rozbiorem Polski, poniewa\u017c okupanci podzielili mi\u0119dzy siebie strefy wp\u0142yw\u00f3w. Dla Stalina by\u0142a to, jak si\u0119 s\u0105dzi, osobista zemsta za kl\u0119sk\u0119 poniesion\u0105 podczas najazdu na nasz kraj w 1920 roku. Sowiecka propaganda nazywa\u0142a atak &#8222;wypraw\u0105 wyzwole\u0144cz\u0105&#8221; w obronie &#8222;ludno\u015bci zachodniej Ukrainy i zachodniej Bia\u0142orusi&#8221;. Rozrzucane ulotki g\u0142osi\u0142y te\u017c, \u017ce czerwonoarmi\u015bci nios\u0105 pok\u00f3j Polakom, kt\u00f3rych &#8222;niem\u0105dry rz\u0105d wci\u0105gn\u0105\u0142 w awanturnicz\u0105 wojn\u0119&#8221;. mia\u0142y by\u0107 atakowane frontalnie przez podstawowe si\u0142y obu&hellip;<\/p>\n<p> <a class=\"more-link\" href=\"http:\/\/www.franciszek-walcz.pl\/?p=4312\">Czytaj dalej<\/a><\/p>\n","protected":false},"author":1,"featured_media":0,"comment_status":"closed","ping_status":"open","sticky":false,"template":"","format":"standard","meta":{"footnotes":""},"categories":[5],"tags":[],"class_list":{"0":"post-4312","1":"post","2":"type-post","3":"status-publish","4":"format-standard","6":"category-artykuly"},"brizy_media":[],"_links":{"self":[{"href":"http:\/\/www.franciszek-walcz.pl\/index.php?rest_route=\/wp\/v2\/posts\/4312","targetHints":{"allow":["GET"]}}],"collection":[{"href":"http:\/\/www.franciszek-walcz.pl\/index.php?rest_route=\/wp\/v2\/posts"}],"about":[{"href":"http:\/\/www.franciszek-walcz.pl\/index.php?rest_route=\/wp\/v2\/types\/post"}],"author":[{"embeddable":true,"href":"http:\/\/www.franciszek-walcz.pl\/index.php?rest_route=\/wp\/v2\/users\/1"}],"replies":[{"embeddable":true,"href":"http:\/\/www.franciszek-walcz.pl\/index.php?rest_route=%2Fwp%2Fv2%2Fcomments&post=4312"}],"version-history":[{"count":2,"href":"http:\/\/www.franciszek-walcz.pl\/index.php?rest_route=\/wp\/v2\/posts\/4312\/revisions"}],"predecessor-version":[{"id":4314,"href":"http:\/\/www.franciszek-walcz.pl\/index.php?rest_route=\/wp\/v2\/posts\/4312\/revisions\/4314"}],"wp:attachment":[{"href":"http:\/\/www.franciszek-walcz.pl\/index.php?rest_route=%2Fwp%2Fv2%2Fmedia&parent=4312"}],"wp:term":[{"taxonomy":"category","embeddable":true,"href":"http:\/\/www.franciszek-walcz.pl\/index.php?rest_route=%2Fwp%2Fv2%2Fcategories&post=4312"},{"taxonomy":"post_tag","embeddable":true,"href":"http:\/\/www.franciszek-walcz.pl\/index.php?rest_route=%2Fwp%2Fv2%2Ftags&post=4312"}],"curies":[{"name":"wp","href":"https:\/\/api.w.org\/{rel}","templated":true}]}}