{"id":4387,"date":"2019-10-05T11:00:46","date_gmt":"2019-10-05T09:00:46","guid":{"rendered":"http:\/\/www.franciszek-walcz.pl\/?p=4387"},"modified":"2019-10-05T11:00:46","modified_gmt":"2019-10-05T09:00:46","slug":"sw-faustyna","status":"publish","type":"post","link":"http:\/\/www.franciszek-walcz.pl\/?p=4387","title":{"rendered":"\u015aw. Faustyna"},"content":{"rendered":"<p align=\"justify\"><span style=\"font-family: Times New Roman, serif;\"><span style=\"font-size: medium;\"><span style=\"font-size: large;\">\u015aw. Faustyna nazywana jest Aposto\u0142em Bo\u017cego Mi\u0142osierdzia. To ona przypomnia\u0142a \u015bwiatu o tej Bo\u017cej tajemnicy. Warto, przy okazji tego dzisiejszego wspomnienia, przypomnie\u0107 sobie jeszcze raz, kim by\u0142a Siostra Faustyna.<\/span><\/span><\/span><\/p>\n<p align=\"justify\"><span style=\"font-family: Times New Roman, serif;\"><span style=\"font-size: medium;\"><span style=\"font-size: large;\">Urodzi\u0142a si\u0119 niedaleko \u0141odzi w 1905 roku jako trzecia z dziesi\u0119ciorga rodze\u0144stwa. Od ma\u0142ego wyr\u00f3\u017cnia\u0142a si\u0119 mi\u0142o\u015bci\u0105 do modlitwy, pracowito\u015bci\u0105, pos\u0142usze\u0144stwem i wra\u017cliwo\u015bci\u0105 na ludzk\u0105 bied\u0119. <\/span><\/span><\/span><\/p>\n<p align=\"justify\"><span style=\"font-family: Times New Roman, serif;\"><span style=\"font-size: medium;\"><span style=\"font-size: large;\">Wiemy, \u017ce jej wykszta\u0142cenie to tylko trzy klasy szko\u0142y i \u017ce maj\u0105c lat 16 opu\u015bci\u0142a dom rodzinny, aby pracowa\u0107 jako s\u0142u\u017c\u0105ca. Po roku s\u0142u\u017cby oznajmi\u0142a rodzicom zamiar wst\u0105pienia do zakonu. Dwukrotnie spotka\u0142a si\u0119 ze stanowcz\u0105 odmow\u0105. Maj\u0105c 20 lat wst\u0105pi\u0142a jednak do Zgromadzenia Si\u00f3str Matki Bo\u017cej Mi\u0142osierdzia, gdzie prze\u017cy\u0142a 13 lat, wype\u0142niaj\u0105c obowi\u0105zki kucharki, furtianki i zajmowa\u0142a si\u0119 tam przyklasztornym ogrodem. <\/span><\/span><\/span><\/p>\n<p align=\"justify\"><span style=\"font-family: Times New Roman, serif;\"><span style=\"font-size: medium;\"><span style=\"font-size: large;\">Jej \u017cycie, na poz\u00f3r takie zwyczajne, powszechne, monotonne i szare, charakteryzowa\u0142o si\u0119 nadzwyczajna g\u0142\u0119bia jedno\u015bci z Bogiem. Od dziecka pragn\u0119\u0142a zosta\u0107 \u015bwi\u0119t\u0105 i w konsekwencji sz\u0142a t\u0105 drog\u0105 \u015bwi\u0119to\u015bci, wsp\u00f3\u0142pracuj\u0105c z Panem Jezusem w dziele zbawienia zagubionych dusz, a\u017c do z\u0142o\u017cenia ofiary z w\u0142asnego \u017cycia za grzesznik\u00f3w. Lata jej zakonnego \u017cycia naznaczone by\u0142y cierpieniem i niezwyk\u0142ymi mistycznymi \u0142askami. \u00a0<\/span><\/span><\/span><\/p>\n<p align=\"justify\"><span style=\"font-family: Times New Roman, serif;\"><span style=\"font-size: medium;\"><span style=\"font-size: large;\">Misja \u015bw. Faustyny z\u0142o\u017cona jest z trzech zada\u0144:<\/span><\/span><\/span><\/p>\n<p align=\"justify\"><span style=\"font-family: Times New Roman, serif;\"><span style=\"font-size: medium;\"><span style=\"font-size: large;\">&#8211; przybli\u017cy\u0107 i g\u0142osi\u0107 \u015bwiatu objawiona w Pi\u015bmie \u015bw. prawd\u0119 o mi\u0142osiernej mi\u0142o\u015bci Pana Boga do ka\u017cdego cz\u0142owieka.<\/span><\/span><\/span><\/p>\n<p align=\"justify\"><span style=\"font-family: Times New Roman, serif;\"><span style=\"font-size: medium;\"><span style=\"font-size: large;\">&#8211; b\u0142aga\u0107 o mi\u0142osierdzie Bo\u017ce dla ca\u0142ego \u015bwiata, a szczeg\u00f3lnie dla grzesznik\u00f3w, poprzez praktyk\u0119 kultu Bo\u017cego Mi\u0142osierdzia, objawionych jej przez Pana Jezusa: <\/span><\/span><\/span><\/p>\n<p align=\"justify\"><span style=\"font-family: Times New Roman, serif;\"><span style=\"font-size: medium;\"><span style=\"font-size: large;\">Jego wizerunek z napisem Jezu, ufam Tobie; \u015bwi\u0119to Bo\u017cego Mi\u0142osierdzia w pierwsz\u0105 Niedziel\u0119 po Wielkanocy, koronk\u0119 do Mi\u0142osierdzia Bo\u017cego i modlitw\u0119 w godzinie M\u0119ki Pa\u0144skiej. Z kultem tym zwi\u0105zane s\u0105 obietnice, udzielone Faustynie przez Pana Jezusa, pod warunkiem zaufania do Pana Boga i praktykowania aktywnej mi\u0142o\u015bci bli\u017aniego.<\/span><\/span><\/span><\/p>\n<p align=\"justify\"><span style=\"font-family: Times New Roman, serif;\"><span style=\"font-size: medium;\"><span style=\"font-size: large;\">&#8211; trzecim zadaniem jest rozkrzewianie z ruchu apostolskiego Bo\u017cego Mi\u0142osierdzia dla g\u0142oszenia i osi\u0105gni\u0119cia tego\u017c mi\u0142osierdzia dla ca\u0142ego \u015bwiata.<\/span><\/span><\/span><\/p>\n<p align=\"justify\"><span style=\"font-family: Times New Roman, serif;\"><span style=\"font-size: medium;\"><span style=\"font-size: large;\">Wyrazi\u0142a ona swoja misj\u0119 w Dzienniczku, jaki napisa\u0142a pod wyp\u0142ywem natchnienia Pana Jezusa i znanym ju\u017c na ca\u0142ym \u015bwiecie. Zawar\u0142a w nim wszystko to, o co Jezus ja prosi\u0142 i opisa\u0142a wszystkie spotkania z Nim.<\/span><\/span><\/span><\/p>\n<p align=\"justify\">\u201e<span style=\"font-family: Times New Roman, serif;\"><span style=\"font-size: medium;\"><span style=\"font-size: large;\">Sekretarko najg\u0142\u0119bszej tajemnicy Mojej \u2013 powiedzia\u0142 Pan Jezus do Faustyny -, wiedz o tym, \u017ce jeste\u015b w wy\u0142\u0105cznej poufa\u0142o\u015bci ze Mn\u0105; twoim zadaniem jest napisa\u0107 wszystko, co ci daj\u0119 pozna\u0107 o Moim mi\u0142osierdziu dla po\u017cytku dusz, kt\u00f3re czytaj\u0105c te pisma, doznaj\u0105 w duszy pocieszenia i nabior\u0105 odwagi zbli\u017ca\u0107 si\u0119 do Mnie\u201d . <\/span><\/span><\/span><\/p>\n<p align=\"justify\"><span style=\"font-family: Times New Roman, serif;\"><span style=\"font-size: medium;\"><span style=\"font-size: large;\">Ta ksi\u0105\u017ceczka przybli\u017ca nam w spos\u00f3b nadzwyczajny tajemnic\u0119 Bo\u017cego mi\u0142osierdzia. Przyci\u0105ga nie tylko prostych ludzi do siebie, ale i uczonych, kt\u00f3rzy odkrywaj\u0105 w niej \u017ar\u00f3d\u0142o dla swoich przemy\u015ble\u0144.<\/span><\/span><\/span><\/p>\n<p align=\"justify\"><span style=\"font-family: Times New Roman, serif;\"><span style=\"font-size: medium;\"><span style=\"font-size: large;\">Na \u017cycie \u015bw. Faustyny spojrze\u0107 mo\u017cemy jaki na przypowie\u015b\u0107 ewangeliczn\u0105 o winnicy Pa\u0144skiej. Ona, wiedz\u0105c, \u017ce otrzyma\u0142a od Boga wiele dar\u00f3w, potrafi\u0142a odpowiedzie\u0107 na trosk\u0119 Boskiego Gospodarza. Wi\u0119cej jeszcze, wyda\u0142a wiele dobrych owoc\u00f3w, kt\u00f3rymi zachwycamy si\u0119 i my dzisiaj i z kt\u00f3rych korzystamy i kt\u00f3rymi si\u0119 karmimy.<\/span><\/span><\/span><\/p>\n<p align=\"justify\"><span style=\"font-family: Times New Roman, serif;\"><span style=\"font-size: medium;\"><span style=\"font-size: large;\">Pewien gospodarz za\u0142o\u017cy\u0142 winnic\u0119, otoczy\u0142 j\u0105 murem, wykopa\u0142 w niej t\u0142oczni\u0119, zbudowa\u0142 wie\u017c\u0119, w ko\u0144cu odda\u0142 j\u0105 w dzier\u017caw\u0119 rolnikom, aby w niej pracowali. I tutaj zaczyna si\u0119 cos nies\u0142ychanego, poniewa\u017c rolnicy morduj\u0105 s\u0142ugi, kt\u00f3re pos\u0142a\u0142 gospodarz winnicy.<\/span><\/span><\/span><\/p>\n<p align=\"justify\"><span style=\"font-family: Times New Roman, serif;\"><span style=\"font-size: medium;\"><span style=\"font-size: large;\">M\u00f3g\u0142 on wtedy pos\u0142a\u0107 stra\u017c miejska, lecz pos\u0142a\u0142 swojego syna. Czy by\u0142o to roztropne z jego strony? A inne pytanie to: gdzie jest powiedziane, \u017ce kiedy zabije si\u0119 spadkobierc\u0119, morderca dziedziczy spadek po w\u0142a\u015bcicielu?<\/span><\/span><\/span><\/p>\n<p align=\"justify\"><span style=\"font-family: Times New Roman, serif;\"><span style=\"font-size: medium;\"><span style=\"font-size: large;\">T\u0105 winnic\u0105 mo\u017ce by\u0107 ka\u017cdy z nas \u2013 tyle przecie\u017c dar\u00f3w otrzymali\u015bmy od Boga z wielk\u0105 mi\u0142o\u015bci\u0105 i delikatno\u015bci\u0105, a jednak nie potrafili\u015bmy odpowiedzie\u0107 na trosk\u0119 Boskiego Gospodarza. Wi\u0119cej jeszcze, by\u0107 mo\u017ce nie wydali\u015bmy dobrych owoc\u00f3w, lecz tylko gorzkie i zepsute. Jakie zatem owoce naszego \u017cycia wydali\u015bmy dot\u0105d?<\/span><\/span><\/span><\/p>\n<p align=\"justify\"><span style=\"font-family: Times New Roman, serif;\"><span style=\"font-size: medium;\"><span style=\"font-size: large;\">Chrystus jest kamieniem w\u0119gielnym, jest g\u0142owica w\u0119g\u0142a ca\u0142ej historii. On chce by\u0107 tak\u017ce fundamentem naszego \u017cycia. Nie mo\u017cemy pozosta\u0107 oboj\u0119tni i albo oddamy gospodarzowi winnicy dobre zbiory, takie jakich od nas oczekuje, albo nie dostaniemy nic w zamian. Nie ma innej mo\u017cliwo\u015bci.<\/span><\/span><\/span><\/p>\n","protected":false},"excerpt":{"rendered":"<p>\u015aw. Faustyna nazywana jest Aposto\u0142em Bo\u017cego Mi\u0142osierdzia. To ona przypomnia\u0142a \u015bwiatu o tej Bo\u017cej tajemnicy. Warto, przy okazji tego dzisiejszego wspomnienia, przypomnie\u0107 sobie jeszcze raz, kim by\u0142a Siostra Faustyna. Urodzi\u0142a si\u0119 niedaleko \u0141odzi w 1905 roku jako trzecia z dziesi\u0119ciorga rodze\u0144stwa. Od ma\u0142ego wyr\u00f3\u017cnia\u0142a si\u0119 mi\u0142o\u015bci\u0105 do modlitwy, pracowito\u015bci\u0105, pos\u0142usze\u0144stwem i wra\u017cliwo\u015bci\u0105 na ludzk\u0105 bied\u0119. Wiemy, \u017ce jej wykszta\u0142cenie to tylko trzy klasy szko\u0142y i \u017ce maj\u0105c lat 16 opu\u015bci\u0142a dom rodzinny, aby pracowa\u0107 jako s\u0142u\u017c\u0105ca. Po roku s\u0142u\u017cby oznajmi\u0142a rodzicom zamiar wst\u0105pienia do zakonu. Dwukrotnie spotka\u0142a si\u0119 ze stanowcz\u0105 odmow\u0105. Maj\u0105c 20 lat wst\u0105pi\u0142a jednak do Zgromadzenia Si\u00f3str Matki Bo\u017cej Mi\u0142osierdzia, gdzie prze\u017cy\u0142a 13 lat, wype\u0142niaj\u0105c obowi\u0105zki kucharki, furtianki i zajmowa\u0142a si\u0119 tam przyklasztornym ogrodem. Jej \u017cycie, na poz\u00f3r takie zwyczajne, powszechne, monotonne i szare, charakteryzowa\u0142o si\u0119 nadzwyczajna g\u0142\u0119bia jedno\u015bci z Bogiem. Od dziecka pragn\u0119\u0142a zosta\u0107 \u015bwi\u0119t\u0105 i w konsekwencji sz\u0142a t\u0105 drog\u0105 \u015bwi\u0119to\u015bci, wsp\u00f3\u0142pracuj\u0105c z Panem Jezusem w&hellip;<\/p>\n<p> <a class=\"more-link\" href=\"http:\/\/www.franciszek-walcz.pl\/?p=4387\">Czytaj dalej<\/a><\/p>\n","protected":false},"author":1,"featured_media":0,"comment_status":"closed","ping_status":"open","sticky":false,"template":"","format":"standard","meta":{"footnotes":""},"categories":[5],"tags":[],"class_list":{"0":"post-4387","1":"post","2":"type-post","3":"status-publish","4":"format-standard","6":"category-artykuly"},"brizy_media":[],"_links":{"self":[{"href":"http:\/\/www.franciszek-walcz.pl\/index.php?rest_route=\/wp\/v2\/posts\/4387","targetHints":{"allow":["GET"]}}],"collection":[{"href":"http:\/\/www.franciszek-walcz.pl\/index.php?rest_route=\/wp\/v2\/posts"}],"about":[{"href":"http:\/\/www.franciszek-walcz.pl\/index.php?rest_route=\/wp\/v2\/types\/post"}],"author":[{"embeddable":true,"href":"http:\/\/www.franciszek-walcz.pl\/index.php?rest_route=\/wp\/v2\/users\/1"}],"replies":[{"embeddable":true,"href":"http:\/\/www.franciszek-walcz.pl\/index.php?rest_route=%2Fwp%2Fv2%2Fcomments&post=4387"}],"version-history":[{"count":1,"href":"http:\/\/www.franciszek-walcz.pl\/index.php?rest_route=\/wp\/v2\/posts\/4387\/revisions"}],"predecessor-version":[{"id":4388,"href":"http:\/\/www.franciszek-walcz.pl\/index.php?rest_route=\/wp\/v2\/posts\/4387\/revisions\/4388"}],"wp:attachment":[{"href":"http:\/\/www.franciszek-walcz.pl\/index.php?rest_route=%2Fwp%2Fv2%2Fmedia&parent=4387"}],"wp:term":[{"taxonomy":"category","embeddable":true,"href":"http:\/\/www.franciszek-walcz.pl\/index.php?rest_route=%2Fwp%2Fv2%2Fcategories&post=4387"},{"taxonomy":"post_tag","embeddable":true,"href":"http:\/\/www.franciszek-walcz.pl\/index.php?rest_route=%2Fwp%2Fv2%2Ftags&post=4387"}],"curies":[{"name":"wp","href":"https:\/\/api.w.org\/{rel}","templated":true}]}}