{"id":4391,"date":"2019-10-05T11:06:00","date_gmt":"2019-10-05T09:06:00","guid":{"rendered":"http:\/\/www.franciszek-walcz.pl\/?p=4391"},"modified":"2019-10-05T11:06:00","modified_gmt":"2019-10-05T09:06:00","slug":"slowo-przewodniczacego-konferencji-episkopatu-polski-przed-wyborami-parlamentarnymi","status":"publish","type":"post","link":"http:\/\/www.franciszek-walcz.pl\/?p=4391","title":{"rendered":"S\u0142owo Przewodnicz\u0105cego Konferencji Episkopatu Polski przed wyborami parlamentarnymi."},"content":{"rendered":"<p align=\"justify\"><span style=\"font-family: Times New Roman, serif;\"><span style=\"font-size: medium;\"><span style=\"font-size: large;\">Drodzy Bracia i Siostry w Chrystusie,<\/span><\/span><\/span><\/p>\n<p align=\"justify\"><span style=\"font-family: Times New Roman, serif;\"><span style=\"font-size: medium;\"><span style=\"font-size: large;\">Zbli\u017caj\u0105ce si\u0119 wybory parlamentarne s\u0105 dla mnie sposobno\u015bci\u0105 do przypomnienia kilku podstawowych zasad Katolickiej Nauki Spo\u0142ecznej, dotycz\u0105cych odpowiedzialno\u015bci katolik\u00f3w za \u017cycie polityczne.<\/span><\/span><\/span><\/p>\n<p align=\"justify\"><span style=\"font-family: Times New Roman, serif;\"><span style=\"font-size: medium;\"><span style=\"font-size: large;\">Zach\u0119caj\u0105c do udzia\u0142u w wyborach pragn\u0119 najpierw przypomnie\u0107, \u017ce z moralnego punktu widzenia mi\u0142o\u015b\u0107 Ojczyzny i odpowiedzialno\u015b\u0107 za dobro wsp\u00f3lne wymagaj\u0105 od wszystkich korzystania z prawa wyborczego. Nic \u2013 poza nadzwyczajnymi okoliczno\u015bciami \u2013 nie usprawiedliwia nieobecno\u015bci katolik\u00f3w w sprawach publicznych.<\/span><\/span><\/span><\/p>\n<p align=\"justify\"><span style=\"font-family: Times New Roman, serif;\"><span style=\"font-size: medium;\"><span style=\"font-size: large;\">W procesie dokonywania odpowiedzialnego wyboru odpowiedniego kandydata nale\u017cy wzi\u0105\u0107 pod uwag\u0119: jego prawo\u015b\u0107 moraln\u0105, kompetencje w dziedzinie \u017cycia politycznego i obywatelskiego, potwierdzone dotychczasow\u0105 dzia\u0142alno\u015bci\u0105 publiczn\u0105, \u015bwiadectwo \u017cycia w rodzinie oraz ma\u0142ej ojczy\u017anie. Licz\u0105 si\u0119 r\u00f3wnie\u017c takie cechy osobowo\u015bci jak: wyrazista to\u017csamo\u015b\u0107, szacunek do ka\u017cdego cz\u0142owieka, postawa dialogu i umiej\u0119tno\u015b\u0107 wsp\u00f3\u0142pracy z innymi, zdolno\u015b\u0107 do roztropnego rozwi\u0105zywania konflikt\u00f3w, mi\u0142o\u015b\u0107 Ojczyzny oraz traktowanie w\u0142adzy jako s\u0142u\u017cby. Wyb\u00f3r takich kandydat\u00f3w daje wi\u0119ksz\u0105 szans\u0119 na integralny i solidarny rozw\u00f3j naszego kraju.<\/span><\/span><\/span><\/p>\n<p align=\"justify\"><span style=\"font-family: Times New Roman, serif;\"><span style=\"font-size: medium;\"><span style=\"font-size: large;\">Jednocze\u015bnie zdaj\u0119 sobie spraw\u0119 z tego, \u017ce \u2013 w zakresie porz\u0105dku spraw doczesnych \u2013 tak\u017ce mi\u0119dzy katolikami mog\u0105 istnie\u0107 uprawnione r\u00f3\u017cnice pogl\u0105d\u00f3w. Pluralizm nie mo\u017ce jednak oznacza\u0107 moralnego relatywizmu. Fundamentalne zasady etyczne \u2013 ze wzgl\u0119du na ich natur\u0119 i rol\u0119, jak\u0105 pe\u0142ni\u0105 w \u017cyciu spo\u0142ecznym \u2013 nie mog\u0105 by\u0107 przedmiotem \u201enegocjacji\u201d. Jak to wielokrotnie przypominali papie\u017ce, m.in. \u015bw. Jan Pawe\u0142 II, a ostatnio Papie\u017c Franciszek, katolicy powinni popiera\u0107 programy broni\u0105ce prawa do \u017cycia od pocz\u0119cia do naturalnej \u015bmierci, gwarantuj\u0105ce prawn\u0105 definicj\u0119 ma\u0142\u017ce\u0144stwa jako trwa\u0142ego zwi\u0105zku jednego m\u0119\u017cczyzny i jednej kobiety, promuj\u0105ce polityk\u0119 rodzinn\u0105, wspieraj\u0105ce dzietno\u015b\u0107, gwarantuj\u0105ce prawo rodzic\u00f3w do wychowania w\u0142asnego potomstwa zgodnie z wyznawan\u0105 wiar\u0105 i moralnymi przekonaniami. W zwi\u0105zku z tym katolicy nie mog\u0105 wspiera\u0107 program\u00f3w, kt\u00f3re promuj\u0105 aborcj\u0119, staraj\u0105 si\u0119 przedefiniowa\u0107 instytucj\u0119 ma\u0142\u017ce\u0144stwa, usi\u0142uj\u0105 ograniczy\u0107 prawa rodzic\u00f3w w zakresie odpowiedzialno\u015bci za wychowanie ich dzieci, propaguj\u0105 demoralizacj\u0119 dzieci i m\u0142odzie\u017cy. Nie mog\u0105 si\u0119 decydowa\u0107 na wyb\u00f3r kandydata, kt\u00f3ry wyra\u017ca pogl\u0105dy budz\u0105ce zastrze\u017cenia z punktu widzenia moralnego oraz ryzykowne z punktu widzenia politycznego.<\/span><\/span><\/span><\/p>\n<p align=\"justify\"><span style=\"font-family: Times New Roman, serif;\"><span style=\"font-size: medium;\"><span style=\"font-size: large;\">Wyra\u017cam g\u0142\u0119bokie przekonanie, \u017ce \u2013 niezale\u017cnie od podzia\u0142\u00f3w oraz napi\u0119\u0107 politycznych i spo\u0142ecznych w Polsce \u2013 mo\u017cliwe i konieczne jest budowanie narodowej wsp\u00f3lnoty poprzez dialog i solidarno\u015b\u0107 w prawdzie, we wzajemnym szacunku oraz z my\u015bl\u0105 o przysz\u0142ych pokoleniach. Nie rozbudzajmy wi\u0119c emocji, kt\u00f3re spowodowa\u0142yby, \u017ce po wyborach trudno nam b\u0119dzie odnosi\u0107 si\u0119 do siebie nawzajem z szacunkiem.<\/span><\/span><\/span><\/p>\n<p align=\"justify\"><span style=\"font-family: Times New Roman, serif;\"><span style=\"font-size: medium;\"><span style=\"font-size: large;\">Zach\u0119cam ka\u017cdego do udzia\u0142u w modlitwie o owocny przebieg g\u0142osowania. \u017bycz\u0119 wszystkim, aby okres kampanii zosta\u0142 zapami\u0119tany nie tyle jako czas walki o w\u0142adz\u0119, ile raczej jako czas owocnej dyskusji o dobru naszej Ojczyzny i kierunkach jej integralnego rozwoju. A zwyci\u0119zc\u00f3w wybor\u00f3w prosz\u0119 o to, aby stali si\u0119 prawdziwymi \u201enarz\u0119dziami pokoju i pojednania\u201d.<\/span><\/span><\/span><\/p>\n<p align=\"center\"><span style=\"font-family: Times New Roman, serif;\"><span style=\"font-size: medium;\"><span style=\"font-size: large;\">+ Stanis\u0142aw G\u0105decki<br \/>\nArcybiskup Metropolita Pozna\u0144ski<br \/>\nPrzewodnicz\u0105cy Konferencji Episkopatu Polski<br \/>\nWiceprzewodnicz\u0105cy Konferencji Episkopat\u00f3w Europy<\/span><\/span><\/span><\/p>\n<p><span style=\"font-family: Times New Roman, serif;\"><span style=\"font-size: medium;\"><span style=\"font-size: large;\">Warszawa, 1 pa\u017adziernika 2019 roku<\/span><\/span><\/span><\/p>\n","protected":false},"excerpt":{"rendered":"<p>Drodzy Bracia i Siostry w Chrystusie, Zbli\u017caj\u0105ce si\u0119 wybory parlamentarne s\u0105 dla mnie sposobno\u015bci\u0105 do przypomnienia kilku podstawowych zasad Katolickiej Nauki Spo\u0142ecznej, dotycz\u0105cych odpowiedzialno\u015bci katolik\u00f3w za \u017cycie polityczne. Zach\u0119caj\u0105c do udzia\u0142u w wyborach pragn\u0119 najpierw przypomnie\u0107, \u017ce z moralnego punktu widzenia mi\u0142o\u015b\u0107 Ojczyzny i odpowiedzialno\u015b\u0107 za dobro wsp\u00f3lne wymagaj\u0105 od wszystkich korzystania z prawa wyborczego. Nic \u2013 poza nadzwyczajnymi okoliczno\u015bciami \u2013 nie usprawiedliwia nieobecno\u015bci katolik\u00f3w w sprawach publicznych. W procesie dokonywania odpowiedzialnego wyboru odpowiedniego kandydata nale\u017cy wzi\u0105\u0107 pod uwag\u0119: jego prawo\u015b\u0107 moraln\u0105, kompetencje w dziedzinie \u017cycia politycznego i obywatelskiego, potwierdzone dotychczasow\u0105 dzia\u0142alno\u015bci\u0105 publiczn\u0105, \u015bwiadectwo \u017cycia w rodzinie oraz ma\u0142ej ojczy\u017anie. Licz\u0105 si\u0119 r\u00f3wnie\u017c takie cechy osobowo\u015bci jak: wyrazista to\u017csamo\u015b\u0107, szacunek do ka\u017cdego cz\u0142owieka, postawa dialogu i umiej\u0119tno\u015b\u0107 wsp\u00f3\u0142pracy z innymi, zdolno\u015b\u0107 do roztropnego rozwi\u0105zywania konflikt\u00f3w, mi\u0142o\u015b\u0107 Ojczyzny oraz traktowanie w\u0142adzy jako s\u0142u\u017cby. Wyb\u00f3r takich kandydat\u00f3w daje wi\u0119ksz\u0105 szans\u0119 na integralny i solidarny rozw\u00f3j naszego kraju. Jednocze\u015bnie zdaj\u0119 sobie spraw\u0119 z&hellip;<\/p>\n<p> <a class=\"more-link\" href=\"http:\/\/www.franciszek-walcz.pl\/?p=4391\">Czytaj dalej<\/a><\/p>\n","protected":false},"author":1,"featured_media":0,"comment_status":"closed","ping_status":"open","sticky":false,"template":"","format":"standard","meta":{"footnotes":""},"categories":[4],"tags":[],"class_list":{"0":"post-4391","1":"post","2":"type-post","3":"status-publish","4":"format-standard","6":"category-ogloszenia"},"brizy_media":[],"_links":{"self":[{"href":"http:\/\/www.franciszek-walcz.pl\/index.php?rest_route=\/wp\/v2\/posts\/4391","targetHints":{"allow":["GET"]}}],"collection":[{"href":"http:\/\/www.franciszek-walcz.pl\/index.php?rest_route=\/wp\/v2\/posts"}],"about":[{"href":"http:\/\/www.franciszek-walcz.pl\/index.php?rest_route=\/wp\/v2\/types\/post"}],"author":[{"embeddable":true,"href":"http:\/\/www.franciszek-walcz.pl\/index.php?rest_route=\/wp\/v2\/users\/1"}],"replies":[{"embeddable":true,"href":"http:\/\/www.franciszek-walcz.pl\/index.php?rest_route=%2Fwp%2Fv2%2Fcomments&post=4391"}],"version-history":[{"count":1,"href":"http:\/\/www.franciszek-walcz.pl\/index.php?rest_route=\/wp\/v2\/posts\/4391\/revisions"}],"predecessor-version":[{"id":4392,"href":"http:\/\/www.franciszek-walcz.pl\/index.php?rest_route=\/wp\/v2\/posts\/4391\/revisions\/4392"}],"wp:attachment":[{"href":"http:\/\/www.franciszek-walcz.pl\/index.php?rest_route=%2Fwp%2Fv2%2Fmedia&parent=4391"}],"wp:term":[{"taxonomy":"category","embeddable":true,"href":"http:\/\/www.franciszek-walcz.pl\/index.php?rest_route=%2Fwp%2Fv2%2Fcategories&post=4391"},{"taxonomy":"post_tag","embeddable":true,"href":"http:\/\/www.franciszek-walcz.pl\/index.php?rest_route=%2Fwp%2Fv2%2Ftags&post=4391"}],"curies":[{"name":"wp","href":"https:\/\/api.w.org\/{rel}","templated":true}]}}