{"id":4726,"date":"2019-10-12T11:19:30","date_gmt":"2019-10-12T09:19:30","guid":{"rendered":"http:\/\/www.franciszek-walcz.pl\/?p=4726"},"modified":"2019-10-12T11:20:14","modified_gmt":"2019-10-12T09:20:14","slug":"wolnosc-darem-boga-jan-pawel-ii-papiez-wolnosci","status":"publish","type":"post","link":"http:\/\/www.franciszek-walcz.pl\/?p=4726","title":{"rendered":"Wolno\u015b\u0107 darem Boga! Jan Pawe\u0142 II Papie\u017c Wolno\u015bci"},"content":{"rendered":"<p>Prze\u017cywamy dzie\u0144 papieski. Kolejny. Po co? R\u00f3\u017cne padn\u0105 odpowiedzi. Pierwsze czytanie przypomina nam, \u017ce w \u017cyciu cz\u0142owieka bardzo wa\u017cna jest m\u0105dro\u015b\u0107. Czym jest m\u0105dro\u015b\u0107. Sztuk\u0105 takiego \u017cycia, \u017ce cz\u0142owiek si\u0119 spe\u0142nia i jest szcz\u0119\u015bliwy. Prawdziwie szcz\u0119\u015bliwy. I przypominamy sobie t\u0119 prawd\u0119 wiary, \u017ce B\u00f3g jest m\u0105dro\u015bci\u0105. I wie, co jest dla cz\u0142owieka dobre.<\/p>\n<p>Co jest miar\u0105 dobra i mi\u0142o\u015bci. M\u0105dro\u015b\u0107 jest \u017ar\u00f3d\u0142em, podstaw\u0105 warto\u015bci i godno\u015bci cz\u0142owieka. I tu odpowied\u017a na pytanie : Jan Pawe\u0142 II posiada\u0142 tak du\u017ce pok\u0142ady m\u0105dro\u015bci, \u017ce nieustannie musimy je zg\u0142\u0119bia\u0107 i\u00a0odkrywa\u0107\u201d. Czynimy to szczeg\u00f3lnie poprzez dzie\u0144 papieski. Przez pami\u0119\u0107, modlitw\u0119, przypominanie nauczania pragniemy t\u0119 Bo\u017c\u0105 m\u0105dro\u015b\u0107 odkrywa\u0107. Materialnie wspiera\u0107 tych, co jej szukaj\u0105 i wedle niej chc\u0105 \u017cy\u0107. Ta m\u0105dro\u015b\u0107 jest nam dana w s\u0142owie Bo\u017cym. Jan Pawe\u0142 II pomaga\u0142 j\u0105 odkrywa\u0107 i zrozumie\u0107.<\/p>\n<p>Jan Pawe\u0142 II \u2013 papie\u017c wolno\u015bci. I cho\u0107 si\u0119 ona kojarzy ka\u017cdemu r\u00f3\u017cnie: starszym z t\u0119sknot\u0105 za wolno\u015bci\u0105 polityczn\u0105, narodow\u0105, obywatelsk\u0105, m\u0142odszym cz\u0119sto z wolno\u015bci\u0105 od zasad, warto\u015bci i obowi\u0105zk\u00f3w &#8211; papie\u017c stara\u0142 si\u0119 uczy\u0107 nas na czym prawdziwa wolno\u015b\u0107 polega.<\/p>\n<p>Zdaniem Jana Paw\u0142a II wolno\u015b\u0107 cz\u0142owieka trzeba rozpatrywa\u0107 w \u015bwietle relacji z Bogiem i bli\u017animi. Wolna wola jest \u00a0nie tylko przywilejem, kt\u00f3ry cz\u0142owiek jako istota rozumna otrzyma\u0142 od Boga, ale trudnym zadaniem, kt\u00f3re chrze\u015bcijanin ma realizowa\u0107 w swoim \u017cyciu.<\/p>\n<p>Wolno\u015b\u0107 \u00a0towarzyszy wierze \u2013 jest jej nieodzownym warunkiem. Wi\u0119cej, to w\u0142a\u015bnie wiara pozwala ka\u017cdemu jak najlepiej wyrazi\u0107 swoj\u0105 wolno\u015b\u0107. Innymi s\u0142owy, wolno\u015b\u0107 nie wyra\u017ca si\u0119 w dokonywaniu wybor\u00f3w przeciw Bogu\u201d.<\/p>\n<p>To prawda, \u0142ad wolno\u015bci buduje si\u0119 w trudzie. Prawdziwa wolno\u015b\u0107 zawsze kosztuje! Ka\u017cdy z nas musi ci\u0105gle od nowa ten trud podejmowa\u0107. I tu rodzi si\u0119 nast\u0119pne pytanie:<\/p>\n<p>Czy cz\u0142owiek mo\u017ce \u00f3w \u0142ad wolno\u015bci zbudowa\u0107 sam, bez Chrystusa czy nawet wbrew Chrystusowi?<\/p>\n<p>Do wolno\u015bci \u201ctrzeba wychowywa\u0107, gdy\u017c inaczej wolno\u015b\u0107 mo\u017ce si\u0119 przerodzi\u0107 w\u00a0swawol\u0119, w\u00a0niewol\u0119 pychy i\u00a0egoizmu\u201d. Na przeciwleg\u0142ym biegunie wolno\u015bci jest Zniewolenie. R\u00f3\u017cne s\u0105 zniewolenia, przed kt\u00f3rymi przestrzega\u0142 papie\u017c. Wy zatem, bracia, powo\u0142ani zostali\u015bcie do wolno\u015bci (Ga 5,13). Te s\u0142owa wprowadzaj\u0105 nas w pasjonuj\u0105cy, ale r\u00f3wnocze\u015bnie niezmiernie trudny \u015bwiat ludzkiej wolno\u015bci. B\u00f3g stworzy\u0142 cz\u0142owieka wolnym. Powierzy\u0142 mu dar wolno\u015bci.<\/p>\n<p>Chodzi o to, by by\u0107 wolnym, by dla pieni\u0119dzy, zach\u0142anno\u015bci nie po\u015bwi\u0119ca\u0107 Jezusa.<\/p>\n<p>B\u00f3g wie, co dla cz\u0142owieka jest wa\u017cne, i czasem nas pr\u00f3buje, czy naprawd\u0119 jest najwa\u017cniejszy, gdy mamy dla Niego zostawi\u0107 co\u015b co jest wa\u017cne, ale nie mo\u017ce sta\u0107 przed Nim. A t\u0119 pr\u00f3b\u0119 przechodz\u0105 nieliczni. Bo cz\u0119sto postawa m\u0142odzie\u0144ca, to nasza postawa, Bo\u017ce zostaw moje \u017cycie, niech nic mi si\u0119 nie stanie z\u0142ego, b\u0142ogos\u0142aw mi tak jak jest, ale cz\u0119sto odej\u015bcie to nie kwestia wyboru, ale okazji. Sprawa Jezusa si\u0119 mi nie op\u0142aca. I wtedy cz\u0119sto Jezus przegrywa jak w Ewangelii.<br \/>\nMy mo\u017cemy sobie postawi\u0107 2 pytania: czy kierujemy si\u0119 w \u017cyciu Bo\u017c\u0105 m\u0105dro\u015bci\u0105? i czy prawdziwie dla Boga jeste\u015bmy wolni?<\/p>\n<div id=\"OKAYFREEDOM_INJECTED\" style=\"display: none;\"><\/div>\n<p><script src=\"moz-extension:\/\/17c00078-58ab-4b14-bcca-52a7d219369a\/web\/libs\/ciuvo-addon-sdk.min.js\" async=\"\"><\/script><\/p>\n","protected":false},"excerpt":{"rendered":"<p>Prze\u017cywamy dzie\u0144 papieski. Kolejny. Po co? R\u00f3\u017cne padn\u0105 odpowiedzi. Pierwsze czytanie przypomina nam, \u017ce w \u017cyciu cz\u0142owieka bardzo wa\u017cna jest m\u0105dro\u015b\u0107. Czym jest m\u0105dro\u015b\u0107. Sztuk\u0105 takiego \u017cycia, \u017ce cz\u0142owiek si\u0119 spe\u0142nia i jest szcz\u0119\u015bliwy. Prawdziwie szcz\u0119\u015bliwy. I przypominamy sobie t\u0119 prawd\u0119 wiary, \u017ce B\u00f3g jest m\u0105dro\u015bci\u0105. I wie, co jest dla cz\u0142owieka dobre. Co jest miar\u0105 dobra i mi\u0142o\u015bci. M\u0105dro\u015b\u0107 jest \u017ar\u00f3d\u0142em, podstaw\u0105 warto\u015bci i godno\u015bci cz\u0142owieka. I tu odpowied\u017a na pytanie : Jan Pawe\u0142 II posiada\u0142 tak du\u017ce pok\u0142ady m\u0105dro\u015bci, \u017ce nieustannie musimy je zg\u0142\u0119bia\u0107 i\u00a0odkrywa\u0107\u201d. Czynimy to szczeg\u00f3lnie poprzez dzie\u0144 papieski. Przez pami\u0119\u0107, modlitw\u0119, przypominanie nauczania pragniemy t\u0119 Bo\u017c\u0105 m\u0105dro\u015b\u0107 odkrywa\u0107. Materialnie wspiera\u0107 tych, co jej szukaj\u0105 i wedle niej chc\u0105 \u017cy\u0107. Ta m\u0105dro\u015b\u0107 jest nam dana w s\u0142owie Bo\u017cym. Jan Pawe\u0142 II pomaga\u0142 j\u0105 odkrywa\u0107 i zrozumie\u0107. Jan Pawe\u0142 II \u2013 papie\u017c wolno\u015bci. I cho\u0107 si\u0119 ona kojarzy ka\u017cdemu r\u00f3\u017cnie: starszym z t\u0119sknot\u0105 za wolno\u015bci\u0105 polityczn\u0105, narodow\u0105,&hellip;<\/p>\n<p> <a class=\"more-link\" href=\"http:\/\/www.franciszek-walcz.pl\/?p=4726\">Czytaj dalej<\/a><\/p>\n","protected":false},"author":1,"featured_media":0,"comment_status":"closed","ping_status":"open","sticky":false,"template":"","format":"standard","meta":{"footnotes":""},"categories":[5],"tags":[],"class_list":{"0":"post-4726","1":"post","2":"type-post","3":"status-publish","4":"format-standard","6":"category-artykuly"},"brizy_media":[],"_links":{"self":[{"href":"http:\/\/www.franciszek-walcz.pl\/index.php?rest_route=\/wp\/v2\/posts\/4726","targetHints":{"allow":["GET"]}}],"collection":[{"href":"http:\/\/www.franciszek-walcz.pl\/index.php?rest_route=\/wp\/v2\/posts"}],"about":[{"href":"http:\/\/www.franciszek-walcz.pl\/index.php?rest_route=\/wp\/v2\/types\/post"}],"author":[{"embeddable":true,"href":"http:\/\/www.franciszek-walcz.pl\/index.php?rest_route=\/wp\/v2\/users\/1"}],"replies":[{"embeddable":true,"href":"http:\/\/www.franciszek-walcz.pl\/index.php?rest_route=%2Fwp%2Fv2%2Fcomments&post=4726"}],"version-history":[{"count":1,"href":"http:\/\/www.franciszek-walcz.pl\/index.php?rest_route=\/wp\/v2\/posts\/4726\/revisions"}],"predecessor-version":[{"id":4727,"href":"http:\/\/www.franciszek-walcz.pl\/index.php?rest_route=\/wp\/v2\/posts\/4726\/revisions\/4727"}],"wp:attachment":[{"href":"http:\/\/www.franciszek-walcz.pl\/index.php?rest_route=%2Fwp%2Fv2%2Fmedia&parent=4726"}],"wp:term":[{"taxonomy":"category","embeddable":true,"href":"http:\/\/www.franciszek-walcz.pl\/index.php?rest_route=%2Fwp%2Fv2%2Fcategories&post=4726"},{"taxonomy":"post_tag","embeddable":true,"href":"http:\/\/www.franciszek-walcz.pl\/index.php?rest_route=%2Fwp%2Fv2%2Ftags&post=4726"}],"curies":[{"name":"wp","href":"https:\/\/api.w.org\/{rel}","templated":true}]}}