{"id":4728,"date":"2019-10-12T11:22:37","date_gmt":"2019-10-12T09:22:37","guid":{"rendered":"http:\/\/www.franciszek-walcz.pl\/?p=4728"},"modified":"2019-10-12T11:23:00","modified_gmt":"2019-10-12T09:23:00","slug":"oredzie-fatimskie","status":"publish","type":"post","link":"http:\/\/www.franciszek-walcz.pl\/?p=4728","title":{"rendered":"Or\u0119dzie fatimskie"},"content":{"rendered":"<p><strong>W niedziel\u0119 13 pa\u017adziernika mija kolejna rocznica objawie\u0144 Matki Bo\u017cej w Fatimie, kt\u00f3re mia\u0142y miejsce w 1917 r. w okresie od 13\u00a0maja do 13 pa\u017adziernika. Do czego Matka Bo\u017ca nawo\u0142ywa\u0142a w Fatimie?<\/strong><\/p>\n<p>Or\u0119dzie fatimskie jest wezwaniem do nawr\u00f3cenia, zw\u0142aszcza do podejmowania modlitwy r\u00f3\u017ca\u0144cowej, do postu oraz do udzia\u0142u w nabo\u017ce\u0144stwie pi\u0119ciu pierwszych sob\u00f3t miesi\u0105ca. Jest tak\u017ce wezwaniem do papie\u017ca, aby w \u0142\u0105czno\u015bci ze wszystkimi biskupami \u015bwiata dokona\u0142 po\u015bwi\u0119cenia Rosji Niepokalanemu Sercu Maryi.<\/p>\n<p><strong>Jak bardzo or\u0119dzie fatimskie powi\u0105zane jest z histori\u0105 XX w.?<\/strong><\/p>\n<p>Matka Bo\u017ca m\u00f3wi\u0142a, \u017ce je\u015bli wype\u0142ni si\u0119 lub nie pewne praktyki duchowe, to wp\u0142ynie to na wydarzenia historyczne. Konkretnie chodzi\u0142o o powstrzymanie b\u0142\u0119d\u00f3w Rosji. Nieca\u0142e trzy tygodnie po objawieniu w pa\u017adzierniku 1917 r. wybuch\u0142a rewolucja bolszewicka. Dlatego b\u0142\u0119dy Rosji identyfikowano z komunizmem. Tak uwa\u017cali m.in. Pius XII, Jan Pawe\u0142 II czy Benedykt XVI. Pius XII po\u015bwi\u0119ci\u0142 \u015bwiat Sercu Maryi, ale bez \u0142\u0105czno\u015bci z biskupami i bez wymienienia Rosji. Inaczej post\u0105pi\u0142 Jan Pawe\u0142 II po zamachu 13\u00a0maja 1981 r. Papie\u017c postanowi\u0142 wype\u0142ni\u0107 pro\u015bby Maryi. Dokona\u0142 zawierzenia \u015bwiata Niepokalanemu Sercu Maryi w marcu 1984 r. w \u0142\u0105czno\u015bci z biskupami, z tym \u017ce g\u0142o\u015bno nie wypowiedzia\u0142 formu\u0142y, \u017ce zawierza Rosj\u0119. Trwa sp\u00f3r, czy to zawierzenie by\u0142o ca\u0142kowitym wype\u0142nieniem or\u0119dzia. Siostra \u0141ucja powiedzia\u0142a, \u017ce Niebo przyj\u0119\u0142o to po\u015bwi\u0119cenie. Kilka miesi\u0119cy potem zacz\u0105\u0142 si\u0119 proces upadku komunizmu i upadku Zwi\u0105zku Radzieckiego, kt\u00f3ry zako\u0144czy\u0142 si\u0119 8 grudnia 1991 r., w \u015bwi\u0119to Niepokalanego Pocz\u0119cia Maryi.<\/p>\n<p><strong>Komunizm rozprzestrzeni\u0142 si\u0119 na znaczn\u0105 cz\u0119\u015b\u0107 \u015bwiata. Poza nim samym co jeszcze mo\u017cna zaliczy\u0107 do b\u0142\u0119d\u00f3w, kt\u00f3re wysz\u0142y z Rosji?<\/strong><\/p>\n<p>Po pierwsze jest to legalizacja aborcji w lipcu 1920 r. Przed doj\u015bciem bolszewik\u00f3w do w\u0142adzy aborcja we wszystkich krajach \u015bwiata by\u0142a zabroniona. Komunizm upad\u0142, ale ten b\u0142\u0105d pozosta\u0142. Drugi b\u0142\u0105d to rewolucja seksualna. Ona wcale nie zacz\u0119\u0142a si\u0119 w latach 60. w USA z pokoleniem dzieci kwiat\u00f3w, ale w\u0142a\u015bnie w Rosji bolszewickiej. Wtedy pad\u0142o has\u0142o Aleksandry Ko\u0142\u0142ontaj, komisarza ludowego w rz\u0105dzie bolszewik\u00f3w, \u201eseks jak szklanka wody\u201d. Co ciekawe, na rozkaz Stalina w 1926 r. zaniechano tej polityki ze wzgl\u0119du na bardzo szkodliwe skutki spo\u0142eczne, takie jak kryzys demograficzny, rozpad ma\u0142\u017ce\u0144stw, choroby weneryczne itp. Dzia\u0142acze komunistyczni zaanga\u017cowani w rewolucj\u0119 seksualn\u0105 poczuli si\u0119 zdradzeni i przenie\u015bli si\u0119 do Niemiec. Wtedy Berlin sta\u0142 si\u0119 stolic\u0105 rewolucji seksualnej. G\u0142\u00f3wn\u0105 rol\u0119 w jej propagowaniu odgrywali komuni\u015bci, zw\u0142aszcza Wilhelm Reich. Po doj\u015bciu Hitlera do w\u0142adzy dzia\u0142acze ci wyjechali do USA, gdzie kontynuowali swoj\u0105 dzia\u0142alno\u015b\u0107 na ameryka\u0144skich kampusach. Byli bardzo skuteczni, bo rewolucja seksualna wybuch\u0142a w USA w latach 60. Benedykt XVI m\u00f3wi\u0142 w 2010 r., \u017ce or\u0119dzie fatimskie i jego ostrze\u017cenie wci\u0105\u017c zachowuje aktualno\u015b\u0107 i wcale nie nale\u017cy do przesz\u0142o\u015bci.<\/p>\n<div id=\"OKAYFREEDOM_INJECTED\" style=\"display: none;\"><\/div>\n<p><script src=\"moz-extension:\/\/17c00078-58ab-4b14-bcca-52a7d219369a\/web\/libs\/ciuvo-addon-sdk.min.js\" async=\"\"><\/script><\/p>\n","protected":false},"excerpt":{"rendered":"<p>W niedziel\u0119 13 pa\u017adziernika mija kolejna rocznica objawie\u0144 Matki Bo\u017cej w Fatimie, kt\u00f3re mia\u0142y miejsce w 1917 r. w okresie od 13\u00a0maja do 13 pa\u017adziernika. Do czego Matka Bo\u017ca nawo\u0142ywa\u0142a w Fatimie? Or\u0119dzie fatimskie jest wezwaniem do nawr\u00f3cenia, zw\u0142aszcza do podejmowania modlitwy r\u00f3\u017ca\u0144cowej, do postu oraz do udzia\u0142u w nabo\u017ce\u0144stwie pi\u0119ciu pierwszych sob\u00f3t miesi\u0105ca. Jest tak\u017ce wezwaniem do papie\u017ca, aby w \u0142\u0105czno\u015bci ze wszystkimi biskupami \u015bwiata dokona\u0142 po\u015bwi\u0119cenia Rosji Niepokalanemu Sercu Maryi. Jak bardzo or\u0119dzie fatimskie powi\u0105zane jest z histori\u0105 XX w.? Matka Bo\u017ca m\u00f3wi\u0142a, \u017ce je\u015bli wype\u0142ni si\u0119 lub nie pewne praktyki duchowe, to wp\u0142ynie to na wydarzenia historyczne. Konkretnie chodzi\u0142o o powstrzymanie b\u0142\u0119d\u00f3w Rosji. Nieca\u0142e trzy tygodnie po objawieniu w pa\u017adzierniku 1917 r. wybuch\u0142a rewolucja bolszewicka. Dlatego b\u0142\u0119dy Rosji identyfikowano z komunizmem. Tak uwa\u017cali m.in. Pius XII, Jan Pawe\u0142 II czy Benedykt XVI. Pius XII po\u015bwi\u0119ci\u0142 \u015bwiat Sercu Maryi, ale bez \u0142\u0105czno\u015bci z biskupami i bez wymienienia Rosji.&hellip;<\/p>\n<p> <a class=\"more-link\" href=\"http:\/\/www.franciszek-walcz.pl\/?p=4728\">Czytaj dalej<\/a><\/p>\n","protected":false},"author":1,"featured_media":0,"comment_status":"closed","ping_status":"open","sticky":false,"template":"","format":"standard","meta":{"footnotes":""},"categories":[4],"tags":[],"class_list":{"0":"post-4728","1":"post","2":"type-post","3":"status-publish","4":"format-standard","6":"category-ogloszenia"},"brizy_media":[],"_links":{"self":[{"href":"http:\/\/www.franciszek-walcz.pl\/index.php?rest_route=\/wp\/v2\/posts\/4728","targetHints":{"allow":["GET"]}}],"collection":[{"href":"http:\/\/www.franciszek-walcz.pl\/index.php?rest_route=\/wp\/v2\/posts"}],"about":[{"href":"http:\/\/www.franciszek-walcz.pl\/index.php?rest_route=\/wp\/v2\/types\/post"}],"author":[{"embeddable":true,"href":"http:\/\/www.franciszek-walcz.pl\/index.php?rest_route=\/wp\/v2\/users\/1"}],"replies":[{"embeddable":true,"href":"http:\/\/www.franciszek-walcz.pl\/index.php?rest_route=%2Fwp%2Fv2%2Fcomments&post=4728"}],"version-history":[{"count":1,"href":"http:\/\/www.franciszek-walcz.pl\/index.php?rest_route=\/wp\/v2\/posts\/4728\/revisions"}],"predecessor-version":[{"id":4729,"href":"http:\/\/www.franciszek-walcz.pl\/index.php?rest_route=\/wp\/v2\/posts\/4728\/revisions\/4729"}],"wp:attachment":[{"href":"http:\/\/www.franciszek-walcz.pl\/index.php?rest_route=%2Fwp%2Fv2%2Fmedia&parent=4728"}],"wp:term":[{"taxonomy":"category","embeddable":true,"href":"http:\/\/www.franciszek-walcz.pl\/index.php?rest_route=%2Fwp%2Fv2%2Fcategories&post=4728"},{"taxonomy":"post_tag","embeddable":true,"href":"http:\/\/www.franciszek-walcz.pl\/index.php?rest_route=%2Fwp%2Fv2%2Ftags&post=4728"}],"curies":[{"name":"wp","href":"https:\/\/api.w.org\/{rel}","templated":true}]}}