{"id":4738,"date":"2019-10-19T11:00:00","date_gmt":"2019-10-19T09:00:00","guid":{"rendered":"http:\/\/www.franciszek-walcz.pl\/?p=4738"},"modified":"2019-10-19T11:00:00","modified_gmt":"2019-10-19T09:00:00","slug":"tajemnicze-pytanie","status":"publish","type":"post","link":"http:\/\/www.franciszek-walcz.pl\/?p=4738","title":{"rendered":"Tajemnicze pytanie"},"content":{"rendered":"<p align=\"justify\"><span style=\"font-size: large;\"><img loading=\"lazy\" decoding=\"async\" class=\"alignnone  wp-image-4740\" src=\"http:\/\/www.franciszek-walcz.pl\/wp-content\/uploads\/2019\/10\/obraz-10-300x192.jpg\" alt=\"\" width=\"388\" height=\"248\" \/><\/span><\/p>\n<p align=\"justify\"><span style=\"font-size: large;\">Jezus stawia pytanie: \u201eCzy Syn Cz\u0142owieczy znajdzie wiar\u0119 na ziemi, gdy przyjdzie?\u201d . Jest w nim zawarte wa\u017cne ostrze\u017cenie. Powr\u00f3t Chrystusa w chwale b\u0119dzie mia\u0142 miejsce w g\u0142\u0119bokim kryzysie wiary, Zbawiciel nie b\u0119dzie oczekiwany. Potwierdza to bardzo mocno Apokalipsa. Takie ustawienie powt\u00f3rnego przyj\u015bcia Syna Cz\u0142owieczego wzywa do modlitwy, aby\u015bmy w chwili Jego zjawienia si\u0119 nale\u017celi do tych, kt\u00f3rzy wierz\u0105 w Niego, ufaj\u0105 Mu i na Niego czekaj\u0105.<\/span><\/p>\n<p align=\"justify\"><span style=\"font-family: Times New Roman, serif;\"><span style=\"font-size: medium;\"><span style=\"font-size: large;\">Sekularyzacja zatacza coraz szersze kr\u0119gi. Ludzie nie wierz\u0105 ani w pierwsze, ani w powt\u00f3rne przyj\u015bcie Chrystusa. Ten proces w \u015brodowiskach Europy i Ameryki jest znakiem dla wierz\u0105cych, by zatroszczyli si\u0119 o umocnienie swej wi\u0119zi z Jezusem. Mamy by\u0107 \u015bwiadkami wiary i oczekiwania powt\u00f3rnego przyj\u015bcia Pana.<\/span><\/span><\/span><\/p>\n<p align=\"justify\"><span style=\"font-family: Times New Roman, serif;\"><span style=\"font-size: medium;\"><span style=\"font-size: large;\">Zastanawia kontekst, w jakim Jezus wypowiedzia\u0142 te s\u0142owa. Jest nim Jego wyk\u0142ad na temat skuteczno\u015bci modlitwy pro\u015bby. Ona winna p\u0142yn\u0105\u0107 z serca do Boga, aby wybawi\u0142 nas z niesprawiedliwych uk\u0142ad\u00f3w, kt\u00f3re panuj\u0105 na \u015bwiecie. Wspomniana w przypowie\u015bci modlitwa wdowy jest przyk\u0142adem takiej usilnej pro\u015bby. Z\u0142o na ziemi odnosi coraz wi\u0119ksze sukcesy. Wystarczy spojrze\u0107 uwa\u017cnie na dzieje \u015bwiata dotkni\u0119tego pierwsz\u0105 i drug\u0105 wojn\u0105 \u015bwiatow\u0105 w minionym wieku. Ile z\u0142a by\u0142o zaprogramowane i zrealizowane w mechanizmach komunizmu oraz faszyzmu? Jakie formy z\u0142a, ile ofiar i prze\u015bladowa\u0144 niewinnych ludzi&#8230; To dziesi\u0105tki milion\u00f3w&#8230;<\/span><\/span><\/span><\/p>\n<p align=\"justify\"><span style=\"font-family: Times New Roman, serif;\"><span style=\"font-size: medium;\"><span style=\"font-size: large;\">Ko\u015bci\u00f3\u0142 to owa wdowa, kt\u00f3ra jest w zasi\u0119gu dzia\u0142ania swego wroga i widzi jedynie szans\u0119 na interwencj\u0119 s\u0119dziego. Jej usilne pro\u015bby sprawiaj\u0105, \u017ce niesprawiedliwy s\u0119dzia staje w jej obronie. Jezus zestawi\u0142 niesprawiedliwego s\u0119dziego ze sprawiedliwym Ojcem i powiedzia\u0142, \u017ce je\u015bli wo\u0142anie Ko\u015bcio\u0142a b\u0119dzie tak usilne jak wo\u0142anie wdowy, zbawcza interwencja Ojca b\u0119dzie przyspieszona.<\/span><\/span><\/span><\/p>\n<p align=\"justify\"><span style=\"font-family: Times New Roman, serif;\"><span style=\"font-size: medium;\"><span style=\"font-size: large;\">Zanik modlitwy pro\u015bby jest znakiem s\u0142abo\u015bci wiary. Dla wielu wsp\u00f3\u0142czesnych ludzi B\u00f3g jest niepotrzebny i niepotrzebne jest te\u017c przyj\u015bcie Wybawiciela&#8230; Trzeba odkry\u0107 warto\u015b\u0107 modlitwy pro\u015bby, by nabra\u0107 dystansu wobec mechanizm\u00f3w z\u0142a, z kt\u00f3rymi mamy do czynienia.<\/span><\/span><\/span><\/p>\n<p align=\"justify\"><span style=\"font-family: Times New Roman, serif;\"><span style=\"font-size: medium;\"><span style=\"font-size: large;\">Miejmy odwag\u0119 m\u00f3wi\u0107 o skutkach naszych modlitw wys\u0142uchanych przez Boga. Cud\u00f3w jest znacznie wi\u0119cej, ni\u017c si\u0119 o tym m\u00f3wi. One winny by\u0107 og\u0142oszone, bo s\u0105 dowodem obecno\u015bci Boga w naszym \u017cyciu.<\/span><\/span><\/span><\/p>\n<p align=\"justify\"><span style=\"font-family: Times New Roman, serif;\"><span style=\"font-size: medium;\"><span style=\"font-size: large;\">ks. Edward Staniek<\/span><\/span><\/span><\/p>\n","protected":false},"excerpt":{"rendered":"<p>Jezus stawia pytanie: \u201eCzy Syn Cz\u0142owieczy znajdzie wiar\u0119 na ziemi, gdy przyjdzie?\u201d . Jest w nim zawarte wa\u017cne ostrze\u017cenie. Powr\u00f3t Chrystusa w chwale b\u0119dzie mia\u0142 miejsce w g\u0142\u0119bokim kryzysie wiary, Zbawiciel nie b\u0119dzie oczekiwany. Potwierdza to bardzo mocno Apokalipsa. Takie ustawienie powt\u00f3rnego przyj\u015bcia Syna Cz\u0142owieczego wzywa do modlitwy, aby\u015bmy w chwili Jego zjawienia si\u0119 nale\u017celi do tych, kt\u00f3rzy wierz\u0105 w Niego, ufaj\u0105 Mu i na Niego czekaj\u0105. Sekularyzacja zatacza coraz szersze kr\u0119gi. Ludzie nie wierz\u0105 ani w pierwsze, ani w powt\u00f3rne przyj\u015bcie Chrystusa. Ten proces w \u015brodowiskach Europy i Ameryki jest znakiem dla wierz\u0105cych, by zatroszczyli si\u0119 o umocnienie swej wi\u0119zi z Jezusem. Mamy by\u0107 \u015bwiadkami wiary i oczekiwania powt\u00f3rnego przyj\u015bcia Pana. Zastanawia kontekst, w jakim Jezus wypowiedzia\u0142 te s\u0142owa. Jest nim Jego wyk\u0142ad na temat skuteczno\u015bci modlitwy pro\u015bby. Ona winna p\u0142yn\u0105\u0107 z serca do Boga, aby wybawi\u0142 nas z niesprawiedliwych uk\u0142ad\u00f3w, kt\u00f3re panuj\u0105 na \u015bwiecie. Wspomniana w przypowie\u015bci modlitwa&hellip;<\/p>\n<p> <a class=\"more-link\" href=\"http:\/\/www.franciszek-walcz.pl\/?p=4738\">Czytaj dalej<\/a><\/p>\n","protected":false},"author":1,"featured_media":0,"comment_status":"closed","ping_status":"open","sticky":false,"template":"","format":"standard","meta":{"footnotes":""},"categories":[5],"tags":[],"class_list":{"0":"post-4738","1":"post","2":"type-post","3":"status-publish","4":"format-standard","6":"category-artykuly"},"brizy_media":[],"_links":{"self":[{"href":"http:\/\/www.franciszek-walcz.pl\/index.php?rest_route=\/wp\/v2\/posts\/4738","targetHints":{"allow":["GET"]}}],"collection":[{"href":"http:\/\/www.franciszek-walcz.pl\/index.php?rest_route=\/wp\/v2\/posts"}],"about":[{"href":"http:\/\/www.franciszek-walcz.pl\/index.php?rest_route=\/wp\/v2\/types\/post"}],"author":[{"embeddable":true,"href":"http:\/\/www.franciszek-walcz.pl\/index.php?rest_route=\/wp\/v2\/users\/1"}],"replies":[{"embeddable":true,"href":"http:\/\/www.franciszek-walcz.pl\/index.php?rest_route=%2Fwp%2Fv2%2Fcomments&post=4738"}],"version-history":[{"count":1,"href":"http:\/\/www.franciszek-walcz.pl\/index.php?rest_route=\/wp\/v2\/posts\/4738\/revisions"}],"predecessor-version":[{"id":4741,"href":"http:\/\/www.franciszek-walcz.pl\/index.php?rest_route=\/wp\/v2\/posts\/4738\/revisions\/4741"}],"wp:attachment":[{"href":"http:\/\/www.franciszek-walcz.pl\/index.php?rest_route=%2Fwp%2Fv2%2Fmedia&parent=4738"}],"wp:term":[{"taxonomy":"category","embeddable":true,"href":"http:\/\/www.franciszek-walcz.pl\/index.php?rest_route=%2Fwp%2Fv2%2Fcategories&post=4738"},{"taxonomy":"post_tag","embeddable":true,"href":"http:\/\/www.franciszek-walcz.pl\/index.php?rest_route=%2Fwp%2Fv2%2Ftags&post=4738"}],"curies":[{"name":"wp","href":"https:\/\/api.w.org\/{rel}","templated":true}]}}