{"id":4792,"date":"2019-11-02T11:51:29","date_gmt":"2019-11-02T10:51:29","guid":{"rendered":"http:\/\/www.franciszek-walcz.pl\/?p=4792"},"modified":"2019-11-02T11:51:42","modified_gmt":"2019-11-02T10:51:42","slug":"02-11-dzien-zaduszny","status":"publish","type":"post","link":"http:\/\/www.franciszek-walcz.pl\/?p=4792","title":{"rendered":"02.11. Dzie\u0144 Zaduszny"},"content":{"rendered":"<h1 class=\"western\" align=\"center\"><span style=\"color: #ff0000;\"><span style=\"font-family: Calibri, serif;\"><span style=\"font-size: large;\">02.11. Dzie\u0144 Zaduszny <\/span><\/span><\/span><span style=\"color: #ff0000;\"><span style=\"font-family: Calibri, serif;\"><span style=\"font-size: large;\">&#8211; <\/span><\/span><\/span><b><span style=\"font-family: Calibri, serif;\"><span style=\"font-size: large;\">Wspomnienie Wszystkich Wiernych Zmar\u0142ych<\/span><\/span><\/b><\/h1>\n<p align=\"center\"><span style=\"font-family: Times New Roman, serif;\"><span style=\"font-size: medium;\"><b><span style=\"font-family: Calibri, serif;\"><span style=\"font-size: large;\"><u>Dwie perspektywy: przemijalno\u015b\u0107 &#8211; wieczno\u015b\u0107<\/u><\/span><\/span><\/b><\/span><\/span><\/p>\n<p align=\"justify\"><span style=\"font-family: Times New Roman, serif;\"><span style=\"font-size: medium;\"><span style=\"font-size: large;\">W to dzisiejsze Wspomnienie Wszystkich Wiernych Zmar\u0142ych, wkraczamy w \u015bwiat zmar\u0142ych, kt\u00f3rzy odeszli od nas, kt\u00f3rzy zmarli, kt\u00f3rych B\u00f3g powo\u0142a\u0142 do Siebie. I jakby na si\u0142\u0119 pragniemy o\u017cywi\u0107 to co min\u0119\u0142o. Wyrazem tego s\u0105 nasze cmentarze, na kt\u00f3rych spoczywaj\u0105 nasi bliscy, kt\u00f3re w te wspomnienie liturgiczne przepe\u0142nione s\u0105 p\u0119kami barwnych kwiat\u00f3w, jak\u017ce szkoda \u017ce cz\u0119sto dla wygody ju\u017c sztucznymi, i ogromne ilo\u015bci r\u00f3\u017cnorodnych co do kszta\u0142tu i wielko\u015bci zniczy.<\/span><\/span><\/span><\/p>\n<p align=\"justify\">\u00a0<span style=\"font-family: Times New Roman, serif;\"><span style=\"font-size: medium;\"><span style=\"font-size: large;\">Nasi zmarli nie pozostaj\u0105 nam d\u0142u\u017cni, wkraczaj\u0105 w zabiegane przepe\u0142nione gwarem codzienno\u015bci i po\u015bpiechu nasze \u017cycie, o\u017cywiaj\u0105c wspomnienia, kt\u00f3re obudzone nape\u0142niaj\u0105 nas powag\u0105, zadum\u0105, zamy\u015bleniem, refleksj\u0105 i cisz\u0105.<\/span><\/span><\/span><\/p>\n<p align=\"justify\">\u00a0<span style=\"font-family: Times New Roman, serif;\"><span style=\"font-size: medium;\"><span style=\"font-size: large;\">Te wspomnienia Zmar\u0142ych prowadz\u0105 nas na groby naszych najbli\u017cszych, aby\u015bmy tam be\u017c zb\u0119dnych \u015bwiadk\u00f3w, wznios\u0142ych s\u0142\u00f3w, przem\u0105drza\u0142ych przem\u00f3w mogli wyrazi\u0107 swoj\u0105 prost\u0105 wdzi\u0119czno\u015b\u0107,\u00a0 podzi\u0119kowanie tym, kt\u00f3rych ju\u017c nie ma po\u015br\u00f3d nas. W ciszy opadaj\u0105cych jesiennych li\u015bci zmro\u017conych pierwszymi przymrozkami, w ciszy p\u0142on\u0105cych zniczy pragniemy podzi\u0119kowa\u0107:<\/span><\/span><\/span><\/p>\n<p><em>\u2013 <span style=\"font-family: Times New Roman, serif;\"><span style=\"font-size: medium;\"><span style=\"font-size: large;\">za dobro, kt\u00f3re nam przekazali,<\/span><\/span><\/span><\/em><span style=\"font-family: Times New Roman, serif;\"><span style=\"font-size: medium;\"><span style=\"font-size: large;\"><i><br \/>\n<\/i><\/span><em><span style=\"font-size: large;\">\u2013 za warto\u015bci, kt\u00f3re bronili z wielkim po\u015bwi\u0119ceniem,<\/span><\/em><span style=\"font-size: large;\"><i><br \/>\n<\/i><\/span><em><span style=\"font-size: large;\">\u2013 za wiar\u0119, kt\u00f3rej strzegli,<\/span><\/em><span style=\"font-size: large;\"><i><br \/>\n<\/i><\/span><em><span style=\"font-size: large;\">\u2013 za mi\u0142o\u015b\u0107, kt\u00f3rej byli wierni,<\/span><\/em><span style=\"font-size: large;\"><i><br \/>\n<\/i><\/span><em><span style=\"font-size: large;\">\u2013 za nadziej\u0119, kt\u00f3rej nie utracili.<\/span><\/em><\/span><\/span><\/p>\n<p align=\"justify\"><span style=\"font-family: Times New Roman, serif;\"><span style=\"font-size: medium;\"><span style=\"font-size: large;\">Z tym wielkim dzi\u0119kczynieniem pragniemy wkroczy\u0107 w ten \u015bwiat zmar\u0142ych, aby dope\u0142ni\u0107 tak bardzo po ludzku tej wielkiej wdzi\u0119czno\u015bci, kt\u00f3rej cz\u0119sto z naszej strony zabrak\u0142o kiedy \u017cyli po\u015br\u00f3d nas.<\/span><\/span><\/span><\/p>\n<p align=\"justify\"><span style=\"font-family: Times New Roman, serif;\"><span style=\"font-size: medium;\"><span style=\"font-size: large;\">Zabrak\u0142o z naszej strony tej postawy wdzi\u0119czno\u015bci, bo nie by\u0142o czasu, gdy\u017c byli\u015bmy zapracowani po same \u0142okcie i zaj\u0119ci nasz\u0105 szar\u0105 codzienno\u015bci\u0105.<\/span><\/span><\/span><\/p>\n<p align=\"justify\">\u00a0<span style=\"font-family: Times New Roman, serif;\"><span style=\"font-size: medium;\"><span style=\"font-size: large;\">Zabrak\u0142o z naszej strony tej postawy wdzi\u0119czno\u015bci, bo ludzie s\u0142abo\u015bci stawa\u0142y na drodze, bo nie umiej\u0119tno\u015b\u0107 zapomnienia, przebaczenia, pojednania zaci\u0105\u017cy\u0142a w naszej relacji z nimi.<\/span><\/span><\/span><\/p>\n<p align=\"justify\">\u00a0<span style=\"font-family: Times New Roman, serif;\"><span style=\"font-size: medium;\"><span style=\"font-size: large;\">Zabrak\u0142o z naszej strony tej postawy wdzi\u0119czno\u015bci, bo tak po ludzku ci\u0105gle z uporem maniaka powtarzali\u015bmy sobie, \u017ce jeszcze mamy czas i zd\u0105\u017cymy.<\/span><\/span><\/span><\/p>\n<p align=\"justify\">\u00a0<span style=\"font-family: Times New Roman, serif;\"><span style=\"font-size: medium;\"><span style=\"font-size: large;\">Wdzi\u0119czno\u015b\u0107 nasza nie pozostaje bez odpowiedzi, zmarli, kt\u00f3rzy jak wierzymy ciesz\u0105 si\u0119 \u015bwi\u0119tych obcowaniem w ciszy i zadumie wkraczaj\u0105 w nasze \u017cycie, aby przypomnie\u0107 nam prawd\u0119 o przemijaniu:<\/span><\/span><\/span><\/p>\n<p><em>\u2013 <span style=\"font-family: Times New Roman, serif;\"><span style=\"font-size: medium;\"><span style=\"font-size: large;\">bo przemija posta\u0107 tego \u015bwiata i \u017cycia naszego,<\/span><\/span><\/span><\/em><span style=\"font-family: Times New Roman, serif;\"><span style=\"font-size: medium;\"><span style=\"font-size: large;\"><i><br \/>\n<\/i><\/span><em><span style=\"font-size: large;\">\u2013 aby przypomnie\u0107 prawd\u0119, \u017ce czas p\u0142ynie bezpowrotnie, \u017ce nale\u017cy go dobrze wykorzysta\u0107,<\/span><\/em><span style=\"font-size: large;\"><i><br \/>\n<\/i><\/span><em><span style=\"font-size: large;\">\u2013 aby przypomnie\u0107 prawd\u0119, o kt\u00f3rej jak\u017ce cz\u0119sto nie chcemy nawet s\u0142ysze\u0107: \u201e\u017ce w \u017cyciu pewna jest tylko \u015bmier\u0107\u201d.<\/span><\/em><\/span><\/span><\/p>\n<p align=\"justify\">\u00a0<span style=\"font-family: Times New Roman, serif;\"><span style=\"font-size: medium;\"><span style=\"font-size: large;\">Tak, Ci kt\u00f3rzy odeszli we Wspomnienie Wszystkich Wiernych Zmar\u0142ych, kieruj\u0105 do nas to przypomnienie, to wo\u0142anie \u2013 prosz\u0119 nie zapomnij o tym. Bo jak\u017ce cz\u0119sto o tych podstawowych prawdach zapominamy. A zapominaj\u0105c o nich, tracimy w\u0142a\u015bciwe odniesienie do \u017cycia, kt\u00f3re bezpowrotnie przemija, do czasu, kt\u00f3ry zosta\u0142 nam dany, nieub\u0142agalnie przemija bez mo\u017cliwo\u015bci powrotu.<\/span><\/span><\/span><\/p>\n<p align=\"justify\">\u00a0<span style=\"font-family: Times New Roman, serif;\"><span style=\"font-size: medium;\"><span style=\"font-size: large;\">Wkraczaj\u0105c w zadumie, ciszy i refleksji w \u015bwiat tych, kt\u00f3rzy ju\u017c odeszli budz\u0105 si\u0119 wspomnienia zwi\u0105zane z tymi, kt\u00f3rych kochali\u015bmy, kt\u00f3rzy byli bliscy naszemu sercu i stanowili przez wiele lat cz\u0119\u015b\u0107 naszego \u017cycia. I aby nie ulec przygn\u0119bieniu z faktu, \u017ce ju\u017c ich nie ma po\u015br\u00f3d nas, bo zmarli, bo odeszli do Pana, przywo\u0142ajmy s\u0142owa jednej z podstawowych prawd naszej wiary: <\/span><em><span style=\"font-size: large;\">\u017cycie cz\u0142owieka zmienia si\u0119, ale si\u0119 nie ko\u0144czy<\/span><\/em><span style=\"font-size: large;\">. A ten, w kt\u00f3rego wierzymy, kt\u00f3ry jest w centrum naszej wiary jest dla nas <\/span><em><span style=\"font-size: large;\">\u201ezmartwychwstaniem i \u017cyciem\u201d<\/span><\/em><span style=\"font-size: large;\"> (J 11,25) i kto w <\/span><em><span style=\"font-size: large;\">\u201eNiego wierzy cho\u0107by umar\u0142 to \u017cy\u0107 b\u0119dzie\u201d <\/span><\/em><span style=\"font-size: large;\">(J 11,25).<\/span><\/span><\/span><\/p>\n<p align=\"justify\">\u00a0<span style=\"font-family: Times New Roman, serif;\"><span style=\"font-size: medium;\"><span style=\"font-size: large;\">Wierzymy w Chrystusa, wierzmy tak\u017ce Chrystusowi, \u017ce z Nim my wszyscy zmartwychwstaniemy, aby cieszy\u0107 si\u0119 pe\u0142ni\u0105 \u017cycia, \u017cyciem wiecznym, kt\u00f3re daje Chrystus wszystkim swoim wierz\u0105cym, o ile dobrze wykorzystamy czas, kt\u00f3ry zosta\u0142 z\u0142o\u017cony w nasze r\u0119ce jako najwspanialszy dar naszego Boga.<\/span><\/span><\/span><\/p>\n","protected":false},"excerpt":{"rendered":"<p>02.11. Dzie\u0144 Zaduszny &#8211; Wspomnienie Wszystkich Wiernych Zmar\u0142ych Dwie perspektywy: przemijalno\u015b\u0107 &#8211; wieczno\u015b\u0107 W to dzisiejsze Wspomnienie Wszystkich Wiernych Zmar\u0142ych, wkraczamy w \u015bwiat zmar\u0142ych, kt\u00f3rzy odeszli od nas, kt\u00f3rzy zmarli, kt\u00f3rych B\u00f3g powo\u0142a\u0142 do Siebie. I jakby na si\u0142\u0119 pragniemy o\u017cywi\u0107 to co min\u0119\u0142o. Wyrazem tego s\u0105 nasze cmentarze, na kt\u00f3rych spoczywaj\u0105 nasi bliscy, kt\u00f3re w te wspomnienie liturgiczne przepe\u0142nione s\u0105 p\u0119kami barwnych kwiat\u00f3w, jak\u017ce szkoda \u017ce cz\u0119sto dla wygody ju\u017c sztucznymi, i ogromne ilo\u015bci r\u00f3\u017cnorodnych co do kszta\u0142tu i wielko\u015bci zniczy. \u00a0Nasi zmarli nie pozostaj\u0105 nam d\u0142u\u017cni, wkraczaj\u0105 w zabiegane przepe\u0142nione gwarem codzienno\u015bci i po\u015bpiechu nasze \u017cycie, o\u017cywiaj\u0105c wspomnienia, kt\u00f3re obudzone nape\u0142niaj\u0105 nas powag\u0105, zadum\u0105, zamy\u015bleniem, refleksj\u0105 i cisz\u0105. \u00a0Te wspomnienia Zmar\u0142ych prowadz\u0105 nas na groby naszych najbli\u017cszych, aby\u015bmy tam be\u017c zb\u0119dnych \u015bwiadk\u00f3w, wznios\u0142ych s\u0142\u00f3w, przem\u0105drza\u0142ych przem\u00f3w mogli wyrazi\u0107 swoj\u0105 prost\u0105 wdzi\u0119czno\u015b\u0107,\u00a0 podzi\u0119kowanie tym, kt\u00f3rych ju\u017c nie ma po\u015br\u00f3d nas. W ciszy opadaj\u0105cych jesiennych li\u015bci zmro\u017conych pierwszymi przymrozkami, w&hellip;<\/p>\n<p> <a class=\"more-link\" href=\"http:\/\/www.franciszek-walcz.pl\/?p=4792\">Czytaj dalej<\/a><\/p>\n","protected":false},"author":1,"featured_media":0,"comment_status":"closed","ping_status":"open","sticky":false,"template":"","format":"standard","meta":{"footnotes":""},"categories":[5],"tags":[],"class_list":{"0":"post-4792","1":"post","2":"type-post","3":"status-publish","4":"format-standard","6":"category-artykuly"},"brizy_media":[],"_links":{"self":[{"href":"http:\/\/www.franciszek-walcz.pl\/index.php?rest_route=\/wp\/v2\/posts\/4792","targetHints":{"allow":["GET"]}}],"collection":[{"href":"http:\/\/www.franciszek-walcz.pl\/index.php?rest_route=\/wp\/v2\/posts"}],"about":[{"href":"http:\/\/www.franciszek-walcz.pl\/index.php?rest_route=\/wp\/v2\/types\/post"}],"author":[{"embeddable":true,"href":"http:\/\/www.franciszek-walcz.pl\/index.php?rest_route=\/wp\/v2\/users\/1"}],"replies":[{"embeddable":true,"href":"http:\/\/www.franciszek-walcz.pl\/index.php?rest_route=%2Fwp%2Fv2%2Fcomments&post=4792"}],"version-history":[{"count":2,"href":"http:\/\/www.franciszek-walcz.pl\/index.php?rest_route=\/wp\/v2\/posts\/4792\/revisions"}],"predecessor-version":[{"id":4794,"href":"http:\/\/www.franciszek-walcz.pl\/index.php?rest_route=\/wp\/v2\/posts\/4792\/revisions\/4794"}],"wp:attachment":[{"href":"http:\/\/www.franciszek-walcz.pl\/index.php?rest_route=%2Fwp%2Fv2%2Fmedia&parent=4792"}],"wp:term":[{"taxonomy":"category","embeddable":true,"href":"http:\/\/www.franciszek-walcz.pl\/index.php?rest_route=%2Fwp%2Fv2%2Fcategories&post=4792"},{"taxonomy":"post_tag","embeddable":true,"href":"http:\/\/www.franciszek-walcz.pl\/index.php?rest_route=%2Fwp%2Fv2%2Ftags&post=4792"}],"curies":[{"name":"wp","href":"https:\/\/api.w.org\/{rel}","templated":true}]}}