{"id":486,"date":"2017-02-25T13:21:01","date_gmt":"2017-02-25T12:21:01","guid":{"rendered":"http:\/\/www.franciszek-walcz.pl\/?p=486"},"modified":"2017-02-25T13:21:13","modified_gmt":"2017-02-25T12:21:13","slug":"nie-martwcie-sie","status":"publish","type":"post","link":"http:\/\/www.franciszek-walcz.pl\/?p=486","title":{"rendered":"Nie martwcie si\u0119!"},"content":{"rendered":"<p><img loading=\"lazy\" decoding=\"async\" class=\"size-medium wp-image-487 alignleft\" src=\"http:\/\/www.franciszek-walcz.pl\/wp-content\/uploads\/2017\/02\/marta-300x118.jpg\" alt=\"\" width=\"300\" height=\"118\" \/>W Ewangelii \u00a0jak refren powracaj\u0105 s\u0142owa: \u201eNie troszczcie si\u0119 zbytnio\u201d. O \u017cycie, o jedzenie i picie, o ciuchy, o jutro.<br \/>\nPrzypomina si\u0119 ewangeliczna Marta. Chcia\u0142a wszystko zrealizowa\u0107 po swojemu. Zapracowana, zagoniona, nie potrafi\u0142a cieszy\u0107 si\u0119 spotkaniem z Jezusem. \u201eMarto, Marto, troszczysz si\u0119 \u00a0i niepokoisz o wiele, a potrzeba tylko jednego\u2026\u201d \u2013 us\u0142ysza\u0142a trze\u017awi\u0105ce s\u0142owa Mistrza. \u00a0Tak cz\u0119sto wydaje si\u0119 nam, \u017ce wszystko musimy mie\u0107 pod kontrol\u0105. Tak bardzo l\u0119kamy si\u0119 kompromitacji. Boimy si\u0119, \u017ce si\u0119 nie sprawdzimy. Jak Marta chcemy nawet Boga dopasowa\u0107 do naszych plan\u00f3w. Oczywi\u015bcie zawsze winny jest \u015bwiat, kt\u00f3ry nie chce uzna\u0107 naszych wysi\u0142k\u00f3w. Pisze kard. Martini: \u201e\u0141atwiej zrezygnowa\u0107 z tego, co si\u0119 posiada, i sta\u0107 si\u0119 ubogim, ni\u017c zrezygnowa\u0107 z niepokoj\u00f3w i trosk, bo troski s\u0105 znacznie mocniej zwi\u0105zane z naszym \u00bbja\u00ab ni\u017c jakiekolwiek posiadanie materialne. Nasze troski to wyraz naszych d\u0105\u017ce\u0144 do tego, \u017ceby nie da\u0107 si\u0119 pogr\u0105\u017cy\u0107, wysadzi\u0107 z siod\u0142a, \u017ceby nie ods\u0142oni\u0107 w\u0142asnych brak\u00f3w. (\u2026) Nasze troski s\u0105 tym ostatnim, co posiadamy, tym, od czego najcz\u0119\u015bciej jeste\u015bmy uzale\u017cnieni, oraz tym, co zastawia na nas najbardziej wyrafinowane sid\u0142a\u201d. Tylko raz s\u0142owo \u201emartwi\u0107 si\u0119\u201d pojawia si\u0119 w dzisiejszym fragmencie Ewangelii jako pozytywne wezwanie. Mamy martwi\u0107 si\u0119 o jedno: o kr\u00f3lestwo Bo\u017ce, czyli o uznanie, \u017ce B\u00f3g jest Bogiem. W moim \u017cyciu. Czy wierzymy w to, \u017ce kto Jego znajdzie, znajdzie wszystko, co potrzebne do \u017cycia?<\/p>\n","protected":false},"excerpt":{"rendered":"<p>W Ewangelii \u00a0jak refren powracaj\u0105 s\u0142owa: \u201eNie troszczcie si\u0119 zbytnio\u201d. O \u017cycie, o jedzenie i picie, o ciuchy, o jutro. Przypomina si\u0119 ewangeliczna Marta. Chcia\u0142a wszystko zrealizowa\u0107 po swojemu. Zapracowana, zagoniona, nie potrafi\u0142a cieszy\u0107 si\u0119 spotkaniem z Jezusem. \u201eMarto, Marto, troszczysz si\u0119 \u00a0i niepokoisz o wiele, a potrzeba tylko jednego\u2026\u201d \u2013 us\u0142ysza\u0142a trze\u017awi\u0105ce s\u0142owa Mistrza. \u00a0Tak cz\u0119sto wydaje si\u0119 nam, \u017ce wszystko musimy mie\u0107 pod kontrol\u0105. Tak bardzo l\u0119kamy si\u0119 kompromitacji. Boimy si\u0119, \u017ce si\u0119 nie sprawdzimy. Jak Marta chcemy nawet Boga dopasowa\u0107 do naszych plan\u00f3w. Oczywi\u015bcie zawsze winny jest \u015bwiat, kt\u00f3ry nie chce uzna\u0107 naszych wysi\u0142k\u00f3w. Pisze kard. Martini: \u201e\u0141atwiej zrezygnowa\u0107 z tego, co si\u0119 posiada, i sta\u0107 si\u0119 ubogim, ni\u017c zrezygnowa\u0107 z niepokoj\u00f3w i trosk, bo troski s\u0105 znacznie mocniej zwi\u0105zane z naszym \u00bbja\u00ab ni\u017c jakiekolwiek posiadanie materialne. Nasze troski to wyraz naszych d\u0105\u017ce\u0144 do tego, \u017ceby nie da\u0107 si\u0119 pogr\u0105\u017cy\u0107, wysadzi\u0107 z siod\u0142a, \u017ceby nie ods\u0142oni\u0107 w\u0142asnych&hellip;<\/p>\n<p> <a class=\"more-link\" href=\"http:\/\/www.franciszek-walcz.pl\/?p=486\">Czytaj dalej<\/a><\/p>\n","protected":false},"author":1,"featured_media":0,"comment_status":"open","ping_status":"open","sticky":false,"template":"","format":"standard","meta":{"footnotes":""},"categories":[5],"tags":[],"class_list":{"0":"post-486","1":"post","2":"type-post","3":"status-publish","4":"format-standard","6":"category-artykuly"},"brizy_media":[],"_links":{"self":[{"href":"http:\/\/www.franciszek-walcz.pl\/index.php?rest_route=\/wp\/v2\/posts\/486","targetHints":{"allow":["GET"]}}],"collection":[{"href":"http:\/\/www.franciszek-walcz.pl\/index.php?rest_route=\/wp\/v2\/posts"}],"about":[{"href":"http:\/\/www.franciszek-walcz.pl\/index.php?rest_route=\/wp\/v2\/types\/post"}],"author":[{"embeddable":true,"href":"http:\/\/www.franciszek-walcz.pl\/index.php?rest_route=\/wp\/v2\/users\/1"}],"replies":[{"embeddable":true,"href":"http:\/\/www.franciszek-walcz.pl\/index.php?rest_route=%2Fwp%2Fv2%2Fcomments&post=486"}],"version-history":[{"count":1,"href":"http:\/\/www.franciszek-walcz.pl\/index.php?rest_route=\/wp\/v2\/posts\/486\/revisions"}],"predecessor-version":[{"id":488,"href":"http:\/\/www.franciszek-walcz.pl\/index.php?rest_route=\/wp\/v2\/posts\/486\/revisions\/488"}],"wp:attachment":[{"href":"http:\/\/www.franciszek-walcz.pl\/index.php?rest_route=%2Fwp%2Fv2%2Fmedia&parent=486"}],"wp:term":[{"taxonomy":"category","embeddable":true,"href":"http:\/\/www.franciszek-walcz.pl\/index.php?rest_route=%2Fwp%2Fv2%2Fcategories&post=486"},{"taxonomy":"post_tag","embeddable":true,"href":"http:\/\/www.franciszek-walcz.pl\/index.php?rest_route=%2Fwp%2Fv2%2Ftags&post=486"}],"curies":[{"name":"wp","href":"https:\/\/api.w.org\/{rel}","templated":true}]}}