{"id":4919,"date":"2019-11-09T11:40:28","date_gmt":"2019-11-09T10:40:28","guid":{"rendered":"http:\/\/www.franciszek-walcz.pl\/?p=4919"},"modified":"2019-11-09T11:40:36","modified_gmt":"2019-11-09T10:40:36","slug":"lancuch-pokolen","status":"publish","type":"post","link":"http:\/\/www.franciszek-walcz.pl\/?p=4919","title":{"rendered":"\u0141a\u0144cuch pokole\u0144"},"content":{"rendered":"<p align=\"justify\"><span style=\"font-size: large;\">Patrzymy dzi\u015b na tych wszystkich, kt\u00f3\u00adrzy tworzyli nar\u00f3d. Kt\u00f3rzy przez pokolenia swoim \u017cyciem, prac\u0105, modlitw\u0105, od\u00adniesieniem do Boga, m\u0119stwem sprawili, \u017ce my teraz, w\u00a0dwudziestym pierwszym wie\u00adku, mo\u017cemy by\u0107 na tej ziemi. Mo\u017cemy by\u0107 wolni. Mo\u017cemy dokonywa\u0107 wybor\u00f3w, kt\u00f3re po ludzku i\u00a0po Bo\u017cemu b\u0119d\u0105 wyborami s\u0142usznymi i\u00a0dobrymi, i\u00a0rozwijaj\u0105cymi nas zgodnie z\u00a0tym, co powiedziane jest w\u00a0Ewangelii o naszym Mistrzu i\u00a0Zbawicielu Jezusie Chrystusie, \u017ce \u201ewzrasta\u0142 w\u00a0m\u0105dro\u015bci u Boga i\u00a0u ludzi\u201d.<\/span><\/p>\n<p align=\"justify\"><span style=\"font-family: Times New Roman, serif;\"><span style=\"font-size: medium;\"><span style=\"font-size: large;\">Jakikolwiek sens ludzkiego \u017cycia i\u00a0owoc istnienia tego czy innego narodu za\u00adwie\u00adra si\u0119 w\u00a0tych s\u0142owach, \u017ce cz\u0142owiek rozwija si\u0119 w\u00a0tym, co ludzkie, co stanowi o jego god\u00adno\u015bci i\u00a0warto\u015bci, a\u00a0tak\u017ce w\u00a0tym, co Bo\u017ce, co absolutnie przekracza cz\u0142owieka, bo jest \u0142ask\u0105. Cz\u0142owiek potrafi przyjmowa\u0107 skarby i\u00a0otwiera\u0107 si\u0119 na to, co jest wielkie.<\/span><\/span><\/span><\/p>\n<p align=\"justify\"><span style=\"font-family: Times New Roman, serif;\"><span style=\"font-size: medium;\"><span style=\"font-size: large;\">Je\u015bli istniejemy jako nar\u00f3d na tej ziemi i w\u00a0tym momencie, doko\u00adna\u0142o si\u0119 to dzi\u0119\u00adki wszystkim naszym braciom i\u00a0siostrom, kt\u00f3rzy przed nami \u017cyli i chcieli si\u0119 otworzy\u0107 na wielkie skarby, kt\u00f3re s\u0105 w\u00a0cz\u0142owiecze\u0144stwie, i\u00a0na te, kt\u00f3re podarowa\u0142 nam B\u00f3g. Ich wszystkich z\u00a0niesamowit\u0105 wdzi\u0119czno\u015bci\u0105 wspominamy. Wspominamy tych, kt\u00f3rzy s\u0105 dobrze znani ka\u017cdemu Polakowi przez to, \u017ce zajmowali ekspo\u00adnowane miejsca w\u00a0tym narodzie. <\/span><\/span><\/span><\/p>\n<p align=\"justify\"><span style=\"font-family: Times New Roman, serif;\"><span style=\"font-size: medium;\"><span style=\"font-size: large;\">Wspominamy ka\u017cdego cz\u0142owieka, kt\u00f3ry z\u00a0r\u00f3wn\u0105 gorliwo\u015bci\u0105 otwar\u0142 si\u0119 na wiel\u00adkie dobra cz\u0142owiecze i\u00a0Bo\u017ce, a\u00a0o kt\u00f3rym nie wiemy nic, dlatego \u017ce \u017cy\u0142 w\u00a0swoim domo\u00adwym zaciszu. Ale \u017cy\u0142 w\u00a0spos\u00f3b w\u00a0pe\u0142ni odpowiedzialny, kszta\u0142tuj\u0105c cz\u0142owiecze\u0144stwo w\u0142asne i\u00a0tych, kt\u00f3rzy byli mu najbli\u017csi.<\/span><\/span><\/span><\/p>\n<p align=\"justify\"><span style=\"font-family: Times New Roman, serif;\"><span style=\"font-size: medium;\"><span style=\"font-size: large;\">Wspominamy z\u00a0wdzi\u0119czno\u015bci\u0105 ka\u017cdego ojca i\u00a0ka\u017cd\u0105 matk\u0119, kt\u00f3rzy na polskiej ziemi wzrastali w\u00a0uczciwo\u015bci, dobroci i otwarto\u015bci serca. To oni sprawili, \u017ce w\u00a0momentach kluczowych, w\u00a0chwilach pe\u0142nych dramatu ten nar\u00f3d si\u0119 osta\u0142. Tak\u017ce w\u00f3wczas, kiedy przysz\u0142a ogromnie ciemna i\u00a0d\u0142uga noc niewoli, kiedy na sto dwadzie\u015bcia trzy lata wymazano imi\u0119 Polski z\u00a0mapy Europy. To oni sprawili, \u017ce przysz\u0142a jutrzenka wolno\u015bci.<\/span><\/span><\/span><\/p>\n<p align=\"justify\"><span style=\"font-family: Times New Roman, serif;\"><span style=\"font-size: medium;\"><span style=\"font-size: large;\">To wszystko obejmujemy wielk\u0105 wdzi\u0119czno\u015bci\u0105. Dzi\u0119kujemy za ka\u017cdego z\u00a0nich. Prosimy Boga, aby\u015bmy nie okazali si\u0119 marnotrawcami. Aby\u015bmy to wielkie dzie\u0142o podj\u0119li. Aby\u015bmy chcieli w\u00a0nie wej\u015b\u0107. Aby\u015bmy sami potrafili dostrzega\u0107 te skarby, kt\u00f3re miesz\u00adcz\u0105 si\u0119 w\u00a0naszym ludzkim \u017cyciu, i te niezmierne dary Bo\u017ce, kt\u00f3re nasze cz\u0142owiecze\u0144stwo przekraczaj\u0105.<\/span><\/span><\/span><\/p>\n<p align=\"justify\"><span style=\"font-family: Times New Roman, serif;\"><span style=\"font-size: medium;\"><span style=\"font-size: large;\">Modlimy si\u0119 , aby ka\u017cdy cz\u0142owiek na polskiej ziemi chcia\u0142 naprawd\u0119 wykorzysta\u0107 dary, kt\u00f3re B\u00f3g mu daje. Tak jak to zrobi\u0142 w\u00a0spos\u00f3b fantastyczny \u015bw. Marcin. Przemierzy\u0142 wiele kraj\u00f3w, bo by\u0142 \u017co\u0142nierzem. Urodzi\u0142 si\u0119 na terenie dzisiejszych W\u0119gier, a s\u0142u\u017cb\u0119 pe\u0142ni\u0142 we W\u0142oszech. Po przyj\u0119ciu chrztu zwi\u0105za\u0142 si\u0119 z\u00a0narodem francuskim.<\/span><\/span><\/span><\/p>\n<p align=\"justify\"><span style=\"font-family: Times New Roman, serif;\"><span style=\"font-size: medium;\"><span style=\"font-size: large;\">Jego rodzice byli poganami, ale kiedy mia\u0142 dziesi\u0119\u0107 lat, spotka\u0142 si\u0119 z\u00a0chrze\u015b\u00adcija\u00adna\u00admi. Cho\u0107 rodzice nie zgadzali si\u0119 na chrzest, a\u00a0i bis\u00adkup ba\u0142 si\u0119 go chrzci\u0107 bez zgody ojca, dopi\u0105\u0142 swego. Jako dwudziestotrzyletni cz\u0142o\u00adwiek przyj\u0105\u0142 chrzest, a\u00a0nast\u0119pnie poszed\u0142 drog\u0105 niesamowitej \u015bwi\u0119to\u015bci. Drog\u0105 niezwyk\u0142ego otwarcia na Boga i\u00a0niezmiernego wejrzenia w\u00a0drugiego cz\u0142owieka. To w\u0142a\u015bnie on ofiarowa\u0142 w\u00a0zimie biedakowi sw\u00f3j p\u0142aszcz. Nast\u0119pnie we \u015bnie zo\u00adbaczy\u0142 Chrystusa, kt\u00f3ry podzi\u0119kowa\u0142 mu za to i\u00a0powiedzia\u0142: \u201eDzi\u0119kuj\u0119 ci, Marcinie, za to, \u017ce Mnie okry\u0142e\u015b\u201d.<\/span><\/span><\/span><\/p>\n<p align=\"justify\"><span style=\"font-family: Times New Roman, serif;\"><span style=\"font-size: medium;\"><span style=\"font-size: large;\">Dzisiaj zastanawiamy si\u0119 nad tym, w\u00a0jaki spos\u00f3b mamy poci\u0105gn\u0105\u0107 dalej ten \u0142a\u0144cuch pokole\u0144, kt\u00f3ry zosta\u0142 nam dany &#8211; z pomoc\u0105 przychodzi nam Ewangelia. Znajdujemy w niej takie s\u0142owa Jezusa: \u201eby\u0142em g\u0142odny, a\u00a0dali\u015bcie Mi je\u015b\u0107. By\u0142em sprag\u00adniony, a\u00a0dali\u015bcie Mi pi\u0107. By\u0142em nagi, a\u00a0przyodziali\u015bcie Mnie\u201d. <\/span><\/span><\/span><\/p>\n<p align=\"justify\"><span style=\"font-family: Times New Roman, serif;\"><span style=\"font-size: medium;\"><span style=\"font-size: large;\">Oby\u015bmy umieli \u017cy\u0107 nimi, wype\u0142nia\u0107 je w codziennym \u017cyciu \u2013 w\u00a0stosunku do najbli\u017cszych, a\u00a0tak\u017ce w\u00a0stosunku do tych wszystkich, kt\u00f3rzy pojawiaj\u0105 si\u0119 na drodze naszego \u017cycia jako s\u0105\u00adsie\u00addzi czy zupe\u0142nie przypadkowi ludzie.<\/span><\/span><\/span><\/p>\n<p align=\"justify\"><span style=\"font-family: Times New Roman, serif;\"><span style=\"font-size: medium;\"><span style=\"font-size: large;\">\u015awi\u0119ty Marcin okry\u0142 dr\u017c\u0105cego z\u00a0zimna cz\u0142owieka p\u0142aszczem. Ubo\u00adgiego, kt\u00f3ry nie mia\u0142 odzienia.<\/span><\/span><\/span><\/p>\n<p align=\"justify\"><span style=\"font-family: Times New Roman, serif;\"><span style=\"font-size: medium;\"><span style=\"font-size: large;\">Dzisiaj jest tylu ludzi, kt\u00f3rzy maj\u0105 odzienie, a\u00a0chodz\u0105 nadzy. Cho\u00addz\u0105 nadzy na w\u0142asn\u0105 zgub\u0119. Na w\u0142asn\u0105 ha\u0144b\u0119. Wielu jest takich, kt\u00f3rzy nawet o\u00a0tym nie wie\u00addz\u0105. Ta bajka o\u00a0kr\u00f3lu, kt\u00f3ry jest nagi, w\u00a0przedziwny spos\u00f3b realizuje si\u0119 w\u00a0naszym \u017cyciu. Jakiej trzeba mi\u0142o\u015bci, jakiego wejrzenia w\u00a0n\u0119dz\u0119 drugiego, aby m\u00f3c cz\u0142o\u00adwie\u00adka nagiego (z w\u0142asnego wyboru, na w\u0142asn\u0105 ha\u0144b\u0119) okrywa\u0107, aby przemawia\u0107 do jego serca, aby m\u00f3g\u0142 zrozumie\u0107 swoj\u0105 n\u0119dz\u0119, aby chcia\u0142 kszta\u0142towa\u0107 w\u0142a\u015bciwie swoje cz\u0142o\u00adwie\u00adcze\u0144stwo. Jakiej trzeba mi\u0142o\u015bci. Jaka to pal\u0105ca potrzeba dzisiaj!<\/span><\/span><\/span><\/p>\n<p align=\"justify\">\u201e<span style=\"font-family: Times New Roman, serif;\"><span style=\"font-size: medium;\"><span style=\"font-size: large;\">By\u0142em g\u0142odny\u201d. \u201eBy\u0142em spragniony\u201d. Jakiego trzeba otwarcia na g\u0142\u00f3d i\u00a0na pragnie\u00adnie drugiego cz\u0142owieka. Na g\u0142\u00f3d i\u00a0pragnienie fizyczne. Ale jakiego trzeba przenikliwego spojrzenia na g\u0142\u00f3d i\u00a0pragnienie mi\u0142o\u015bci. Mo\u017ce przede wszystkim w\u00a0na\u00adszych rodzinach.<\/span><\/span><\/span><\/p>\n<p align=\"justify\"><span style=\"font-family: Times New Roman, serif;\"><span style=\"font-size: medium;\"><span style=\"font-size: large;\">G\u0142\u00f3d s\u0142owa, kt\u00f3rego maj\u0105 prawo oczekiwa\u0107 dzieci od swoich rodzic\u00f3w. G\u0142\u00f3d s\u0142o\u00adwa pe\u0142nego otwarcia, pe\u0142nego \u017cyczliwo\u015bci, pe\u0142nego ciep\u0142a. G\u0142\u00f3d blisko\u015bci drugiego cz\u0142o\u00adwieka, kt\u00f3ry jest, do kt\u00f3rego mo\u017cna przyj\u015b\u0107, z\u00a0kt\u00f3rym mo\u017cna porozmawia\u0107. Mogliby\u015bmy m\u00f3wi\u0107 o\u00a0wielkich przestrzeniach tego g\u0142odu, kt\u00f3ry dotyka nieraz tych, kt\u00f3rzy maj\u0105 wszy\u00adst\u00adkiego pod dostatkiem, a\u00a0jest to g\u0142\u00f3d niesamowicie dotkliwy.<\/span><\/span><\/span><\/p>\n<p align=\"justify\"><span style=\"font-family: Times New Roman, serif;\"><span style=\"font-size: medium;\"><span style=\"font-size: large;\">Dzi\u0119kujemy Bogu. Jeste\u015bmy przeogromnie wdzi\u0119czni, \u017ce nie musimy przelewa\u0107 krwi za nasz nar\u00f3d, \u017ce nikt w\u00a0tym momencie na nas nie napada. Ale \u2013 dzi\u0119kuj\u0105c Bogu \u2013 przy\u00adk\u0142adajmy si\u0119, aby nie niszczy\u0107 tego wielkiego daru, aby umie\u0107 rozwija\u0107 i\u00a0budowa\u0107.<\/span><\/span><\/span><\/p>\n<p align=\"justify\"><span style=\"font-family: Times New Roman, serif;\"><span style=\"font-size: medium;\"><span style=\"font-size: large;\">O to pro\u015bmy dla siebie, o\u00a0to pro\u015bmy dla ka\u017cdego Polaka, dla ka\u017cdego ojca, dla ka\u017cdej matki. A\u00a0tak\u017ce o\u00a0odwag\u0119, o\u00a0m\u0119stwo, by\u015bmy umieli tych warto\u015bci i\u00a0skarb\u00f3w broni\u0107. Aby to wszystko, co niesiemy jako dziedzictwo pokole\u0144, nie zosta\u0142o przez nasz\u0105 g\u0142upot\u0119, ma\u0142oduszno\u015b\u0107 i\u00a0zgod\u0119 na z\u0142o zniszczone.<\/span><\/span><\/span><\/p>\n<p align=\"justify\"><span style=\"font-family: Times New Roman, serif;\"><span style=\"font-size: medium;\">ks. Kazimierz Skwierawski<\/span><\/span><\/p>\n","protected":false},"excerpt":{"rendered":"<p>Patrzymy dzi\u015b na tych wszystkich, kt\u00f3\u00adrzy tworzyli nar\u00f3d. Kt\u00f3rzy przez pokolenia swoim \u017cyciem, prac\u0105, modlitw\u0105, od\u00adniesieniem do Boga, m\u0119stwem sprawili, \u017ce my teraz, w\u00a0dwudziestym pierwszym wie\u00adku, mo\u017cemy by\u0107 na tej ziemi. Mo\u017cemy by\u0107 wolni. Mo\u017cemy dokonywa\u0107 wybor\u00f3w, kt\u00f3re po ludzku i\u00a0po Bo\u017cemu b\u0119d\u0105 wyborami s\u0142usznymi i\u00a0dobrymi, i\u00a0rozwijaj\u0105cymi nas zgodnie z\u00a0tym, co powiedziane jest w\u00a0Ewangelii o naszym Mistrzu i\u00a0Zbawicielu Jezusie Chrystusie, \u017ce \u201ewzrasta\u0142 w\u00a0m\u0105dro\u015bci u Boga i\u00a0u ludzi\u201d. Jakikolwiek sens ludzkiego \u017cycia i\u00a0owoc istnienia tego czy innego narodu za\u00adwie\u00adra si\u0119 w\u00a0tych s\u0142owach, \u017ce cz\u0142owiek rozwija si\u0119 w\u00a0tym, co ludzkie, co stanowi o jego god\u00adno\u015bci i\u00a0warto\u015bci, a\u00a0tak\u017ce w\u00a0tym, co Bo\u017ce, co absolutnie przekracza cz\u0142owieka, bo jest \u0142ask\u0105. Cz\u0142owiek potrafi przyjmowa\u0107 skarby i\u00a0otwiera\u0107 si\u0119 na to, co jest wielkie. Je\u015bli istniejemy jako nar\u00f3d na tej ziemi i w\u00a0tym momencie, doko\u00adna\u0142o si\u0119 to dzi\u0119\u00adki wszystkim naszym braciom i\u00a0siostrom, kt\u00f3rzy przed nami \u017cyli i chcieli si\u0119 otworzy\u0107 na wielkie skarby, kt\u00f3re s\u0105 w\u00a0cz\u0142owiecze\u0144stwie, i\u00a0na te,&hellip;<\/p>\n<p> <a class=\"more-link\" href=\"http:\/\/www.franciszek-walcz.pl\/?p=4919\">Czytaj dalej<\/a><\/p>\n","protected":false},"author":1,"featured_media":0,"comment_status":"closed","ping_status":"open","sticky":false,"template":"","format":"standard","meta":{"footnotes":""},"categories":[1],"tags":[],"class_list":{"0":"post-4919","1":"post","2":"type-post","3":"status-publish","4":"format-standard","6":"category-uncategorized"},"brizy_media":[],"_links":{"self":[{"href":"http:\/\/www.franciszek-walcz.pl\/index.php?rest_route=\/wp\/v2\/posts\/4919","targetHints":{"allow":["GET"]}}],"collection":[{"href":"http:\/\/www.franciszek-walcz.pl\/index.php?rest_route=\/wp\/v2\/posts"}],"about":[{"href":"http:\/\/www.franciszek-walcz.pl\/index.php?rest_route=\/wp\/v2\/types\/post"}],"author":[{"embeddable":true,"href":"http:\/\/www.franciszek-walcz.pl\/index.php?rest_route=\/wp\/v2\/users\/1"}],"replies":[{"embeddable":true,"href":"http:\/\/www.franciszek-walcz.pl\/index.php?rest_route=%2Fwp%2Fv2%2Fcomments&post=4919"}],"version-history":[{"count":1,"href":"http:\/\/www.franciszek-walcz.pl\/index.php?rest_route=\/wp\/v2\/posts\/4919\/revisions"}],"predecessor-version":[{"id":4920,"href":"http:\/\/www.franciszek-walcz.pl\/index.php?rest_route=\/wp\/v2\/posts\/4919\/revisions\/4920"}],"wp:attachment":[{"href":"http:\/\/www.franciszek-walcz.pl\/index.php?rest_route=%2Fwp%2Fv2%2Fmedia&parent=4919"}],"wp:term":[{"taxonomy":"category","embeddable":true,"href":"http:\/\/www.franciszek-walcz.pl\/index.php?rest_route=%2Fwp%2Fv2%2Fcategories&post=4919"},{"taxonomy":"post_tag","embeddable":true,"href":"http:\/\/www.franciszek-walcz.pl\/index.php?rest_route=%2Fwp%2Fv2%2Ftags&post=4919"}],"curies":[{"name":"wp","href":"https:\/\/api.w.org\/{rel}","templated":true}]}}