{"id":493,"date":"2017-02-25T13:31:56","date_gmt":"2017-02-25T12:31:56","guid":{"rendered":"http:\/\/www.franciszek-walcz.pl\/?p=493"},"modified":"2017-02-25T13:31:56","modified_gmt":"2017-02-25T12:31:56","slug":"obchody-narodowego-swieta-zolnierzy-wykletych","status":"publish","type":"post","link":"http:\/\/www.franciszek-walcz.pl\/?p=493","title":{"rendered":"Obchody narodowego \u015bwi\u0119ta ,,\u017co\u0142nierzy wykl\u0119tych,,"},"content":{"rendered":"<p><img loading=\"lazy\" decoding=\"async\" class=\"size-medium wp-image-494 alignleft\" src=\"http:\/\/www.franciszek-walcz.pl\/wp-content\/uploads\/2017\/02\/narodowy-dzien-300x165.jpg\" alt=\"\" width=\"300\" height=\"165\" \/>Obchody narodowego \u015bwi\u0119ta ,,\u017co\u0142nierzy wykl\u0119tych,,<br \/>\n<span style=\"color: #ffff00;\"><strong>Wa\u0142cz 3.03.2017 ko\u015bci\u00f3\u0142 p.w. \u015aw. Antoniego -Msza \u015bw. godz.18,00<\/strong><\/span><br \/>\nPo Mszy \u015bw. w Wa\u0142eckim centrum kultury koncert patriotyczny i projekcja filmu p.t. INKA<\/p>\n<p>serdecznie zapraszamy<\/p>\n","protected":false},"excerpt":{"rendered":"<p>Obchody narodowego \u015bwi\u0119ta ,,\u017co\u0142nierzy wykl\u0119tych,, Wa\u0142cz 3.03.2017 ko\u015bci\u00f3\u0142 p.w. \u015aw. Antoniego -Msza \u015bw. godz.18,00 Po Mszy \u015bw. w Wa\u0142eckim centrum kultury koncert patriotyczny i projekcja filmu p.t. INKA serdecznie zapraszamy<\/p>\n","protected":false},"author":1,"featured_media":0,"comment_status":"open","ping_status":"open","sticky":false,"template":"","format":"standard","meta":{"footnotes":""},"categories":[4],"tags":[],"class_list":{"0":"post-493","1":"post","2":"type-post","3":"status-publish","4":"format-standard","6":"category-ogloszenia"},"brizy_media":[],"_links":{"self":[{"href":"http:\/\/www.franciszek-walcz.pl\/index.php?rest_route=\/wp\/v2\/posts\/493","targetHints":{"allow":["GET"]}}],"collection":[{"href":"http:\/\/www.franciszek-walcz.pl\/index.php?rest_route=\/wp\/v2\/posts"}],"about":[{"href":"http:\/\/www.franciszek-walcz.pl\/index.php?rest_route=\/wp\/v2\/types\/post"}],"author":[{"embeddable":true,"href":"http:\/\/www.franciszek-walcz.pl\/index.php?rest_route=\/wp\/v2\/users\/1"}],"replies":[{"embeddable":true,"href":"http:\/\/www.franciszek-walcz.pl\/index.php?rest_route=%2Fwp%2Fv2%2Fcomments&post=493"}],"version-history":[{"count":1,"href":"http:\/\/www.franciszek-walcz.pl\/index.php?rest_route=\/wp\/v2\/posts\/493\/revisions"}],"predecessor-version":[{"id":495,"href":"http:\/\/www.franciszek-walcz.pl\/index.php?rest_route=\/wp\/v2\/posts\/493\/revisions\/495"}],"wp:attachment":[{"href":"http:\/\/www.franciszek-walcz.pl\/index.php?rest_route=%2Fwp%2Fv2%2Fmedia&parent=493"}],"wp:term":[{"taxonomy":"category","embeddable":true,"href":"http:\/\/www.franciszek-walcz.pl\/index.php?rest_route=%2Fwp%2Fv2%2Fcategories&post=493"},{"taxonomy":"post_tag","embeddable":true,"href":"http:\/\/www.franciszek-walcz.pl\/index.php?rest_route=%2Fwp%2Fv2%2Ftags&post=493"}],"curies":[{"name":"wp","href":"https:\/\/api.w.org\/{rel}","templated":true}]}}