{"id":513,"date":"2017-03-01T17:29:31","date_gmt":"2017-03-01T16:29:31","guid":{"rendered":"http:\/\/www.franciszek-walcz.pl\/?p=513"},"modified":"2017-03-01T17:30:27","modified_gmt":"2017-03-01T16:30:27","slug":"sroda-popielcowa-z-prochu-powstales","status":"publish","type":"post","link":"http:\/\/www.franciszek-walcz.pl\/?p=513","title":{"rendered":"\u015aroda popielcowa-z prochu powsta\u0142e\u015b"},"content":{"rendered":"<p><img loading=\"lazy\" decoding=\"async\" class=\"alignnone size-medium wp-image-516\" src=\"http:\/\/www.franciszek-walcz.pl\/wp-content\/uploads\/2017\/03\/popielec-300x200.jpg\" alt=\"\" width=\"300\" height=\"200\" \/><br \/>\n<img loading=\"lazy\" decoding=\"async\" class=\"size-medium wp-image-514 alignleft\" src=\"http:\/\/www.franciszek-walcz.pl\/wp-content\/uploads\/2017\/03\/sr-pop-300x120.jpg\" alt=\"\" width=\"300\" height=\"120\" \/>W \u015brod\u0119 popielcow\u0105 idziemy \u00a0do \u015bwi\u0105tyni, aby pochyli\u0107 g\u0142owy i\u00a0przyj\u0105\u0107 popi\u00f3\u0142. R\u00f3wnocze\u015bnie chcemy otworzy\u0107 swoje serca, by w\u00a0nie mo\u017cliwie g\u0142\u0119boko wpad\u0142a jedna z\u00a0najbardziej podstawowych prawd objawionych przez Boga, uj\u0119ta w\u00a0s\u0142owach: \u201ePami\u0119taj, \u017ce jeste\u015b prochem i w\u00a0proch si\u0119 obr\u00f3cisz\u201d. Dokonuje si\u0119 to na progu Wielkiego Postu. Przed nami czterdzie\u015bci dni przygotowania do ponownego prze\u017cycia uroczysto\u015bci Wielkiego Czwartku, Pi\u0105tku i\u00a0Wielkiej Niedzieli.<\/p>\n<p>Dlaczego Ko\u015bci\u00f3\u0142 pos\u0142uguje si\u0119 takim prostym, a\u00a0bardzo wymownym znakiem? Cz\u0142owiek to cia\u0142o i\u00a0duch. Cia\u0142o jest cz\u0119\u015bci\u0105 ziemi. Z\u00a0ziemi pochodzi i\u00a0do ziemi wraca. Duch pochodzi od Boga i\u00a0do Boga wraca. Ale cz\u0142owiek to po\u0142\u0105czenie cia\u0142a i\u00a0ducha. Tu na ziemi jeste\u015bmy rozrywani przez dwie pot\u0119gi. \u015awiat ma do nas dost\u0119p przez cia\u0142o i\u00a0za wszelk\u0105 cen\u0119 usi\u0142uje ducha podporz\u0105dkowa\u0107 swemu prawu. Duch natomiast, od momentu chrztu, usi\u0142uje cia\u0142o podporz\u0105dkowa\u0107 sobie. Jeste\u015bmy lud\u017ami ducha i\u00a0cia\u0142a. Mimo wysi\u0142ku, mimo trudu nie zawsze udaje si\u0119 nam podporz\u0105dkowa\u0107 cia\u0142o duchowi. Czas Wielkiego Postu to czas szczeg\u00f3lnego zmagania, to czas, w\u00a0kt\u00f3rym sprawdzamy moc swojego ducha.<\/p>\n<p>Dzi\u015b chcemy u\u015bwiadomi\u0107 sobie, \u017ce \u015bwiat cia\u0142a jest przemijaj\u0105cy, \u017ce ta szczypta popio\u0142u, kt\u00f3ra spadnie na nasz\u0105 g\u0142ow\u0119, jest znakiem warto\u015bci \u017cycia doczesnego. To co mo\u017ce trwa\u0107 wiecznie \u2014 musi by\u0107 dzie\u0142em ducha. W\u00a0ci\u0105gu czterdziestu dni mamy udowodni\u0107 sobie i\u00a0Bogu, \u017ce duch w\u00a0nas jest mocniejszy, \u017ce duch potrafi odnie\u015b\u0107 zwyci\u0119stwo. Dzisiaj odm\u00f3wili\u015bmy cia\u0142u pokarmu. Ograniczyli\u015bmy posi\u0142ki aby pokaza\u0107, \u017ce duch jest mocniejszy ani\u017celi cia\u0142o. Taki jest chrze\u015bcija\u0144ski sens postu. Cz\u0142owiek wobec siebie i\u00a0wsp\u00f3lnoty uzasadnia, \u017ce duch jego jest mocniejszy, \u017ce jego cia\u0142o jest mu uleg\u0142e.<\/p>\n<p>Ka\u017cdy robi inne postanowienie: jeden ogranicza palenie papieros\u00f3w ca\u0142kowicie lub do pi\u0119\u0107dziesi\u0119ciu procent, drugi rezygnuje do Wielkiej Niedzieli z\u00a0picia alkoholu, trzeci na czas Wielkiego Postu wy\u0142\u0105cza telewizor i\u00a0czas przeznaczony na jego ogl\u0105danie wykorzystuje do czytania dobrej ksi\u0105\u017cki lub prasy, czwarty wstaje dziesi\u0119\u0107 minut wcze\u015bniej ni\u017c zwykle po to, aby porz\u0105dnie odm\u00f3wi\u0107 rann\u0105 modlitw\u0119. To s\u0105 ma\u0142e gesty, a\u00a0jednak maj\u0105ce wielkie znaczenie, poniewa\u017c praktycznie dzie\u0144 po dniu przez czterdzie\u015bci dni dowodz\u0105, \u017ce duch nasz jest mocniejszy ani\u017celi cia\u0142o.<\/p>\n<p><em>Ks. Edward Staniek<\/em><\/p>\n","protected":false},"excerpt":{"rendered":"<p>W \u015brod\u0119 popielcow\u0105 idziemy \u00a0do \u015bwi\u0105tyni, aby pochyli\u0107 g\u0142owy i\u00a0przyj\u0105\u0107 popi\u00f3\u0142. R\u00f3wnocze\u015bnie chcemy otworzy\u0107 swoje serca, by w\u00a0nie mo\u017cliwie g\u0142\u0119boko wpad\u0142a jedna z\u00a0najbardziej podstawowych prawd objawionych przez Boga, uj\u0119ta w\u00a0s\u0142owach: \u201ePami\u0119taj, \u017ce jeste\u015b prochem i w\u00a0proch si\u0119 obr\u00f3cisz\u201d. Dokonuje si\u0119 to na progu Wielkiego Postu. Przed nami czterdzie\u015bci dni przygotowania do ponownego prze\u017cycia uroczysto\u015bci Wielkiego Czwartku, Pi\u0105tku i\u00a0Wielkiej Niedzieli. Dlaczego Ko\u015bci\u00f3\u0142 pos\u0142uguje si\u0119 takim prostym, a\u00a0bardzo wymownym znakiem? Cz\u0142owiek to cia\u0142o i\u00a0duch. Cia\u0142o jest cz\u0119\u015bci\u0105 ziemi. Z\u00a0ziemi pochodzi i\u00a0do ziemi wraca. Duch pochodzi od Boga i\u00a0do Boga wraca. Ale cz\u0142owiek to po\u0142\u0105czenie cia\u0142a i\u00a0ducha. Tu na ziemi jeste\u015bmy rozrywani przez dwie pot\u0119gi. \u015awiat ma do nas dost\u0119p przez cia\u0142o i\u00a0za wszelk\u0105 cen\u0119 usi\u0142uje ducha podporz\u0105dkowa\u0107 swemu prawu. Duch natomiast, od momentu chrztu, usi\u0142uje cia\u0142o podporz\u0105dkowa\u0107 sobie. Jeste\u015bmy lud\u017ami ducha i\u00a0cia\u0142a. Mimo wysi\u0142ku, mimo trudu nie zawsze udaje si\u0119 nam podporz\u0105dkowa\u0107 cia\u0142o duchowi. Czas Wielkiego Postu to czas szczeg\u00f3lnego zmagania, to&hellip;<\/p>\n<p> <a class=\"more-link\" href=\"http:\/\/www.franciszek-walcz.pl\/?p=513\">Czytaj dalej<\/a><\/p>\n","protected":false},"author":1,"featured_media":0,"comment_status":"open","ping_status":"open","sticky":false,"template":"","format":"standard","meta":{"footnotes":""},"categories":[5],"tags":[],"class_list":{"0":"post-513","1":"post","2":"type-post","3":"status-publish","4":"format-standard","6":"category-artykuly"},"brizy_media":[],"_links":{"self":[{"href":"http:\/\/www.franciszek-walcz.pl\/index.php?rest_route=\/wp\/v2\/posts\/513","targetHints":{"allow":["GET"]}}],"collection":[{"href":"http:\/\/www.franciszek-walcz.pl\/index.php?rest_route=\/wp\/v2\/posts"}],"about":[{"href":"http:\/\/www.franciszek-walcz.pl\/index.php?rest_route=\/wp\/v2\/types\/post"}],"author":[{"embeddable":true,"href":"http:\/\/www.franciszek-walcz.pl\/index.php?rest_route=\/wp\/v2\/users\/1"}],"replies":[{"embeddable":true,"href":"http:\/\/www.franciszek-walcz.pl\/index.php?rest_route=%2Fwp%2Fv2%2Fcomments&post=513"}],"version-history":[{"count":2,"href":"http:\/\/www.franciszek-walcz.pl\/index.php?rest_route=\/wp\/v2\/posts\/513\/revisions"}],"predecessor-version":[{"id":525,"href":"http:\/\/www.franciszek-walcz.pl\/index.php?rest_route=\/wp\/v2\/posts\/513\/revisions\/525"}],"wp:attachment":[{"href":"http:\/\/www.franciszek-walcz.pl\/index.php?rest_route=%2Fwp%2Fv2%2Fmedia&parent=513"}],"wp:term":[{"taxonomy":"category","embeddable":true,"href":"http:\/\/www.franciszek-walcz.pl\/index.php?rest_route=%2Fwp%2Fv2%2Fcategories&post=513"},{"taxonomy":"post_tag","embeddable":true,"href":"http:\/\/www.franciszek-walcz.pl\/index.php?rest_route=%2Fwp%2Fv2%2Ftags&post=513"}],"curies":[{"name":"wp","href":"https:\/\/api.w.org\/{rel}","templated":true}]}}