{"id":5318,"date":"2019-11-15T22:02:48","date_gmt":"2019-11-15T21:02:48","guid":{"rendered":"http:\/\/www.franciszek-walcz.pl\/?p=5318"},"modified":"2019-11-15T22:04:38","modified_gmt":"2019-11-15T21:04:38","slug":"bedzie-to-dla-was-sposobnosc-do-skladania-swiadectwa","status":"publish","type":"post","link":"http:\/\/www.franciszek-walcz.pl\/?p=5318","title":{"rendered":"B\u0119dzie to dla was sposobno\u015b\u0107 do sk\u0142adania \u015bwiadectwa \u2026"},"content":{"rendered":"<p><span style=\"font-family: Times New Roman, serif;\"><span style=\"font-size: medium;\"><b><span style=\"font-size: large;\">W ostatnich dniach sporo czasu sp\u0119dzili\u015bmy na cmentarzu, odwiedzaj\u0105c groby naszych najbli\u017cszych,<\/span><\/b><span style=\"font-size: large;\"> piel\u0119gnuj\u0105c je, przynosz\u0105c kwiaty i zapalaj\u0105c znicze. Przechadzaj\u0105c si\u0119 pomi\u0119dzy nagrobkami, zapewne otaczali\u015bmy naszych zmar\u0142ych modlitw\u0105, polecaj\u0105c ich mi\u0142osierdziu Bo\u017cemu.<\/span><\/span><\/span><\/p>\n<p align=\"justify\">\u00a0<span style=\"font-family: Times New Roman, serif;\"><span style=\"font-size: medium;\"><b><span style=\"font-size: large;\">Jezus w dzisiejszej Ewangelii wskazuje na przemijalno\u015b\u0107 tego \u015bwiata i jego \u201ed\u00f3br\u201d.<\/span><\/b><span style=\"font-size: large;\"> Przebywaj\u0105c na terenie \u015bwi\u0105tyni jerozolimskiej, Jezus s\u0142yszy rozmowy o jej zewn\u0119trznym pi\u0119knie. W Jerozolimie mie\u015bci\u0142a si\u0119 jedna i zarazem jedyna \u015bwi\u0105tynia judaizmu. \u015awi\u0105tynia jerozolimska by\u0142a jedn\u0105 z najbardziej okaza\u0142ych i zachwycaj\u0105cych budowli ca\u0142ej staro\u017cytno\u015bci. Jezus zapowiada jej zniszczenie. S\u0142owa wypowiedziane przez Jezusa z ca\u0142\u0105 pewno\u015bci\u0105 jego s\u0142uchaczom sprawi\u0142y wiele b\u00f3lu, gdy\u017c \u015bwi\u0105tynia by\u0142a w trakcie odbudowy, a Jezus prorokuje ponowne jej zniszczenie. Rzeczywi\u015bcie proroctwo wypowiedziane przez Jezusa wype\u0142nia si\u0119 w 70 roku, kiedy \u015bwi\u0105tynia zostaje ca\u0142kowicie zniszczona przez Rzymian i po dzi\u015b dzie\u0144 nie zosta\u0142a odbudowana.<\/span><\/span><\/span><\/p>\n<p align=\"justify\">\u00a0<span style=\"font-family: Times New Roman, serif;\"><span style=\"font-size: medium;\"><b><span style=\"font-size: large;\">Jezus zaraz po zapowiedzi zniszczenia \u015bwi\u0105tyni<\/span><\/b><span style=\"font-size: large;\"> m\u00f3wi o konfliktach pomi\u0119dzy narodami, o trz\u0119sieniach ziemi, kl\u0119skach g\u0142odu czy zarazach, kt\u00f3re w przysz\u0142o\u015bci nadejd\u0105. Czy nie przypomina nam to cho\u0107by cz\u0119\u015bci wsp\u00f3\u0142czesnego serwisu informacyjnego? Trz\u0119sienia ziemi we W\u0142oszech, kl\u0119ska g\u0142odu w\u015br\u00f3d mieszka\u0144c\u00f3w najbiedniejszych kraj\u00f3w Afryki i Azji, prze\u015bladowania chrze\u015bcijan na Bliskim Wschodzie oraz tocz\u0105ce si\u0119 tam konflikty zbrojne\u2026<\/span><\/span><\/span><\/p>\n<p align=\"justify\">\u00a0<span style=\"font-family: Times New Roman, serif;\"><span style=\"font-size: medium;\"><b><span style=\"font-size: large;\">Czy mamy si\u0119 zatem obawia\u0107 ko\u0144ca \u015bwiata? <\/span><\/b><span style=\"font-size: large;\">Jezus m\u00f3wi, aby Mu zaufa\u0107, aby Mu uwierzy\u0107, aby by\u0107 przygotowanym na Jego ostateczne przyj\u015bcie, kt\u00f3re nast\u0105pi w chwili, kt\u00f3rej si\u0119 nie spodziewamy\u2026 Jednak nie mamy si\u0119 l\u0119ka\u0107, ale mamy by\u0107 przepojeni ufno\u015bci\u0105 w to, \u017ce Jezus o nas si\u0119 troszczy i nie pozwoli, by sta\u0142a si\u0119 nam krzywda.<\/span><\/span><\/span><\/p>\n","protected":false},"excerpt":{"rendered":"<p>W ostatnich dniach sporo czasu sp\u0119dzili\u015bmy na cmentarzu, odwiedzaj\u0105c groby naszych najbli\u017cszych, piel\u0119gnuj\u0105c je, przynosz\u0105c kwiaty i zapalaj\u0105c znicze. Przechadzaj\u0105c si\u0119 pomi\u0119dzy nagrobkami, zapewne otaczali\u015bmy naszych zmar\u0142ych modlitw\u0105, polecaj\u0105c ich mi\u0142osierdziu Bo\u017cemu. \u00a0Jezus w dzisiejszej Ewangelii wskazuje na przemijalno\u015b\u0107 tego \u015bwiata i jego \u201ed\u00f3br\u201d. Przebywaj\u0105c na terenie \u015bwi\u0105tyni jerozolimskiej, Jezus s\u0142yszy rozmowy o jej zewn\u0119trznym pi\u0119knie. W Jerozolimie mie\u015bci\u0142a si\u0119 jedna i zarazem jedyna \u015bwi\u0105tynia judaizmu. \u015awi\u0105tynia jerozolimska by\u0142a jedn\u0105 z najbardziej okaza\u0142ych i zachwycaj\u0105cych budowli ca\u0142ej staro\u017cytno\u015bci. Jezus zapowiada jej zniszczenie. S\u0142owa wypowiedziane przez Jezusa z ca\u0142\u0105 pewno\u015bci\u0105 jego s\u0142uchaczom sprawi\u0142y wiele b\u00f3lu, gdy\u017c \u015bwi\u0105tynia by\u0142a w trakcie odbudowy, a Jezus prorokuje ponowne jej zniszczenie. Rzeczywi\u015bcie proroctwo wypowiedziane przez Jezusa wype\u0142nia si\u0119 w 70 roku, kiedy \u015bwi\u0105tynia zostaje ca\u0142kowicie zniszczona przez Rzymian i po dzi\u015b dzie\u0144 nie zosta\u0142a odbudowana. \u00a0Jezus zaraz po zapowiedzi zniszczenia \u015bwi\u0105tyni m\u00f3wi o konfliktach pomi\u0119dzy narodami, o trz\u0119sieniach ziemi, kl\u0119skach g\u0142odu czy zarazach, kt\u00f3re w&hellip;<\/p>\n<p> <a class=\"more-link\" href=\"http:\/\/www.franciszek-walcz.pl\/?p=5318\">Czytaj dalej<\/a><\/p>\n","protected":false},"author":1,"featured_media":0,"comment_status":"closed","ping_status":"open","sticky":false,"template":"","format":"standard","meta":{"footnotes":""},"categories":[1],"tags":[],"class_list":{"0":"post-5318","1":"post","2":"type-post","3":"status-publish","4":"format-standard","6":"category-uncategorized"},"brizy_media":[],"_links":{"self":[{"href":"http:\/\/www.franciszek-walcz.pl\/index.php?rest_route=\/wp\/v2\/posts\/5318","targetHints":{"allow":["GET"]}}],"collection":[{"href":"http:\/\/www.franciszek-walcz.pl\/index.php?rest_route=\/wp\/v2\/posts"}],"about":[{"href":"http:\/\/www.franciszek-walcz.pl\/index.php?rest_route=\/wp\/v2\/types\/post"}],"author":[{"embeddable":true,"href":"http:\/\/www.franciszek-walcz.pl\/index.php?rest_route=\/wp\/v2\/users\/1"}],"replies":[{"embeddable":true,"href":"http:\/\/www.franciszek-walcz.pl\/index.php?rest_route=%2Fwp%2Fv2%2Fcomments&post=5318"}],"version-history":[{"count":1,"href":"http:\/\/www.franciszek-walcz.pl\/index.php?rest_route=\/wp\/v2\/posts\/5318\/revisions"}],"predecessor-version":[{"id":5319,"href":"http:\/\/www.franciszek-walcz.pl\/index.php?rest_route=\/wp\/v2\/posts\/5318\/revisions\/5319"}],"wp:attachment":[{"href":"http:\/\/www.franciszek-walcz.pl\/index.php?rest_route=%2Fwp%2Fv2%2Fmedia&parent=5318"}],"wp:term":[{"taxonomy":"category","embeddable":true,"href":"http:\/\/www.franciszek-walcz.pl\/index.php?rest_route=%2Fwp%2Fv2%2Fcategories&post=5318"},{"taxonomy":"post_tag","embeddable":true,"href":"http:\/\/www.franciszek-walcz.pl\/index.php?rest_route=%2Fwp%2Fv2%2Ftags&post=5318"}],"curies":[{"name":"wp","href":"https:\/\/api.w.org\/{rel}","templated":true}]}}