{"id":538,"date":"2017-03-11T16:05:03","date_gmt":"2017-03-11T15:05:03","guid":{"rendered":"http:\/\/www.franciszek-walcz.pl\/?p=538"},"modified":"2017-03-11T16:05:09","modified_gmt":"2017-03-11T15:05:09","slug":"czym-sa-rekolekcje","status":"publish","type":"post","link":"http:\/\/www.franciszek-walcz.pl\/?p=538","title":{"rendered":"Czym s\u0105 rekolekcje?"},"content":{"rendered":"<p><img loading=\"lazy\" decoding=\"async\" class=\"size-medium wp-image-539 alignleft\" src=\"http:\/\/www.franciszek-walcz.pl\/wp-content\/uploads\/2017\/03\/rekolekcje-300x198.jpg\" alt=\"\" width=\"300\" height=\"198\" \/>Rekolekcje s\u0105 okazj\u0105 do wyciszenia si\u0119 oraz zastanowienia nad sob\u0105 i swoim \u017cyciem przed Bogiem i wraz z Nim. To szansa, by spotka\u0107 Jezusa, pozna\u0107 Go, pokocha\u0107;<\/p>\n<p>&#8211; do\u015bwiadczy\u0107 mi\u0142o\u015bci Boga i na niej budowa\u0107 swe \u017cycie;<\/p>\n<p>&#8211; pozna\u0107 siebie w \u015bwietle S\u0142owa Bo\u017cego: swoje \u017cyciowe zranienia, zagubienia, zak\u0142amania &#8211; pokona\u0107 to, co odbiera rado\u015b\u0107 \u017cycia;<\/p>\n<p>&#8211; skonfrontowa\u0107 swoj\u0105 przesz\u0142o\u015b\u0107 i tera\u017aniejszo\u015b\u0107 z Bogiem oraz pojedna\u0107 si\u0119 z Nim, by \u017cy\u0107 w wolno\u015bci;<\/p>\n<p>&#8211; odczyta\u0107 w\u0142a\u015bciwie Bo\u017cy plan w odniesieniu do swego \u017cycia.<\/p>\n<h2><strong>Po co s\u0105 rekolekcje?<\/strong><\/h2>\n<p>Kiedy\u015b jeden z parafian zosta\u0142 zapytany, czy by\u0142e\u015b na rekolekcjach? Ten odpar\u0142: po co mi rekolekcje? Nikogo nie zabi\u0142em, ni podpali\u0142em, modl\u0119 si\u0119, nie grzesz\u0119 \u2013 wi\u0119c \u017cyj\u0119 w porz\u0105dku wobec Pana Boga. Niech ci, co grzesz\u0105 id\u0105 na rekolekcje i do spowiedzi, ja tam nie mam z czego si\u0119 spowiada\u0107.<br \/>\nZapewne nie tylko ten jeden, ale wielu my\u015bli podobnie. Czy ludziom wierz\u0105cym potrzebne s\u0105 rekolekcje? Na to pytanie daje odpowied\u017a sam Pan Jezus i to w\u0142asnym przyk\u0142adem. No bo kto jak kto, ale On na pewno nie mia\u0142 \u017cadnego grzechu i tym bardziej nie musia\u0142 odprawia\u0107 rekolekcji. Tymczasem Ewangelie opisuj\u0105, \u017ce po chrzcie w Jordanie Jezus uda\u0142 si\u0119 na pustyni\u0119 i tam czterdzie\u015bci dni przebywa\u0142 poszcz\u0105c i modl\u0105c si\u0119. Tam te\u017c jakby \u201enabiera\u0142 mocy\u201d do przeciwstawiania si\u0119 diab\u0142u, kiedy on zacz\u0105\u0142 Go kusi\u0107. Oczywi\u015bcie Pan Jezus mia\u0142 wystarczaj\u0105c\u0105 moc, by nie ulec z\u0142emu duchowi, a te jego rekolekcje na pustyni maj\u0105 tylko nam pokaza\u0107, \u017ce trzeba czasem oderwa\u0107 si\u0119 od swoich codziennych zaj\u0119\u0107, by na modlitwie, poszcz\u0105c i s\u0142uchaj\u0105c S\u0142owa Bo\u017cego umacnia\u0107 swoj\u0105 wiar\u0119. Znajdujemy te\u017c w Ewangeliach s\u0142owa Pana Jezusa skierowane do Jego uczni\u00f3w. Aposto\u0142owie z zapa\u0142em opowiadali o tym, jak g\u0142osili S\u0142owo Bo\u017ce, ilu uzdrowili i ile uczynili dobra. Chrystus wys\u0142ucha\u0142 ich i powiedzia\u0142: \u201eP\u00f3jd\u017acie wy sami osobno na miejsce pustynne i wypocznijcie nieco\u201d.<br \/>\nNa osobno\u015bci Jezus wyja\u015bni\u0142 swoim uczniom niekt\u00f3re zawi\u0142o\u015bci Jego nauki. Widzimy \u017ce i aposto\u0142owie potrzebowali rekolekcji i takie rekolekcje g\u0142osi\u0142 im sam Pan Jezus.<br \/>\nCzy my lepiej znamy i rozumiemy nauk\u0119 Chrystusa i Jego aposto\u0142owie, \u017ce nie potrzebujemy jej ju\u017c zg\u0142\u0119bia\u0107 i wyja\u015bnia\u0107? Czy mamy mo\u017ce tak wielk\u0105 wiar\u0119, \u017ce nie potrzebujemy jej umacnia\u0107 wsp\u00f3ln\u0105 modlitw\u0105, s\u0142uchaniem S\u0142owa Bo\u017cego i sakramentami.<br \/>\nNo dobrze, m\u00f3g\u0142by kto\u015b powiedzie\u0107. Aposto\u0142om rekolekcje g\u0142osi\u0142 sam Chrystus. Tymczasem do nas przyjdzie jaki\u015b ksi\u0105dz. Chrystusa bym s\u0142ucha\u0142, bo w niego wierz\u0119, ale w ksi\u0119dza nie musz\u0119. Je\u015bli twierdzisz, \u017ce Chrystusa pos\u0142uchasz, to przyjmij do serca te Jego s\u0142owa, kt\u00f3re skierowa\u0142 do swoich uczni\u00f3w: \u201eKto was s\u0142ucha, Mnie s\u0142ucha, a kto wami gardzi, gardzi Tym, kt\u00f3ry mnie pos\u0142a\u0142.\u201d Dzi\u015b Chrystus przemawia do nas przez wybranych przez siebie ludzi. Je\u015bli rzeczywi\u015bcie jeste\u015b gotowy s\u0142ucha\u0107 Chrystusa, to uwierz wy\u017cej przytoczonym Jego s\u0142owom. Nie gard\u017a g\u0142osz\u0105cym S\u0142owo Bo\u017ce cz\u0142owiekiem, by si\u0119 nie okaza\u0142o, \u017ce przez to gardzisz samym Chrystusem. To On podczas rekolekcji b\u0119dzie przemawia\u0142, to On b\u0119dzie rozgrzesza\u0142, upomina\u0142 i dodawa\u0142 otuchy, to On b\u0119dzie nawo\u0142ywa\u0142 do poprawy \u017cycia \u2013 tak jak czyni\u0142 to nad jeziorem Genezaret, w Jerozolimie i w Kafarnaum. To On chce si\u0119 spotka\u0107 podczas rekolekcji ze wszystkimi swoimi uczniami, a \u017ce czyni to przez po\u015brednictwo cz\u0142owieka-ksi\u0119dza, czy Mu tego nie wolno?<\/p>\n","protected":false},"excerpt":{"rendered":"<p>Rekolekcje s\u0105 okazj\u0105 do wyciszenia si\u0119 oraz zastanowienia nad sob\u0105 i swoim \u017cyciem przed Bogiem i wraz z Nim. To szansa, by spotka\u0107 Jezusa, pozna\u0107 Go, pokocha\u0107; &#8211; do\u015bwiadczy\u0107 mi\u0142o\u015bci Boga i na niej budowa\u0107 swe \u017cycie; &#8211; pozna\u0107 siebie w \u015bwietle S\u0142owa Bo\u017cego: swoje \u017cyciowe zranienia, zagubienia, zak\u0142amania &#8211; pokona\u0107 to, co odbiera rado\u015b\u0107 \u017cycia; &#8211; skonfrontowa\u0107 swoj\u0105 przesz\u0142o\u015b\u0107 i tera\u017aniejszo\u015b\u0107 z Bogiem oraz pojedna\u0107 si\u0119 z Nim, by \u017cy\u0107 w wolno\u015bci; &#8211; odczyta\u0107 w\u0142a\u015bciwie Bo\u017cy plan w odniesieniu do swego \u017cycia. Po co s\u0105 rekolekcje? Kiedy\u015b jeden z parafian zosta\u0142 zapytany, czy by\u0142e\u015b na rekolekcjach? Ten odpar\u0142: po co mi rekolekcje? Nikogo nie zabi\u0142em, ni podpali\u0142em, modl\u0119 si\u0119, nie grzesz\u0119 \u2013 wi\u0119c \u017cyj\u0119 w porz\u0105dku wobec Pana Boga. Niech ci, co grzesz\u0105 id\u0105 na rekolekcje i do spowiedzi, ja tam nie mam z czego si\u0119 spowiada\u0107. Zapewne nie tylko ten jeden, ale wielu my\u015bli podobnie. Czy ludziom wierz\u0105cym&hellip;<\/p>\n<p> <a class=\"more-link\" href=\"http:\/\/www.franciszek-walcz.pl\/?p=538\">Czytaj dalej<\/a><\/p>\n","protected":false},"author":1,"featured_media":0,"comment_status":"open","ping_status":"open","sticky":false,"template":"","format":"standard","meta":{"footnotes":""},"categories":[1],"tags":[],"class_list":{"0":"post-538","1":"post","2":"type-post","3":"status-publish","4":"format-standard","6":"category-uncategorized"},"brizy_media":[],"_links":{"self":[{"href":"http:\/\/www.franciszek-walcz.pl\/index.php?rest_route=\/wp\/v2\/posts\/538","targetHints":{"allow":["GET"]}}],"collection":[{"href":"http:\/\/www.franciszek-walcz.pl\/index.php?rest_route=\/wp\/v2\/posts"}],"about":[{"href":"http:\/\/www.franciszek-walcz.pl\/index.php?rest_route=\/wp\/v2\/types\/post"}],"author":[{"embeddable":true,"href":"http:\/\/www.franciszek-walcz.pl\/index.php?rest_route=\/wp\/v2\/users\/1"}],"replies":[{"embeddable":true,"href":"http:\/\/www.franciszek-walcz.pl\/index.php?rest_route=%2Fwp%2Fv2%2Fcomments&post=538"}],"version-history":[{"count":2,"href":"http:\/\/www.franciszek-walcz.pl\/index.php?rest_route=\/wp\/v2\/posts\/538\/revisions"}],"predecessor-version":[{"id":541,"href":"http:\/\/www.franciszek-walcz.pl\/index.php?rest_route=\/wp\/v2\/posts\/538\/revisions\/541"}],"wp:attachment":[{"href":"http:\/\/www.franciszek-walcz.pl\/index.php?rest_route=%2Fwp%2Fv2%2Fmedia&parent=538"}],"wp:term":[{"taxonomy":"category","embeddable":true,"href":"http:\/\/www.franciszek-walcz.pl\/index.php?rest_route=%2Fwp%2Fv2%2Fcategories&post=538"},{"taxonomy":"post_tag","embeddable":true,"href":"http:\/\/www.franciszek-walcz.pl\/index.php?rest_route=%2Fwp%2Fv2%2Ftags&post=538"}],"curies":[{"name":"wp","href":"https:\/\/api.w.org\/{rel}","templated":true}]}}