{"id":5411,"date":"2019-11-30T11:18:12","date_gmt":"2019-11-30T10:18:12","guid":{"rendered":"http:\/\/www.franciszek-walcz.pl\/?p=5411"},"modified":"2019-11-30T11:18:12","modified_gmt":"2019-11-30T10:18:12","slug":"xx-dzien-modlitwy-i-pomocy-materialnej-kosciolowi-na-wschodzie-08-12-2019","status":"publish","type":"post","link":"http:\/\/www.franciszek-walcz.pl\/?p=5411","title":{"rendered":"XX Dzie\u0144 modlitwy i pomocy materialnej Ko\u015bcio\u0142owi na Wschodzie 08.12.2019"},"content":{"rendered":"<p align=\"left\"><span style=\"font-size: large;\">W II niedziel\u0119 Adwentu czyli 8 grudnia br. b\u0119dzie obchodzony w Ko\u015bciele w Polsce ju\u017c <\/span><span style=\"font-size: large;\">po raz dwudziesty<\/span><span style=\"font-size: large;\">:<\/span><span style=\"font-size: large;\"><b>Dzie\u0144\u00a0modlitwy i pomocy materialnej Ko\u015bcio\u0142owi na Wschodzie.<\/b><\/span><\/p>\n<p align=\"left\"><span style=\"font-size: large;\">Celem tego dnia jest duchowe i materialne wsparcie Ko\u015bcio\u0142a katolickiego w krajach Europy Wschodniej i Azji \u015arodkowej czyli Bia\u0142oru\u015b, Litwa, \u0141otwa i Estonia, Ukraina, Rosja, Mo\u0142dawia, Armenia, Gruzja, Kazachstan, Tad\u017cykistan, Kirgizja i Uzbekistan.<\/span><\/p>\n<p align=\"left\"><span style=\"font-size: large;\"><i>Dzie\u0144 modlitwy i pomocy materialnej Ko\u015bcio\u0142owi na Wschodzie<\/i><\/span><i> <\/i><span style=\"font-size: large;\">jest szczeg\u00f3lnym dniem i wydarzeniem dla wielu Polak\u00f3w. Jedni s\u0105 rodzinnie czy historycznie zwi\u0105zani z\u00a0tamtymi terenami, inni solidaryzuj\u0105 si\u0119 z tymi, kt\u00f3rym przysz\u0142o \u017cy\u0107 i tworzy\u0107 wsp\u00f3lnot\u0119 Ko\u015bcio\u0142a katolickiego na Wschodzie. <\/span><\/p>\n<p align=\"left\"><span style=\"font-size: large;\">Aktualnie, Ko\u015bcio\u0142owi za wschodni\u0105 granic\u0105, s\u0142u\u017cy ponad 200 kap\u0142an\u00f3w diecezjalnych, oko\u0142o 300 kap\u0142an\u00f3w zakonnych, 320 si\u00f3str zakonnych i 20 braci zakonnych z Polski oraz osoby \u015bwieckie. Do biura Zespo\u0142u nap\u0142ywaj\u0105 pisemne pro\u015bby z diecezji, parafii oraz ze zgromadze\u0144 zakonnych pracuj\u0105cych na Wschodzie. W roku 2019 (do 20.11) zosta\u0142o ju\u017c zrealizowanych 340 pr\u00f3\u015bb, na kwot\u0119 2\u00a0355 000 z\u0142, z czego najwi\u0119cej trafi\u0142o na Ukrain\u0119 i Bia\u0142oru\u015b.<\/span><\/p>\n<p align=\"left\"><span style=\"font-size: large;\">Ofiary zebrane w II niedziel\u0119 Adwentu a tak\u017ce nap\u0142ywaj\u0105ce od sta\u0142ych ofiarodawc\u00f3w indywidualnych przez ca\u0142y rok, s\u0142u\u017c\u0105 pomoc\u0105 katolikom we wszystkich tamtejszych diecezjach.<\/span><\/p>\n<p align=\"left\"><span style=\"font-size: large;\">W tym dniu z Ko\u015bcio\u0142em w Polsce i poza jej granicami, \u0142\u0105cz\u0105 si\u0119 wierni z wielu parafii za wschodni\u0105 granic\u0105, dzi\u0119kuj\u0105c Bogu za modlitw\u0119 i sk\u0142adane ofiary. \u201eDzie\u0144 modlitwy i pomocy materialnej Ko\u015bcio\u0142owi na Wschodzie\u201d tam, za wschodni\u0105 granic\u0105, jest dniem wdzi\u0119czno\u015bci za tych, kt\u00f3rzy pomagaj\u0105 duchowo i materialnie.<\/span><\/p>\n<p align=\"left\"><span style=\"font-size: large;\">Zwracamy si\u0119 z gor\u0105c\u0105 pro\u015bb\u0105 do wszystkich Polak\u00f3w zar\u00f3wno w kraju, jak i Rodak\u00f3w poza granicami naszej Ojczyzny o duchowe i materialne wsparcie tej inicjatywy Konferencji Episkopatu Polski. W imieniu kap\u0142an\u00f3w, si\u00f3str i braci zakonnych oraz wolontariuszy \u015bwieckich, pos\u0142uguj\u0105cych aktualnie na Wschodzie a tak\u017ce wiernych, sk\u0142adamy serdeczne podzi\u0119kowanie za wszelk\u0105 pomoc i modlitw\u0119.<\/span><\/p>\n<p align=\"left\"><span style=\"font-size: large;\">Zesp\u00f3\u0142 Pomocy Ko\u015bcio\u0142owi na Wschodzie, <\/span><\/p>\n<p align=\"left\"><span style=\"font-size: large;\">w imieniu ca\u0142ego Zespo\u0142u:<\/span><\/p>\n<p align=\"left\">Ks. Leszek Kry\u017ca TChr, <i>dyrektor biura Zespo\u0142u<\/i><\/p>\n","protected":false},"excerpt":{"rendered":"<p>W II niedziel\u0119 Adwentu czyli 8 grudnia br. b\u0119dzie obchodzony w Ko\u015bciele w Polsce ju\u017c po raz dwudziesty:Dzie\u0144\u00a0modlitwy i pomocy materialnej Ko\u015bcio\u0142owi na Wschodzie. Celem tego dnia jest duchowe i materialne wsparcie Ko\u015bcio\u0142a katolickiego w krajach Europy Wschodniej i Azji \u015arodkowej czyli Bia\u0142oru\u015b, Litwa, \u0141otwa i Estonia, Ukraina, Rosja, Mo\u0142dawia, Armenia, Gruzja, Kazachstan, Tad\u017cykistan, Kirgizja i Uzbekistan. Dzie\u0144 modlitwy i pomocy materialnej Ko\u015bcio\u0142owi na Wschodzie jest szczeg\u00f3lnym dniem i wydarzeniem dla wielu Polak\u00f3w. Jedni s\u0105 rodzinnie czy historycznie zwi\u0105zani z\u00a0tamtymi terenami, inni solidaryzuj\u0105 si\u0119 z tymi, kt\u00f3rym przysz\u0142o \u017cy\u0107 i tworzy\u0107 wsp\u00f3lnot\u0119 Ko\u015bcio\u0142a katolickiego na Wschodzie. Aktualnie, Ko\u015bcio\u0142owi za wschodni\u0105 granic\u0105, s\u0142u\u017cy ponad 200 kap\u0142an\u00f3w diecezjalnych, oko\u0142o 300 kap\u0142an\u00f3w zakonnych, 320 si\u00f3str zakonnych i 20 braci zakonnych z Polski oraz osoby \u015bwieckie. Do biura Zespo\u0142u nap\u0142ywaj\u0105 pisemne pro\u015bby z diecezji, parafii oraz ze zgromadze\u0144 zakonnych pracuj\u0105cych na Wschodzie. W roku 2019 (do 20.11) zosta\u0142o ju\u017c zrealizowanych 340 pr\u00f3\u015bb, na kwot\u0119&hellip;<\/p>\n<p> <a class=\"more-link\" href=\"http:\/\/www.franciszek-walcz.pl\/?p=5411\">Czytaj dalej<\/a><\/p>\n","protected":false},"author":1,"featured_media":0,"comment_status":"closed","ping_status":"open","sticky":false,"template":"","format":"standard","meta":{"footnotes":""},"categories":[5],"tags":[],"class_list":{"0":"post-5411","1":"post","2":"type-post","3":"status-publish","4":"format-standard","6":"category-artykuly"},"brizy_media":[],"_links":{"self":[{"href":"http:\/\/www.franciszek-walcz.pl\/index.php?rest_route=\/wp\/v2\/posts\/5411","targetHints":{"allow":["GET"]}}],"collection":[{"href":"http:\/\/www.franciszek-walcz.pl\/index.php?rest_route=\/wp\/v2\/posts"}],"about":[{"href":"http:\/\/www.franciszek-walcz.pl\/index.php?rest_route=\/wp\/v2\/types\/post"}],"author":[{"embeddable":true,"href":"http:\/\/www.franciszek-walcz.pl\/index.php?rest_route=\/wp\/v2\/users\/1"}],"replies":[{"embeddable":true,"href":"http:\/\/www.franciszek-walcz.pl\/index.php?rest_route=%2Fwp%2Fv2%2Fcomments&post=5411"}],"version-history":[{"count":1,"href":"http:\/\/www.franciszek-walcz.pl\/index.php?rest_route=\/wp\/v2\/posts\/5411\/revisions"}],"predecessor-version":[{"id":5412,"href":"http:\/\/www.franciszek-walcz.pl\/index.php?rest_route=\/wp\/v2\/posts\/5411\/revisions\/5412"}],"wp:attachment":[{"href":"http:\/\/www.franciszek-walcz.pl\/index.php?rest_route=%2Fwp%2Fv2%2Fmedia&parent=5411"}],"wp:term":[{"taxonomy":"category","embeddable":true,"href":"http:\/\/www.franciszek-walcz.pl\/index.php?rest_route=%2Fwp%2Fv2%2Fcategories&post=5411"},{"taxonomy":"post_tag","embeddable":true,"href":"http:\/\/www.franciszek-walcz.pl\/index.php?rest_route=%2Fwp%2Fv2%2Ftags&post=5411"}],"curies":[{"name":"wp","href":"https:\/\/api.w.org\/{rel}","templated":true}]}}