{"id":5417,"date":"2019-11-30T11:24:34","date_gmt":"2019-11-30T10:24:34","guid":{"rendered":"http:\/\/www.franciszek-walcz.pl\/?p=5417"},"modified":"2019-11-30T11:27:23","modified_gmt":"2019-11-30T10:27:23","slug":"apel-na-xx-dzien-modlitwy-i-pomocy-materialnej-kosciolowi-na-wschodzie-8-grudnia-2019-ii-niedziela-adwentu","status":"publish","type":"post","link":"http:\/\/www.franciszek-walcz.pl\/?p=5417","title":{"rendered":"APEL NA XX DZIE\u0143 MODLITWY I POMOCY MATERIALNEJ KO\u015aCIO\u0141OWI NA WSCHODZIE &#8211; 8 grudnia 2019 II Niedziela Adwentu"},"content":{"rendered":"<p class=\"western\" lang=\"pl\"><span style=\"font-size: large;\"><b>Umi\u0142owani Bracia i Siostry!<\/b><\/span><\/p>\n<p class=\"western\" lang=\"pl\" align=\"justify\"><span style=\"font-size: large;\">Czas adwentu to czas wyj\u0105tkowo nam bliski z racji na szczeg\u00f3lne tresci religijne jak i ze wzgl\u0119du na bogactwo tradycji z tym okresem zwiazanych. By\u0107 mo\u017ce ten klimat duchowy i kulturowy sprawi\u0142, \u017ce Konferencja Episkopatu Polski wybra\u0142a Drug\u0105 Niedziel\u0119 Adwentu, jako ten dzie\u0144, w kt\u00f3rym jeste\u015bmy zaproszeni do okazania \u017cyczliwo\u015bci dla wszystkich naszych si\u00f3str i braci, \u017cyj\u0105cych na Wschodzie, a bliskich nam z racji historycznych i licznych wsp\u00f3lnych do\u015bwiadcze\u0144. Wielu z nas pozostawi\u0142o tam swoje rodziny. A jeszcze wi\u0119cej jest takich, kt\u00f3rzy wspominaj\u0105 swoich bliskich zmar\u0142ych i ich groby, cz\u0119sto ju\u017c bezimienne, rozsiane na Wile\u0144szczy\u017anie, Polesiu, na Wo\u0142yniu i Podolu, bezkresnej Syberii czy na stepach Kazachstanu. Przy tym pami\u0119tamy dobrze, na jakie trudno\u015bci byli nara\u017ceni wszyscy nasi bracia i siostry i ile musieli wycierpie\u0107 za polsko\u015b\u0107 i wiar\u0119. to przez ca\u0142e dziesi\u0119ciolecia. <\/span><\/p>\n<p class=\"western\" lang=\"pl\" align=\"justify\"><span style=\"font-size: large;\">W tej niezwyk\u0142ej historii odradzania sie Ko\u015bcio\u0142a Katolickiego za Wschodni\u0105 granic\u0105, od 30 lat uczestniczy Zesp\u00f3\u0142 Pomocy Ko\u015bcio\u0142owi na Wschodzie przy Konferencji Episkopatu Polski i ka\u017cdy kto duchowo czy matrialnie to wielkie dzie\u0142o wspiera.<\/span><\/p>\n<p class=\"western\" lang=\"pl\" align=\"justify\"><span style=\"font-size: large;\"> Zesp\u00f3\u0142 Pomocy Ko\u015bcio\u0142owi na Wschodzie , na miar\u0119 swoich mo\u017cliwo\u015bci, w oparciu o z\u0142o\u017cone ofiary, s\u0142u\u017cy pomoc\u0105 duszpasterzom i wiernym tam pos\u0142uguj\u0105cym i mieszkaj\u0105cym. Aktualnie, Ko\u015bcio\u0142owi za wschodni\u0105 granic\u0105, s\u0142u\u017cy ponad 200 kap\u0142an\u00f3w diecezjalnych, oko\u0142o 300 kap\u0142an\u00f3w zakonnych, 320 si\u00f3str zakonnych i 20 braci zakonnych z Polski oraz osoby \u015bwieckie. Do biura Zespo\u0142u nap\u0142ywaj\u0105 pisemne pro\u015bby z diecezji, parafii oraz ze zgromadze\u0144 zakonnych pracuj\u0105cych na Wschodzie: z Litwy, \u0141otwy i Estonii, Bia\u0142orusi, Ukrainy, Rosji, Kazachstanu i z kraj\u00f3w Azji \u015arodkowej. W bie\u017c\u0105cym roku zosta\u0142o ju\u017c zrealizowanych 340 pr\u00f3\u015bb, na kwot\u0119 2 355\u00a0000 z\u0142. <\/span><\/p>\n<p class=\"western\" lang=\"pl\" align=\"justify\"><span style=\"font-size: large;\"><b>Drodzy Bracia i Siostry.<\/b><\/span><span style=\"font-size: large;\"> Ka\u017cda bezinteresowna pomoc powr\u00f3ci do nas zgodnie ze s\u0142owami: \u201eDawajcie a b\u0119dzie wam dane; miar\u0105 dobr\u0105, nat\u0142oczon\u0105, utrz\u0119sion\u0105 i op\u0142ywaj\u0105c\u0105 wsypi\u0105 w zanadrze wasze\u201d (\u0141k 6, 38). <\/span><\/p>\n<p class=\"western\" lang=\"pl\" align=\"justify\"><span style=\"font-size: large;\">W imieniu, Pasterzy, kap\u0142an\u00f3w, si\u00f3str zakonnych i wszystkich kt\u00f3rym pomagamy, sk\u0142adamy serdeczne podzi\u0119kowanie i zapewnienie, \u017ce wierni tworz\u0105cy Ko\u015bci\u00f3\u0142 Katolicki na Wschodzie, gorliwie modl\u0105 si\u0119 za ofiarodawc\u00f3w w duchu wdzi\u0119czno\u015bci za przekazane ofiary. Prze\u017cywany w Polsce i na plac\u00f3wkach polonijnych \u201eDzie\u0144 modlitwy i pomocy materialnej Ko\u015bcio\u0142owi na Wschodzie\u201d tam, za wschodni\u0105 granic\u0105, jest dniem wdzi\u0119czno\u015bci za tych, kt\u00f3rzy pomagaj\u0105 duchowo i materialnie.<\/span><\/p>\n<p class=\"western\" lang=\"pl\" align=\"justify\"><span style=\"font-size: large;\">B\u0142ogos\u0142awionych \u015awi\u0105t Bo\u017cego Narodzenia i Szcz\u0119\u015bliwego Nowego Roku!<\/span><\/p>\n<p class=\"western\" lang=\"pl\" align=\"justify\"><span style=\"font-size: large;\"><i> + Antoni P. Dydycz<\/i><\/span><\/p>\n<p class=\"western\" lang=\"pl\" align=\"justify\"><span style=\"font-size: large;\">Przewodnicz\u0105cy <\/span><\/p>\n<p class=\"western\" lang=\"pl\" align=\"justify\"><span style=\"font-size: large;\">Zespo\u0142u Pomocy Ko\u015bcio\u0142owi na Wschodzie<\/span><\/p>\n","protected":false},"excerpt":{"rendered":"<p>Umi\u0142owani Bracia i Siostry! Czas adwentu to czas wyj\u0105tkowo nam bliski z racji na szczeg\u00f3lne tresci religijne jak i ze wzgl\u0119du na bogactwo tradycji z tym okresem zwiazanych. By\u0107 mo\u017ce ten klimat duchowy i kulturowy sprawi\u0142, \u017ce Konferencja Episkopatu Polski wybra\u0142a Drug\u0105 Niedziel\u0119 Adwentu, jako ten dzie\u0144, w kt\u00f3rym jeste\u015bmy zaproszeni do okazania \u017cyczliwo\u015bci dla wszystkich naszych si\u00f3str i braci, \u017cyj\u0105cych na Wschodzie, a bliskich nam z racji historycznych i licznych wsp\u00f3lnych do\u015bwiadcze\u0144. Wielu z nas pozostawi\u0142o tam swoje rodziny. A jeszcze wi\u0119cej jest takich, kt\u00f3rzy wspominaj\u0105 swoich bliskich zmar\u0142ych i ich groby, cz\u0119sto ju\u017c bezimienne, rozsiane na Wile\u0144szczy\u017anie, Polesiu, na Wo\u0142yniu i Podolu, bezkresnej Syberii czy na stepach Kazachstanu. Przy tym pami\u0119tamy dobrze, na jakie trudno\u015bci byli nara\u017ceni wszyscy nasi bracia i siostry i ile musieli wycierpie\u0107 za polsko\u015b\u0107 i wiar\u0119. to przez ca\u0142e dziesi\u0119ciolecia. W tej niezwyk\u0142ej historii odradzania sie Ko\u015bcio\u0142a Katolickiego za Wschodni\u0105 granic\u0105, od 30 lat&hellip;<\/p>\n<p> <a class=\"more-link\" href=\"http:\/\/www.franciszek-walcz.pl\/?p=5417\">Czytaj dalej<\/a><\/p>\n","protected":false},"author":1,"featured_media":0,"comment_status":"closed","ping_status":"open","sticky":false,"template":"","format":"standard","meta":{"footnotes":""},"categories":[4],"tags":[],"class_list":{"0":"post-5417","1":"post","2":"type-post","3":"status-publish","4":"format-standard","6":"category-ogloszenia"},"brizy_media":[],"_links":{"self":[{"href":"http:\/\/www.franciszek-walcz.pl\/index.php?rest_route=\/wp\/v2\/posts\/5417","targetHints":{"allow":["GET"]}}],"collection":[{"href":"http:\/\/www.franciszek-walcz.pl\/index.php?rest_route=\/wp\/v2\/posts"}],"about":[{"href":"http:\/\/www.franciszek-walcz.pl\/index.php?rest_route=\/wp\/v2\/types\/post"}],"author":[{"embeddable":true,"href":"http:\/\/www.franciszek-walcz.pl\/index.php?rest_route=\/wp\/v2\/users\/1"}],"replies":[{"embeddable":true,"href":"http:\/\/www.franciszek-walcz.pl\/index.php?rest_route=%2Fwp%2Fv2%2Fcomments&post=5417"}],"version-history":[{"count":1,"href":"http:\/\/www.franciszek-walcz.pl\/index.php?rest_route=\/wp\/v2\/posts\/5417\/revisions"}],"predecessor-version":[{"id":5418,"href":"http:\/\/www.franciszek-walcz.pl\/index.php?rest_route=\/wp\/v2\/posts\/5417\/revisions\/5418"}],"wp:attachment":[{"href":"http:\/\/www.franciszek-walcz.pl\/index.php?rest_route=%2Fwp%2Fv2%2Fmedia&parent=5417"}],"wp:term":[{"taxonomy":"category","embeddable":true,"href":"http:\/\/www.franciszek-walcz.pl\/index.php?rest_route=%2Fwp%2Fv2%2Fcategories&post=5417"},{"taxonomy":"post_tag","embeddable":true,"href":"http:\/\/www.franciszek-walcz.pl\/index.php?rest_route=%2Fwp%2Fv2%2Ftags&post=5417"}],"curies":[{"name":"wp","href":"https:\/\/api.w.org\/{rel}","templated":true}]}}