{"id":5432,"date":"2019-11-30T11:42:21","date_gmt":"2019-11-30T10:42:21","guid":{"rendered":"http:\/\/www.franciszek-walcz.pl\/?p=5432"},"modified":"2019-12-01T01:02:17","modified_gmt":"2019-12-01T00:02:17","slug":"sw-andrzeja-apostola-swieto","status":"publish","type":"post","link":"http:\/\/www.franciszek-walcz.pl\/?p=5432","title":{"rendered":"\u015aw. Andrzeja, Aposto\u0142a \u2013 \u015awi\u0119to"},"content":{"rendered":"<p align=\"left\"><span style=\"font-family: Verdana, serif;\"><span style=\"font-size: large;\"><b>Nasza codzienno\u015b\u0107 miejscem spotkania z Chrystusem<\/b><\/span><\/span><\/p>\n<p align=\"left\"><span style=\"font-family: Times New Roman, serif;\"><span style=\"font-size: large;\">Prze\u017cywamy dzi\u015b we wsp\u00f3lnocie Ko\u015bcio\u0142a \u015bwi\u0119to \u015aw. Andrzeja Aposto\u0142a. Ewangelia ukazuje nam powo\u0142anie na aposto\u0142\u00f3w dw\u00f3ch braci: Andrzeja i Szymona, zwanego Piotrem oraz dw\u00f3ch innych braci: Jakuba i Jana, syn\u00f3w Zebedeusza. Z pocz\u0105tku \u015bw. Andrzej nale\u017ca\u0142 do grona uczni\u00f3w Jana Chrzciciela, p\u00f3\u017aniej jednak do\u0142\u0105czy\u0142 do grona na\u015bladowc\u00f3w Chrystusa. Wg tradycji \u015bw. Andrzej g\u0142osi\u0142 Ewangeli\u0119 na terenach p\u00f3\u017aniejszego Bizancjum, w Azji mniejszej i w Grecji, gdzie te\u017c poni\u00f3s\u0142 \u015bmier\u0107 m\u0119cze\u0144sk\u0105 w mie\u015bcie Patras, ukrzy\u017cowany na krzy\u017cu w kszta\u0142cie litery \u201eX\u201d. Znak tez z czasem nazwano \u201ekrzy\u017cem \u015bw. Andrzeja\u201d. Dzisiejszy Patron otaczany jest wielk\u0105 czci\u0105 r\u00f3wnie\u017c w Ko\u015bciele Prawos\u0142awnym.<\/span><\/span><\/p>\n<p align=\"left\"><span style=\"font-family: Times New Roman, serif;\"><span style=\"font-size: large;\">\u015aw. Andrzej zostaje powo\u0142any przez Chrystusa w zwyczajnych okoliczno\u015bciach \u2013 podczas swojej pracy. Chrystus wkracza w jego i jego brata \u015bwiat i powo\u0142uje ich, aby stali si\u0119 rybakami ludzi. Widzimy wi\u0119c, \u017ce Chrystus wzywa ludzi zajmuj\u0105cych si\u0119 konkretnymi sprawami, maj\u0105cych okre\u015blone zaj\u0119cia, obowi\u0105zki i zdolno\u015bci. Dokonuje si\u0119 to w konkretnym miejscu i czasie, poniewa\u017c miejscem spotkania z Bogiem jest zawsze nasze \u017cycie, nasza rzeczywisto\u015bc, realia, w kt\u00f3rych \u017cyjemy. B\u00f3g nigdy nie niszczy naszej historii. Przeciwnie, bazuje na niej i po\u015br\u00f3d niej w\u0142a\u015bnie przeprowadza swoj\u0105 wol\u0119. Nawet je\u015bli nasza historia jest dla nas trudna, mo\u017ce wstydliwa, nawet je\u015bli nie akceptujemy jej konkretnych moment\u00f3w \u2013 dla Boga nie stanowi to przeskzkody. Przeciwnie, w naszej ma\u0142o\u015bci mo\u017ce okaza\u0107 si\u0119 wielko\u015b\u0107 Boga. On bowiem patrzy dalej, poza nasze cz\u0119sto ograniczone i zas\u0119pione spojrzenie.<\/span><\/span><\/p>\n<p align=\"left\"><span style=\"font-family: Times New Roman, serif;\"><span style=\"font-size: large;\">Mo\u017cemy by\u0107 pewni, \u017ce i \u015aw. Andrzej mia\u0142 chwile s\u0142abo\u015bci, zw\u0105tpienia. Nie by\u0142 w tym r\u00f3\u017cny od nas. Nie wiemy nic, aby stawa\u0142 w obronie Chrystusa podczas Jego m\u0119ki i \u015bmierci na krzy\u017cu. M\u00f3g\u0142 wi\u0119c mie\u0107 chwile s\u0142abo\u015bci i zw\u0105tpienia, l\u0119ku i ucieczki. Ale pozosta\u0142 uczniem Jezusa. Aposto\u0142 bowiem, a wi\u0119c i chrze\u015bcijanin, to ten, kt\u00f3ry kroczy przez \u017cycie \u015bwiadomy w\u0142asnej s\u0142abo\u015bci, w pokorze i krucho\u015bci. Kroczy naprz\u00f3d oparty o jedyn\u0105 ska\u0142\u0119, Jezusa Chrystusa.<\/span><\/span><\/p>\n<p align=\"left\"><span style=\"font-family: Times New Roman, serif;\"><span style=\"font-size: large;\"><b>Za Mn\u0105<\/b><\/span><\/span><\/p>\n<p align=\"left\"><span style=\"font-family: Times New Roman, serif;\"><span style=\"font-size: large;\">Dzi\u015b Zbawiciel m\u00f3wi do Andrzeja i Piotra: \u201eP\u00f3jd\u017acie za Mn\u0105\u201d. To bardzo wa\u017cne, owo \u201eza Mn\u0105\u201d. Czy jestem w stanie da\u0107 si\u0119 prowadzi\u0107 Chrystusowi. I\u015b\u0107 za NIM tam, dok\u0105d ON chce; tam, gdzie ON mnie widzi? Dzi\u015b w dobie \u201emega indywidualizmu\u201d, kiedy promowana jest nasza niezale\u017cno\u015b\u0107 i samowystarczalno\u015b\u0107, trudno jest nam i\u015b\u0107 za kim\u015b innym, trudno jest si\u0119 zawierzy\u0107. Co krok nasza podejrzliwo\u015b\u0107 nakazuje nam nieufnie patrze\u0107 na jakiekolwiek propozycje dotycz\u0105ce naszej osoby. Ile to razy s\u0142yszeli\u015bmy \u2013 mo\u017ce ju\u017c w dzieci\u0144stwie: \u201eUmiesz liczy\u0107? Licz na siebie\u201d albo \u201enie ufaj nikomu\u201d, \u201eto ty jeste\u015b sobie sterem, \u017ceglarzem i okr\u0119tem\u201d&#8230;<\/span><\/span><\/p>\n<p align=\"left\"><span style=\"font-family: Times New Roman, serif;\"><span style=\"font-size: large;\">Je\u015bli trwamy w takim przekonaniu, to powinni\u015bmy sobie to u\u015bwiadomi\u0107 w miar\u0119 szybko \u2013 im szybciej, tym lepiej. Im szybciej dostrze\u017cemy, \u017ce mamy pokus\u0119 albo wr\u0119cz jeste\u015bmy \u201ep\u0119pkami\u201d \u015bwiata, kt\u00f3rym nie u\u015bmiecha si\u0119 s\u0142ucha\u0107 kogokolwiek, kt\u00f3re chc\u0105, aby wszystko ta\u0144czy\u0142o wok\u00f3\u0142 nich \u2013 tym mniej zniszczymy po drodze naszych bli\u017anich i r\u00f3wnie\u017c sami sobie mniej zaszkodzimy. Bo w imi\u0119 czego dzi\u015b tylu ludzi cierpi? Nie my\u015bl\u0119 teraz o chorobach, lecz o tym piekle, jakie sami potrafimy sobie zgotowa\u0107! W\u0142a\u015bnie w imi\u0119 tego, \u017ce ja \u2013 cz\u0142owiek sta\u0142em si\u0119 osi\u0105 \u015bwiata (axis mundi) i wszystko ma by\u0107 podporz\u0105dkowane moim zamys\u0142om. Je\u015bli to ja jestem najwa\u017cniejszy, je\u015bli to ja nie chc\u0119 s\u0142u\u017cy\u0107 i cierpie\u0107 dla bli\u017aniego \u2013 traci\u0107 swoje \u017cycie, je\u015bli to ja chc\u0119 wci\u0105\u017c wi\u0119cej i wi\u0119cej \u2013 oto piek\u0142o na ziemi. I nikt mnie nie zatrzyma w przeprowadzaniu mojej woli. I w imi\u0119 tej woli rozpadaj\u0105 si\u0119 rodziny; w imi\u0119 tej woli zdradzamy, porzucamy dzieci, m\u015bcimy si\u0119, zak\u0142adamy sprawy s\u0105dowe \u2013 bo moje musi by\u0107 na wierzchu, bo ja nie chc\u0119 cierpie\u0107! Ja chc\u0119 \u017cy\u0107! Nie u\u015bmiecha mi si\u0119 i\u015b\u0107 za Chrystusem dok\u0105d ON zechce! Nie chc\u0119 by\u0107 jak On, jak potulny baranek prowadzony na rze\u017a. Tu si\u0119 ko\u0144czy moja religijno\u015b\u0107, bo w gruncie rzeczy nie wierz\u0119, \u017ce moim oparciem jest Ojciec z Niebie. Msza msz\u0105, ko\u015bci\u00f3\u0142 ko\u015bco\u0142em, ale moje \u017cycie jest moje! B\u00f3g jest w niebie, jest daleko, ja musz\u0119 sobie na ziemi radzi\u0107 sam! Ilu z nas tak nie my\u015bli?<\/span><\/span><\/p>\n<p align=\"left\"><span style=\"font-family: Times New Roman, serif;\"><span style=\"font-size: large;\"><b>W stron\u0119 wiary \u017cywej<\/b><\/span><\/span><\/p>\n<p align=\"left\"><span style=\"font-family: Times New Roman, serif;\"><span style=\"font-size: large;\">Oczywi\u015bcie \u2013 \u015bw. Andrzej te\u017c przeszed\u0142 swoj\u0105 drog\u0119 \u2013 s\u0142ucha\u0142 s\u0142\u00f3w Chrystusa, przebywa\u0142 z Nim, widzia\u0142 Jego cuda. Musia\u0142 dojrze\u0107 do bycia \u015bwiadkiem Zbawiciela. Musia\u0142 przede wszystkim do\u015bwiadczy\u0107 tego, \u017ce Jezus Chrystus, ukrzy\u017cowany i pogrzebany \u2013 zmartwychwsta\u0142 i \u017cyje! Do\u015bwiadczy\u0142, \u017ce w Chrystusie, w Jego \u015bmierci i zmartwychwstaniu zosta\u0142y przebaczone wszystkie grzechy. Zes\u0142anie Ducha \u015awi\u0119tego doda\u0142o za\u015b aposto\u0142om odwagi, aby wyruszy\u0107 g\u0142osi\u0107 t\u0119 dobr\u0105 Nowin\u0119 innym narodom.<br \/>\nWydaje si\u0119, \u017ce to w\u0142a\u015bnie jest newralgiczny punkt autentyczno\u015bci naszego chrze\u015bcija\u0144stwa. Jest to pytanie o obecno\u015b\u0107 w naszej historii tych mocnych spotka\u0144 z Chrystusem Zmartwychwsta\u0142ym. Bez \u017cywej wiary, to wszystko, co s\u0142yszymy w Ko\u015bciele, mo\u017ce nam si\u0119 jawi\u0107 jako czysty moralizm, a przykazania Jezusa jako nowina bardziej uci\u0105\u017cliwa, ani\u017celi dobra. Tylko cz\u0142owiek, kt\u00f3ry zobaczy\u0142 w historii swojego \u017cycia, \u017ce jest grzesznikiem i \u017ce B\u00f3g w Chrystusie ca\u0142kowicie przebacza mu grzechy, mo\u017ce o tym \u015bwiadczy\u0107. I wi\u0119cej: tylko cz\u0142owiek, kt\u00f3ry widzi, \u017ce pod\u0105\u017canie za Chrystusem w 100% naprawd\u0119 czyni go szcz\u0119\u015bliwym, \u017ce wzystko, co przychodzi, co si\u0119 dzieje, jest \u0142ask\u0105 Boga \u2013 taki cz\u0142owiek staje si\u0119, przez sam\u0105 swoj\u0105 obecno\u015b\u0107, aposto\u0142em.<\/span><\/span><\/p>\n<p align=\"left\"><span style=\"font-family: Times New Roman, serif;\"><span style=\"font-size: large;\">Czy ja do\u015bwiadczy\u0142em, \u017ce On naprawd\u0119 mnie kocha takim jakim jestem; \u017ce On mi przebacza grzechy i pomaga i\u015b\u0107 naprz\u00f3d? Mo\u017cemy powiedzie\u0107 nawet co\u015b, co wydaje si\u0119 skandaliczne: Tylko Chrystus kocha nas i jednocze\u015bnie nie oczekuje, \u017ce si\u0119 zmienimy! Albo inaczej: kocha nas tak samo, niezale\u017cnie od tego, czy jeste\u015bmy przy Nim, czy te\u017c daleko od Niego! Prosz\u0119 si\u0119 nie gorszy\u0107. Taki jest nasz Zbawiciel. Czy kto\u015b inny nas tak kiedykolwiek kocha\u0142? Nie! Zawsze, wcze\u015bniej czy p\u00f3\u017aniej, wychodz\u0105 na wierzch nasze ludzie oczekiwania, nasze pretensje. A Chrystus nie! On kocha nas zawsze t\u0105 sam\u0105 mi\u0142o\u015bci\u0105. I w\u0142a\u015bnie do\u015bwiadczenie tej mi\u0142o\u015bci, kt\u00f3ra jest namacalna we wsp\u00f3lnocie Ko\u015bcio\u0142a, w znakach sakramentalnych, jest w stanie uczyni\u0107 nas jej \u015bwiadkami. Tak jak aposto\u0142owie spotkali zmartwychwsta\u0142ego Pana, zostali umocnieni Duchem \u015awi\u0119tym, przekonuj\u0105c si\u0119, \u017ce \u015bmier\u0107 zosta\u0142a pokonana, tak samo my, dzieci Ko\u015bcio\u0142a, dzisiaj mo\u017cemy to w\u0142a\u015bnie prze\u017cy\u0107. Oto nasze grzechy s\u0105 odpuszczone, oto Chrystus, zupe\u0142nie za darmo daje nam nowe \u017cycie, kt\u00f3re bije ze \u017ar\u00f3d\u0142a chrzcielnego, kt\u00f3re jest umacniane s\u0142uchaniem s\u0142owa i sakramentami oraz braterskim \u017cyciem we wsp\u00f3lnocie.<\/span><\/span><\/p>\n<p align=\"left\"><span style=\"font-family: Times New Roman, serif;\"><span style=\"font-size: large;\"><b>Wyruszy\u0107 natychmiast<\/b><\/span><\/span><\/p>\n<p align=\"left\"><span style=\"font-family: Times New Roman, serif;\"><span style=\"font-size: large;\">Wa\u017cne jest r\u00f3wnie\u017c owo \u201enatychmiast\u201d, kt\u00f3re wybrzmiewa w dzisiejszej Ewangelii. Piotr i Andrzej nie stawiali \u017cadnych warunk\u00f3w, nie wiedzieli te\u017c w co wchodz\u0105. Zostawili swoje zabezpiecznie \u2013 prac\u0119 \u2013 i poszli za Chrystusem. Odt\u0105d to On staje si\u0119 dla nich now\u0105 drog\u0105 \u017cycia. Czy my odnajdujemy w sobie t\u0119 odwag\u0119, jak\u0105 mia\u0142 Andrzej? Czy jeste\u015bmy w stanie ca\u0142kowicie zawierzy\u0107 Chrystusowi ufni w to, \u017ce to On jest autorem naszego \u017cycia i \u017ce mo\u017cemy na Nim ca\u0142kowicie polega\u0107? Czy jeste\u015bmy w stanie dzi\u015b na nowo wyruszy\u0107 za Chrystusem \u2013 i to natychmiast? Tam, dok\u0105d On nas po\u015ble? Czy chcemy odda\u0107 nasze cia\u0142a i dusze \u2013 to wszystko, co nas stanowi \u2013 dla ewangelizacji?<\/span><\/span><\/p>\n<p align=\"left\"><span style=\"font-family: Times New Roman, serif;\"><span style=\"font-size: large;\">Chrze\u015bcijanin, je\u015bli prze\u017cywa swoje \u017cycie w g\u0142\u0119bokiej, intymnej relacji z Jezusem Chrystusem, nigdy nie b\u0119dzie mia\u0142 tzw. \u201e\u015bwi\u0119tego spokoju\u201d i \u201ema\u0142ej stabilizacji\u201d. Zawsze bowiem nadarzy si\u0119 sposobno\u015b\u0107, aby zwiastowa\u0107 Ewangeli\u0119. I nawet je\u015bli spotyka nas w zamian cierpienie, jaka\u015b forma umierania (strata przyjaci\u00f3\u0142, posady, pracy, bycie traktowanym jak kto\u015b niespe\u0142na rozumu, itd.) czy nawet faktycznie \u015bmier\u0107 \u2013 to i tak jeste\u015bmy spokojni, poniewa\u017c nasz\u0105 ostoj\u0105 i gwarancj\u0105 jest Jezus Chrystus. Jego Duch, kt\u00f3ry przenika\u0142 serca pierwszych asposto\u0142\u00f3w, \u015bw. Andrzeja \u2013 ten sam Duch, poprzez s\u0142uchanie s\u0142owa Bo\u017cego, sakramentaln\u0105 komuni\u0119 z Chrystusem i \u017cycie we wsp\u00f3lnocie \u2013 uzdalnia nas do m\u0119\u017cnego \u015bwiadczenia o Zbawicielu. Cho\u0107 od czas\u00f3w \u015bw. Andrzeja up\u0142yn\u0119\u0142o tyle wiek\u00f3w, zmieni\u0142 si\u0119 \u015bwiat \u2013 Duch \u015awi\u0119ty, Duch Chrystusa Zmartwychwsta\u0142ego jest ten sam i or\u0119dzie to samo: Jedynym Zbawicielem \u015awiata jest Jezus Chrystus. I dla niego w\u0142a\u015bnie warto odda\u0107 swoje \u017cycie.<\/span><\/span><\/p>\n","protected":false},"excerpt":{"rendered":"<p>Nasza codzienno\u015b\u0107 miejscem spotkania z Chrystusem Prze\u017cywamy dzi\u015b we wsp\u00f3lnocie Ko\u015bcio\u0142a \u015bwi\u0119to \u015aw. Andrzeja Aposto\u0142a. Ewangelia ukazuje nam powo\u0142anie na aposto\u0142\u00f3w dw\u00f3ch braci: Andrzeja i Szymona, zwanego Piotrem oraz dw\u00f3ch innych braci: Jakuba i Jana, syn\u00f3w Zebedeusza. Z pocz\u0105tku \u015bw. Andrzej nale\u017ca\u0142 do grona uczni\u00f3w Jana Chrzciciela, p\u00f3\u017aniej jednak do\u0142\u0105czy\u0142 do grona na\u015bladowc\u00f3w Chrystusa. Wg tradycji \u015bw. Andrzej g\u0142osi\u0142 Ewangeli\u0119 na terenach p\u00f3\u017aniejszego Bizancjum, w Azji mniejszej i w Grecji, gdzie te\u017c poni\u00f3s\u0142 \u015bmier\u0107 m\u0119cze\u0144sk\u0105 w mie\u015bcie Patras, ukrzy\u017cowany na krzy\u017cu w kszta\u0142cie litery \u201eX\u201d. Znak tez z czasem nazwano \u201ekrzy\u017cem \u015bw. Andrzeja\u201d. Dzisiejszy Patron otaczany jest wielk\u0105 czci\u0105 r\u00f3wnie\u017c w Ko\u015bciele Prawos\u0142awnym. \u015aw. Andrzej zostaje powo\u0142any przez Chrystusa w zwyczajnych okoliczno\u015bciach \u2013 podczas swojej pracy. Chrystus wkracza w jego i jego brata \u015bwiat i powo\u0142uje ich, aby stali si\u0119 rybakami ludzi. Widzimy wi\u0119c, \u017ce Chrystus wzywa ludzi zajmuj\u0105cych si\u0119 konkretnymi sprawami, maj\u0105cych okre\u015blone zaj\u0119cia, obowi\u0105zki i zdolno\u015bci. Dokonuje si\u0119&hellip;<\/p>\n<p> <a class=\"more-link\" href=\"http:\/\/www.franciszek-walcz.pl\/?p=5432\">Czytaj dalej<\/a><\/p>\n","protected":false},"author":1,"featured_media":0,"comment_status":"closed","ping_status":"open","sticky":false,"template":"","format":"standard","meta":{"footnotes":""},"categories":[5],"tags":[],"class_list":{"0":"post-5432","1":"post","2":"type-post","3":"status-publish","4":"format-standard","6":"category-artykuly"},"brizy_media":[],"_links":{"self":[{"href":"http:\/\/www.franciszek-walcz.pl\/index.php?rest_route=\/wp\/v2\/posts\/5432","targetHints":{"allow":["GET"]}}],"collection":[{"href":"http:\/\/www.franciszek-walcz.pl\/index.php?rest_route=\/wp\/v2\/posts"}],"about":[{"href":"http:\/\/www.franciszek-walcz.pl\/index.php?rest_route=\/wp\/v2\/types\/post"}],"author":[{"embeddable":true,"href":"http:\/\/www.franciszek-walcz.pl\/index.php?rest_route=\/wp\/v2\/users\/1"}],"replies":[{"embeddable":true,"href":"http:\/\/www.franciszek-walcz.pl\/index.php?rest_route=%2Fwp%2Fv2%2Fcomments&post=5432"}],"version-history":[{"count":3,"href":"http:\/\/www.franciszek-walcz.pl\/index.php?rest_route=\/wp\/v2\/posts\/5432\/revisions"}],"predecessor-version":[{"id":5521,"href":"http:\/\/www.franciszek-walcz.pl\/index.php?rest_route=\/wp\/v2\/posts\/5432\/revisions\/5521"}],"wp:attachment":[{"href":"http:\/\/www.franciszek-walcz.pl\/index.php?rest_route=%2Fwp%2Fv2%2Fmedia&parent=5432"}],"wp:term":[{"taxonomy":"category","embeddable":true,"href":"http:\/\/www.franciszek-walcz.pl\/index.php?rest_route=%2Fwp%2Fv2%2Fcategories&post=5432"},{"taxonomy":"post_tag","embeddable":true,"href":"http:\/\/www.franciszek-walcz.pl\/index.php?rest_route=%2Fwp%2Fv2%2Ftags&post=5432"}],"curies":[{"name":"wp","href":"https:\/\/api.w.org\/{rel}","templated":true}]}}