{"id":5599,"date":"2019-12-07T11:54:03","date_gmt":"2019-12-07T10:54:03","guid":{"rendered":"http:\/\/www.franciszek-walcz.pl\/?p=5599"},"modified":"2019-12-07T11:54:03","modified_gmt":"2019-12-07T10:54:03","slug":"niepokalanie-poczeta-matka-syna-bozego","status":"publish","type":"post","link":"http:\/\/www.franciszek-walcz.pl\/?p=5599","title":{"rendered":"Niepokalanie Pocz\u0119ta &#8211; Matka Syna Bo\u017cego"},"content":{"rendered":"<p align=\"justify\"><span style=\"font-family: Times New Roman, serif;\"><span style=\"font-size: large;\"><span lang=\"it-IT\">Dzisiejsze \u015bwi\u0119to jest upami\u0119tnieniem dogmatu og\u0142oszonego przez papie\u017ca Piusa IX w dniu 8 grudnia 1854 roku <\/span><\/span><\/span><span style=\"font-family: Times New Roman, serif;\"><span style=\"font-size: large;\"><span lang=\"it-IT\"><i>, \u017ce Naj\u015bwi\u0119tsza Maryja Panna od pierwszej chwili swego pocz\u0119cia, na podstawie szczeg\u00f3lnej \u0142aski i przywileju wszechmog\u0105cego Boga, moc\u0105 przewidzianych zas\u0142ug Jezusa Chrystusa, Zbawiciela rodzaju ludzkiego \u2014 zosta\u0142a zachowana nietkni\u0119ta od wszelkiej zmazy grzechu pierworodnego i dlatego wszyscy wierni powinni w ni\u0105 wytrwale i bez wahania wierzy\u0107\u201d<\/i><\/span><\/span><\/span><span style=\"font-family: Times New Roman, serif;\"><span style=\"font-size: large;\"><span lang=\"it-IT\">.<\/span><\/span><\/span><\/p>\n<p align=\"justify\"><span style=\"font-family: Times New Roman, serif;\"><span style=\"font-size: large;\"><span lang=\"it-IT\">Zgodnie z tym orzeczeniem Naj\u015bwi\u0119tsza Maryja Panna zosta\u0142a pocz\u0119ta w ciele swej matki w spos\u00f3b cudowny, w \u0142asce u\u015bwi\u0119caj\u0105cej i od chwili swojego pocz\u0119cia zosta\u0142a zachowana od wszelkiej zmazy i konsekwencji grzechu pierworodnego. Dokona\u0142o si\u0119 to dzi\u0119ki uprzedzaj\u0105cej \u0142asce Wszechmog\u0105cego Boga, kt\u00f3ry dla Niej wybra\u0142 taki w\u0142a\u015bnie, niepokalany spos\u00f3b pocz\u0119cia. B\u00f3g m\u00f3g\u0142 tego dokona\u0107 i dokona\u0142, i nie ma w tym \u017cadnej logicznej sprzeczno\u015bci.<\/span><\/span><\/span><\/p>\n<p align=\"justify\"><span style=\"font-family: Times New Roman, serif;\"><span style=\"font-size: large;\"><span lang=\"it-IT\">Samo poj\u0119cie \u201eniepokalane pocz\u0119cie\u201d, jako i kult Maryi Niepokalanej nie zosta\u0142o wprowadzone przez papie\u017ca. Cho\u0107 Pismo \u015awi\u0119te nie m\u00f3wi o Niepokalanym Pocz\u0119ciu Maryi, to przekonanie o tym, \u017ce Matka Jezusa zosta\u0142a pocz\u0119ta bez grzechu pierworodnego, istnia\u0142o na d\u0142ugo przed og\u0142oszeniem dogmatu. Za uzasadnienie biblijne tego dogmatu s\u0142u\u017c\u0105 s\u0142owa archanio\u0142a Gabriela &#8222;pe\u0142na \u0142aski&#8221;, skierowane do Maryi podczas zwiastowania. Wed\u0142ug teolog\u00f3w katolickich pokazuj\u0105 one, \u017ce w jej duszy nie ma miejsca na grzech, skoro jest wype\u0142niona \u0142ask\u0105 Boga. W Ko\u015bciele rzymskokatolickim niepokalane pocz\u0119cie Naj\u015bwi\u0119tszej Maryi Panny by\u0142o czczone ju\u017c w XV w. Ten popularny w\u015br\u00f3d wiernych kult sk\u0142oni\u0142 papie\u017ca Piusa IX do rozes\u0142ania w 1849 roku list\u00f3w do wszystkich biskup\u00f3w, by rozpozna\u0107 jak szeroka i g\u0142\u0119boka jest pobo\u017cno\u015b\u0107 i wiara w Niepokalane Pocz\u0119cie oraz by zapyta\u0107, czy ksi\u0119\u017ca oraz lud pragn\u0105 og\u0142oszenia dogmatu. Stosunkiem 546 do 56 g\u0142os\u00f3w biskupi poparli dogmat.<\/span><\/span><\/span><\/p>\n<p align=\"justify\"><span style=\"font-family: Times New Roman, serif;\"><span style=\"font-size: large;\"><span lang=\"it-IT\">Jakie s\u0105 konsekwencje teologiczne dogmatu o Niepokalanym Pocz\u0119ciu? Ot\u00f3\u017c jest to centralny dogmat maryjny wyp\u0142ywaj\u0105cy z dogmatu o Bo\u017cym Macierzy\u0144stwie. Skoro bowiem Maryja, jako Matka Jezusa Chrystusa, Matka Syna Bo\u017cego zosta\u0142a zachowana od grzechu i od chwili pocz\u0119cia cieszy si\u0119 pe\u0142ni\u0105 \u0141aski U\u015bwi\u0119caj\u0105cej, to i jej \u017cycie (w pe\u0142ni \u0142aski) jest \u017cyciem w pe\u0142ni pogr\u0105\u017canym, zanurzonym w Bogu, oddanym Bogu ca\u0142kowicie. Nie ma w Jej \u017cyciu miejsca na grzech s\u0142abo\u015b\u0107, egoizm, niewierno\u015b\u0107, czy negacj\u0119 Bo\u017cej woli. Jej wi\u0119c odpowied\u017a \u201e<\/span><\/span><\/span><span style=\"font-family: Times New Roman, serif;\"><span style=\"font-size: large;\"><span lang=\"it-IT\"><i>Fiat mihi secundum Verbum Tuum<\/i><\/span><\/span><\/span><span style=\"font-family: Times New Roman, serif;\"><span style=\"font-size: large;\"><span lang=\"it-IT\">\u201d jest przyk\u0142adem tej ca\u0142kowitej i doskona\u0142ej wsp\u00f3\u0142pracy z Bogiem. Cieszy si\u0119 Ona ustawiczn\u0105 obecno\u015bci\u0105 Boga w swoim \u017cyciu, Jego ogl\u0105daniem ju\u017c tu na ziemi, co jest oczywiste, bo przecie\u017c jest Matk\u0105 Syna Bo\u017cego i Boga ogl\u0105da codziennie bez ogranicze\u0144. Nie ma w Niej w\u0105tpliwo\u015bci, nie ma cienia niedowierzania, czy zniech\u0119cenia. Ale te\u017c to zachowanie od grzechu i od konsekwencji grzechu pierworodnego ma g\u0142\u0119biej id\u0105ce znaczenie.<\/span><\/span><\/span><\/p>\n<p align=\"justify\"><span style=\"font-family: Times New Roman, serif;\"><span style=\"font-size: large;\"><span lang=\"it-IT\">Jakie s\u0105 bowiem -dla innych ludzi- konsekwencje grzechu pierworodnego? W dalszej cz\u0119\u015bci dzisiajszego pierwszego czytana z Ksi\u0119gi Rodzaju mamy:<\/span><\/span><\/span><\/p>\n<p align=\"justify\"><span style=\"font-family: Times New Roman, serif;\"><span style=\"font-size: large;\"><span lang=\"it-IT\"><u>Do niewiasty<\/u><\/span><\/span><\/span><span style=\"font-family: Times New Roman, serif;\"><span style=\"font-size: large;\"><span lang=\"it-IT\"> B\u00f3g powiedzia\u0142: \u00abObarcz\u0119 ci\u0119 niezmiernie wielkim trudem twej brzemienno\u015bci, <\/span><\/span><\/span><span style=\"font-family: Times New Roman, serif;\"><span style=\"font-size: large;\"><span lang=\"it-IT\"><b>w b\u00f3lu b\u0119dziesz rodzi\u0142a<\/b><\/span><\/span><\/span><span style=\"font-family: Times New Roman, serif;\"><span style=\"font-size: large;\"><span lang=\"it-IT\"> dzieci, <\/span><\/span><\/span><span style=\"font-family: Times New Roman, serif;\"><span style=\"font-size: large;\"><span lang=\"it-IT\"><b>ku twemu m\u0119\u017cowi b\u0119dziesz kierowa\u0142a swe pragnienia<\/b><\/span><\/span><\/span><span style=\"font-family: Times New Roman, serif;\"><span style=\"font-size: large;\"><span lang=\"it-IT\">, <\/span><\/span><\/span><span style=\"font-family: Times New Roman, serif;\"><span style=\"font-size: large;\"><span lang=\"it-IT\"><b>on za\u015b b\u0119dzie panowa\u0142 nad tob\u0105<\/b><\/span><\/span><\/span><span style=\"font-family: Times New Roman, serif;\"><span style=\"font-size: large;\"><span lang=\"it-IT\">\u00bb.<\/span><\/span><\/span><\/p>\n<p align=\"justify\">\u00a0\u00a0\u00a0\u00a0\u00a0\u00a0\u00a0 <span style=\"font-family: Times New Roman, serif;\"><span style=\"font-size: large;\"><span lang=\"it-IT\">Maryja jest od tego wolna<\/span><\/span><\/span><\/p>\n<p align=\"justify\"><span style=\"font-family: Times New Roman, serif;\"><span style=\"font-size: large;\"><span lang=\"it-IT\">Ona, jako dziewicza Matka, nie wzdycha i nie kieruje swych pragnie\u0144 ku m\u0119\u017cowi, on nad Ni\u0105 nie panuje. Ona nie rodzi w b\u00f3lach. Jej macierzy\u0144stwo nie jest macierzy\u0144stwem por\u00f3wnywalnym z kobietami, kt\u00f3re rodz\u0105 ze wszystkimi konsekwencjami grzechu pierworodnego. Jej Macierzy\u0144stwo jest zachowane od konsekwencji grzechu pierworodnego, Jej Macierzy\u0144stwo jest \u015bwi\u0119te, tak jak i ca\u0142e Jej \u017cycie.<\/span><\/span><\/span><\/p>\n<p align=\"justify\"><span style=\"font-family: Times New Roman, serif;\"><span style=\"font-size: large;\"><span lang=\"it-IT\"><u>Do m\u0119\u017cczyzny<\/u><\/span><\/span><\/span><span style=\"font-family: Times New Roman, serif;\"><span style=\"font-size: large;\"><span lang=\"it-IT\"> za\u015b B\u00f3g rzek\u0142: \u201ePoniewa\u017c pos\u0142ucha\u0142e\u015b swej \u017cony i zjad\u0142e\u015b z drzewa, co do kt\u00f3rego da\u0142em ci rozkaz w s\u0142owach: Nie b\u0119dziesz z niego je\u015b\u0107 \u2013 przekl\u0119ta niech b\u0119dzie ziemia z twego powodu: <\/span><\/span><\/span><span style=\"font-family: Times New Roman, serif;\"><span style=\"font-size: large;\"><span lang=\"it-IT\"><b>w trudzie b\u0119dziesz zdobywa\u0142 od niej po\u017cywienie<\/b><\/span><\/span><\/span><span style=\"font-family: Times New Roman, serif;\"><span style=\"font-size: large;\"><span lang=\"it-IT\"> dla siebie po wszystkie dni twego \u017cycia. Cier\u0144 i oset b\u0119dzie ci ona rodzi\u0142a, a przecie\u017c pokarmem twym s\u0105 p\u0142ody roli. <\/span><\/span><\/span><span style=\"font-family: Times New Roman, serif;\"><span style=\"font-size: large;\"><span lang=\"it-IT\"><b>W pocie wi\u0119c oblicza twego b\u0119dziesz musia\u0142 zdobywa\u0107 po\u017cywienie, p\u00f3ki nie wr\u00f3cisz do ziemi, <\/b><\/span><\/span><\/span><span style=\"font-family: Times New Roman, serif;\"><span style=\"font-size: large;\"><span lang=\"it-IT\">z kt\u00f3rej zosta\u0142e\u015b wzi\u0119ty;<\/span><\/span><\/span><span style=\"font-family: Times New Roman, serif;\"><span style=\"font-size: large;\"><span lang=\"it-IT\"><b> bo prochem jeste\u015b i w proch si\u0119 obr\u00f3cisz!<\/b><\/span><\/span><\/span><span style=\"font-family: Times New Roman, serif;\"><span style=\"font-size: large;\"><span lang=\"it-IT\">\u201d (Rdz 3,16-19)<\/span><\/span><\/span><\/p>\n<p align=\"justify\">\u00a0\u00a0\u00a0\u00a0\u00a0 <span style=\"font-family: Times New Roman, serif;\"><span style=\"font-size: large;\"><span lang=\"it-IT\">Maryja jest od tego wolna<\/span><\/span><\/span><\/p>\n<p align=\"justify\"><span style=\"font-family: Times New Roman, serif;\"><span style=\"font-size: large;\"><span lang=\"it-IT\">Ona nie musi cierpie\u0107 fizycznie, w trudzie zdobywa\u0107 po\u017cywienia, chorowa\u0107, umiera\u0107 &#8230; naturaln\u0105 konsekwencj\u0105 dogmatu o Niepokalanym Pocz\u0119ciu jest dogmat o Wniebowzi\u0119ciu og\u0142oszony przez papie\u017ca Piusa XII w 1950 roku. Nie jest wolna od niedogodno\u015bci \u017cycia codziennego, ale nie s\u0105 one -jak dla innych- kar\u0105, ci\u0119\u017carem, czy uci\u0105\u017cliwo\u015bci\u0105. Nie cierpi fizycznie, chocia\u017c cierpi psychicznie i duchowo wraz ze swoim Synem w czasie Jego konania na krzy\u017cu, ale to cierpienie nie jest kar\u0105 za grzech, ani konsekwencja grzechu pierworodnego, jest cieprieniem (tak jak i w przypadku Jezusa) odkupie\u0144czym. Dlatego pojawia si\u0119 nowy Jej tytu\u0142: \u201ecoredemptrix\u201d i proponowany w zwi\u0105zku z tym nowy, pi\u0105ty dogmat maryjny o \u201eMaryi Wsp\u00f3\u0142odkupicielce\u201d.<\/span><\/span><\/span><\/p>\n<p align=\"justify\"><span style=\"font-family: Times New Roman, serif;\"><span style=\"font-size: large;\"><span lang=\"it-IT\">Do Maryi odnosz\u0105 si\u0119 w spos\u00f3b najdoskonalszy tak\u017ce s\u0142owa drugiego dzisiejszego czytania:<\/span><\/span><\/span><\/p>\n<p align=\"justify\">\u201e <span style=\"font-family: Times New Roman, serif;\"><span style=\"font-size: large;\"><span lang=\"it-IT\">&#8230; <\/span><\/span><\/span><span style=\"font-family: Times New Roman, serif;\"><span style=\"font-size: large;\"><span lang=\"it-IT\"><i>w Chrystusie bowiem <\/i><\/span><\/span><\/span><span style=\"font-family: Times New Roman, serif;\"><span style=\"font-size: large;\"><span lang=\"it-IT\"><i><u>B\u00f3g wybra\u0142 <\/u><\/i><\/span><\/span><\/span><span style=\"font-family: Times New Roman, serif;\"><span style=\"font-size: large;\"><span lang=\"it-IT\"><u>Maryj\u0119 <\/u><\/span><\/span><\/span><span style=\"font-family: Times New Roman, serif;\"><span style=\"font-size: large;\"><span lang=\"it-IT\"><i><u>przez za\u0142o\u017ceniem \u015bwiata<\/u><\/i><\/span><\/span><\/span><span style=\"font-family: Times New Roman, serif;\"><span style=\"font-size: large;\"><span lang=\"it-IT\"><i>, aby <\/i><\/span><\/span><\/span><span style=\"font-family: Times New Roman, serif;\"><span style=\"font-size: large;\"><span lang=\"it-IT\"><i><u>by\u0142a \u015bwi\u0119ta i nieskalana<\/u><\/i><\/span><\/span><\/span><span style=\"font-family: Times New Roman, serif;\"><span style=\"font-size: large;\"><span lang=\"it-IT\"><i> przed Jego obliczem. <\/i><\/span><\/span><\/span><span style=\"font-family: Times New Roman, serif;\"><span style=\"font-size: large;\"><span lang=\"it-IT\"><i><u>Z mi\u0142o\u015bci przeznaczy\u0142 <\/u><\/i><\/span><\/span><\/span><span style=\"font-family: Times New Roman, serif;\"><span style=\"font-size: large;\"><span lang=\"it-IT\"><u>J\u0105<\/u><\/span><\/span><\/span><span style=\"font-family: Times New Roman, serif;\"><span style=\"font-size: large;\"><span lang=\"it-IT\"><i><u> dla siebie<\/u><\/i><\/span><\/span><\/span><span style=\"font-family: Times New Roman, serif;\"><span style=\"font-size: large;\"><span lang=\"it-IT\"><i>, wed\u0142ug postanowienia swej woli, ku chwale majestatu swej <\/i><\/span><\/span><\/span><span style=\"font-family: Times New Roman, serif;\"><span style=\"font-size: large;\"><span lang=\"it-IT\"><i><u>\u0142aski, kt\u00f3r\u0105 obdarzy\u0142 <\/u><\/i><\/span><\/span><\/span><span style=\"font-family: Times New Roman, serif;\"><span style=\"font-size: large;\"><span lang=\"it-IT\"><u>J\u0105<\/u><\/span><\/span><\/span><span style=\"font-family: Times New Roman, serif;\"><span style=\"font-size: large;\"><span lang=\"it-IT\"><i> w Umi\u0142owanym. <\/i><\/span><\/span><\/span><span style=\"font-family: Times New Roman, serif;\"><span style=\"font-size: large;\"><span lang=\"it-IT\"><i><u>W Nim <\/u><\/i><\/span><\/span><\/span><span style=\"font-family: Times New Roman, serif;\"><span style=\"font-size: large;\"><span lang=\"it-IT\"><u>Maryja dost\u0105pi\u0142a <\/u><\/span><\/span><\/span><span style=\"font-family: Times New Roman, serif;\"><span style=\"font-size: large;\"><span lang=\"it-IT\"><i><u>udzia\u0142u<\/u><\/i><\/span><\/span><\/span><span style=\"font-family: Times New Roman, serif;\"><span style=\"font-size: large;\"><span lang=\"it-IT\"><i>, z g\u00f3ry przeznaczana zamiarem Tego, kt\u00f3ry dokonuje wszystkiego zgodnie z zamys\u0142em swej woli po to, <\/i><\/span><\/span><\/span><span style=\"font-family: Times New Roman, serif;\"><span style=\"font-size: large;\"><span lang=\"it-IT\"><i><u>aby istnia\u0142a ku chwale Jego majestatu<\/u><\/i><\/span><\/span><\/span><span style=\"font-family: Times New Roman, serif;\"><span style=\"font-size: large;\"><span lang=\"it-IT\">\u201d (por. Ef 1,3 nn). I Maryja istnieje ku chwale Majestatu Bo\u017cego.<\/span><\/span><\/span><\/p>\n<p align=\"justify\"><span style=\"font-family: Times New Roman, serif;\"><span style=\"font-size: large;\"><span lang=\"it-IT\">Czy\u017c B\u00f3g w swej Wszechmocy nie m\u00f3g\u0142 tego uczyni\u0107 dla Matki swojego Syna? Czy\u017c nie m\u00f3g\u0142 Jej obdarzy\u0107 tymi \u0142askami, kt\u00f3re przygotowuje dla nas w \u017cyciu przysz\u0142ym, po zmartwychwstaniu?<\/span><\/span><\/span><\/p>\n<p align=\"justify\"><span style=\"font-family: Times New Roman, serif;\"><span style=\"font-size: large;\"><span lang=\"it-IT\">A swoj\u0105 drog\u0105 kiedy si\u0119 tak dog\u0142\u0119bnie przemy\u015bli nauczanie i dogmaty Ko\u015bcio\u0142a, to uk\u0142adaj\u0105 si\u0119 one w niezwykle zborn\u0105 i logiczn\u0105 ca\u0142o\u015b\u0107. I nie ma w tym nic dziwnego, bo wiara nie jest anty racjonalna, czy alogiczna, bo za ni\u0105 stoi Najwy\u017cszy Rozum, objawiaj\u0105cy si\u0119 w spos\u00f3b ca\u0142kowicie rozumny, chocia\u017c czasmi trudny do poj\u0119cia dla naszego ma\u0142ego, zdeprawowanego rozumu.<\/span><\/span><\/span><\/p>\n","protected":false},"excerpt":{"rendered":"<p>Dzisiejsze \u015bwi\u0119to jest upami\u0119tnieniem dogmatu og\u0142oszonego przez papie\u017ca Piusa IX w dniu 8 grudnia 1854 roku , \u017ce Naj\u015bwi\u0119tsza Maryja Panna od pierwszej chwili swego pocz\u0119cia, na podstawie szczeg\u00f3lnej \u0142aski i przywileju wszechmog\u0105cego Boga, moc\u0105 przewidzianych zas\u0142ug Jezusa Chrystusa, Zbawiciela rodzaju ludzkiego \u2014 zosta\u0142a zachowana nietkni\u0119ta od wszelkiej zmazy grzechu pierworodnego i dlatego wszyscy wierni powinni w ni\u0105 wytrwale i bez wahania wierzy\u0107\u201d. Zgodnie z tym orzeczeniem Naj\u015bwi\u0119tsza Maryja Panna zosta\u0142a pocz\u0119ta w ciele swej matki w spos\u00f3b cudowny, w \u0142asce u\u015bwi\u0119caj\u0105cej i od chwili swojego pocz\u0119cia zosta\u0142a zachowana od wszelkiej zmazy i konsekwencji grzechu pierworodnego. Dokona\u0142o si\u0119 to dzi\u0119ki uprzedzaj\u0105cej \u0142asce Wszechmog\u0105cego Boga, kt\u00f3ry dla Niej wybra\u0142 taki w\u0142a\u015bnie, niepokalany spos\u00f3b pocz\u0119cia. B\u00f3g m\u00f3g\u0142 tego dokona\u0107 i dokona\u0142, i nie ma w tym \u017cadnej logicznej sprzeczno\u015bci. Samo poj\u0119cie \u201eniepokalane pocz\u0119cie\u201d, jako i kult Maryi Niepokalanej nie zosta\u0142o wprowadzone przez papie\u017ca. Cho\u0107 Pismo \u015awi\u0119te nie m\u00f3wi o Niepokalanym Pocz\u0119ciu Maryi,&hellip;<\/p>\n<p> <a class=\"more-link\" href=\"http:\/\/www.franciszek-walcz.pl\/?p=5599\">Czytaj dalej<\/a><\/p>\n","protected":false},"author":1,"featured_media":0,"comment_status":"closed","ping_status":"open","sticky":false,"template":"","format":"standard","meta":{"footnotes":""},"categories":[5],"tags":[],"class_list":{"0":"post-5599","1":"post","2":"type-post","3":"status-publish","4":"format-standard","6":"category-artykuly"},"brizy_media":[],"_links":{"self":[{"href":"http:\/\/www.franciszek-walcz.pl\/index.php?rest_route=\/wp\/v2\/posts\/5599","targetHints":{"allow":["GET"]}}],"collection":[{"href":"http:\/\/www.franciszek-walcz.pl\/index.php?rest_route=\/wp\/v2\/posts"}],"about":[{"href":"http:\/\/www.franciszek-walcz.pl\/index.php?rest_route=\/wp\/v2\/types\/post"}],"author":[{"embeddable":true,"href":"http:\/\/www.franciszek-walcz.pl\/index.php?rest_route=\/wp\/v2\/users\/1"}],"replies":[{"embeddable":true,"href":"http:\/\/www.franciszek-walcz.pl\/index.php?rest_route=%2Fwp%2Fv2%2Fcomments&post=5599"}],"version-history":[{"count":1,"href":"http:\/\/www.franciszek-walcz.pl\/index.php?rest_route=\/wp\/v2\/posts\/5599\/revisions"}],"predecessor-version":[{"id":5600,"href":"http:\/\/www.franciszek-walcz.pl\/index.php?rest_route=\/wp\/v2\/posts\/5599\/revisions\/5600"}],"wp:attachment":[{"href":"http:\/\/www.franciszek-walcz.pl\/index.php?rest_route=%2Fwp%2Fv2%2Fmedia&parent=5599"}],"wp:term":[{"taxonomy":"category","embeddable":true,"href":"http:\/\/www.franciszek-walcz.pl\/index.php?rest_route=%2Fwp%2Fv2%2Fcategories&post=5599"},{"taxonomy":"post_tag","embeddable":true,"href":"http:\/\/www.franciszek-walcz.pl\/index.php?rest_route=%2Fwp%2Fv2%2Ftags&post=5599"}],"curies":[{"name":"wp","href":"https:\/\/api.w.org\/{rel}","templated":true}]}}