{"id":5637,"date":"2019-12-14T11:17:04","date_gmt":"2019-12-14T10:17:04","guid":{"rendered":"http:\/\/www.franciszek-walcz.pl\/?p=5637"},"modified":"2019-12-14T11:17:17","modified_gmt":"2019-12-14T10:17:17","slug":"czy-ty-jestes-tym-ktory-ma-przyjsc","status":"publish","type":"post","link":"http:\/\/www.franciszek-walcz.pl\/?p=5637","title":{"rendered":"Czy Ty jeste\u015b Tym, kt\u00f3ry ma przyj\u015b\u0107?"},"content":{"rendered":"<p><span style=\"font-family: Times New Roman, serif;\"><span style=\"font-size: large;\">Na scenie dzisiejszej Ewangelii pojawia si\u0119 posta\u0107 Jana Chrzciciela. Jan w spos\u00f3b bezkompromisowy pi\u0119tnowa\u0142 romans Heroda Antypasa z bratow\u0105 Herodiad\u0105. W konsekwencji Herod kaza\u0142 go uwi\u0119zi\u0107 i p\u00f3\u017aniej zamordowa\u0107. Przebywaj\u0105c w wi\u0119zieniu, Jan wysy\u0142a swoich uczni\u00f3w do Jezusa z pytaniem, czy rzeczywi\u015bcie jest Mesjaszem.<\/span><\/span><\/p>\n<p><span style=\"font-family: Times New Roman, serif;\"><span style=\"font-size: large;\">Jan wcze\u015bniej rozpozna\u0142 Jezusa, widzia\u0142 Ducha \u015awi\u0119tego zst\u0119puj\u0105cego na Niego, wskaza\u0142 Go uczniom jako oczekiwanego Mesjasza, sam w pokorze uzna\u0142 si\u0119 za niegodnego, by nosi\u0107 Mu sanda\u0142y&#8230; <\/span><\/span><\/p>\n<p><span style=\"font-family: Times New Roman, serif;\"><span style=\"font-size: large;\">W wi\u0119zieniu, w zewn\u0119trznej nocy, w obliczu \u015bmierci Jan do\u015bwiadcza pr\u00f3by: ogarnia go mrok wewn\u0119trzny, dr\u0119cz\u0105 pokusy, w\u0105tpliwo\u015bci, pytania, czy rzeczywi\u015bcie Jezus jest Bogiem. Te w\u0105tpliwo\u015bci \u015bwiadcz\u0105, \u017ce ka\u017cdy cz\u0142owiek, nawet stoj\u0105cy najbli\u017cej Boga, nie jest wolny od pokus. Ka\u017cdy jest nara\u017cony na pokusy podwa\u017caj\u0105ce sens trudu, zaanga\u017cowania, wiary&#8230; I mo\u017ce si\u0119 nam nieraz wydawa\u0107, \u017ce \u017cycie duchowe to iluzja, mira\u017c, z\u0142udzenia. <\/span><\/span><\/p>\n<p><span style=\"font-family: Times New Roman, serif;\"><span style=\"font-size: large;\">Zw\u0105tpienia i pokusy rodz\u0105 si\u0119 zazwyczaj, gdy poddajemy si\u0119 w\u0142asnym, ludzkim my\u015blom i kalkulacjom. <\/span><\/span><\/p>\n<p><span style=\"font-family: Times New Roman, serif;\"><span style=\"font-size: large;\">Czas w\u0105tpliwo\u015bci, pokus bywa \u201edopuszczany przez Boga\u201d. Ten rodzaj w\u0105tpliwo\u015bci jest szans\u0105, aby uczyni\u0107 jako\u015bciowy skok, by nie zatrzymywa\u0107 si\u0119 na modlitwie, wyobra\u017ceniach czy my\u015blach o Bogu, ale do\u015bwiadczy\u0107 samego Boga. Poniewa\u017c my cz\u0119\u015bciej cenimy sobie dary, nawet duchowe, ni\u017c samego Boga. <\/span><\/span><\/p>\n<p><span style=\"font-family: Times New Roman, serif;\"><span style=\"font-size: large;\">W obliczu w\u0105tpliwo\u015bci Jan idzie wprost do Jezusa. Nie poddaje si\u0119 pokusom, nie wchodzi z nimi w dialog, lecz idzie do \u017ar\u00f3d\u0142a, stawia pytanie bezpo\u015brednio Jezusowi: <\/span><\/span><span style=\"font-family: Times New Roman, serif;\"><span style=\"font-size: large;\"><i>Czy\u00a0 Ty\u00a0 jeste\u015b\u00a0 Tym,\u00a0kt\u00f3ry\u00a0ma\u00a0przyj\u015b\u0107,\u00a0czy\u00a0te\u017c\u00a0innego\u00a0mamy\u00a0oczekiwa\u0107?\u00a0<\/i><\/span><\/span><\/p>\n<p><span style=\"font-family: Times New Roman, serif;\"><span style=\"font-size: large;\">Gdy prze\u017cywamy trudno\u015bci wewn\u0119trzne, istnieje tendencja by robi\u0107 z siebie ofiar\u0119, piel\u0119gnowa\u0107 czarne my\u015bli. Tymczasem w\u0142a\u015bnie wtedy trzeba reagowa\u0107 pozytywnie. Pr\u00f3ba zawsze czyni mocniejszym. Najlepszym sposobem radzenia sobie z pokusami jest postawa Jana \u2014 i\u015b\u0107 z pytaniami do Jezusa, a wi\u0119c modlitwa, rachunek sumienia, asceza oraz wierno\u015b\u0107, cierpliwo\u015b\u0107. <\/span><\/span><\/p>\n<p><span style=\"font-family: Times New Roman, serif;\"><span style=\"font-size: large;\">Zwr\u00f3\u0107my jeszcze uwag\u0119, \u017ce Jan rozpozna\u0142 czas i osob\u0119 Jezusa, ale nie rozpozna\u0142 stylu, sposobu Jego dzia\u0142ania. Jezus jest jakby przeciwie\u0144stwem Jana. Jan jest surowym ascet\u0105, jest bezkompromisowy, wymagaj\u0105cy od siebie i innych, zapowiada kar\u0119, s\u0105d&#8230; Jezus z kolei jest \u0142agodny, delikatny, pe\u0142en wsp\u00f3\u0142czucia, przebaczenia, mi\u0142osierdzia, mi\u0142o\u015bci&#8230; G\u0142osi dobr\u0105 nowin\u0119, otwiera oczy, uszy i serca. Nape\u0142nia je dobroci\u0105 i mi\u0142o\u015bci\u0105&#8230; Zachowanie Jezusa nie odpowiada wyobra\u017ceniom, jakie mia\u0142 o Nim Jan Chrzciciel. <\/span><\/span><\/p>\n<p><span style=\"font-family: Times New Roman, serif;\"><span style=\"font-size: large;\">Ka\u017cdy z nas ch\u0119tnie przypisuje Bogu w\u0142asne odczucia, resentymenty, a nawet w\u0142asn\u0105 ma\u0142o\u015b\u0107&#8230; Sugerujemy Bogu, jak powinien si\u0119 zachowywa\u0107, a nawet, jaki powinien by\u0107. B\u00f3g, dopuszczaj\u0105c w\u0105tpliwo\u015bci i pokusy z jednej strony niszczy nasze wyobra\u017cenia o Nim, demaskuje pokus\u0119 idolatrii, podwa\u017ca nasze klasyfikacje, nie zgadza si\u0119 z nami&#8230; Z drugiej strony prowokuje, by szanowa\u0107 Jego tajemnice, wchodzi\u0107 w g\u0142\u0119bi\u0119, stawia\u0107 pytania, jak Jan. <\/span><\/span><\/p>\n<p><span style=\"font-family: Times New Roman, serif;\"><span style=\"font-size: large;\">Czy do\u015bwiadczam w\u0105tpliwo\u015bci wierze? Jak radz\u0119 sobie z pokusami? Co jest dla mnie cenniejsze: Jezus, Pan B\u00f3g czy modlitwa i \u017cycie duchowe? Czy bli\u017cszy jest mi \u201eB\u00f3g Jana Chrzciciela\u201d czy \u201eB\u00f3g Jezusa\u201d? <\/span><\/span><\/p>\n<p align=\"right\"><span style=\"font-family: Times New Roman, serif;\"><span style=\"font-size: large;\">Stanis\u0142aw Biel SJ<\/span><\/span><\/p>\n","protected":false},"excerpt":{"rendered":"<p>Na scenie dzisiejszej Ewangelii pojawia si\u0119 posta\u0107 Jana Chrzciciela. Jan w spos\u00f3b bezkompromisowy pi\u0119tnowa\u0142 romans Heroda Antypasa z bratow\u0105 Herodiad\u0105. W konsekwencji Herod kaza\u0142 go uwi\u0119zi\u0107 i p\u00f3\u017aniej zamordowa\u0107. Przebywaj\u0105c w wi\u0119zieniu, Jan wysy\u0142a swoich uczni\u00f3w do Jezusa z pytaniem, czy rzeczywi\u015bcie jest Mesjaszem. Jan wcze\u015bniej rozpozna\u0142 Jezusa, widzia\u0142 Ducha \u015awi\u0119tego zst\u0119puj\u0105cego na Niego, wskaza\u0142 Go uczniom jako oczekiwanego Mesjasza, sam w pokorze uzna\u0142 si\u0119 za niegodnego, by nosi\u0107 Mu sanda\u0142y&#8230; W wi\u0119zieniu, w zewn\u0119trznej nocy, w obliczu \u015bmierci Jan do\u015bwiadcza pr\u00f3by: ogarnia go mrok wewn\u0119trzny, dr\u0119cz\u0105 pokusy, w\u0105tpliwo\u015bci, pytania, czy rzeczywi\u015bcie Jezus jest Bogiem. Te w\u0105tpliwo\u015bci \u015bwiadcz\u0105, \u017ce ka\u017cdy cz\u0142owiek, nawet stoj\u0105cy najbli\u017cej Boga, nie jest wolny od pokus. Ka\u017cdy jest nara\u017cony na pokusy podwa\u017caj\u0105ce sens trudu, zaanga\u017cowania, wiary&#8230; I mo\u017ce si\u0119 nam nieraz wydawa\u0107, \u017ce \u017cycie duchowe to iluzja, mira\u017c, z\u0142udzenia. Zw\u0105tpienia i pokusy rodz\u0105 si\u0119 zazwyczaj, gdy poddajemy si\u0119 w\u0142asnym, ludzkim my\u015blom i kalkulacjom. Czas w\u0105tpliwo\u015bci, pokus&hellip;<\/p>\n<p> <a class=\"more-link\" href=\"http:\/\/www.franciszek-walcz.pl\/?p=5637\">Czytaj dalej<\/a><\/p>\n","protected":false},"author":1,"featured_media":0,"comment_status":"closed","ping_status":"open","sticky":false,"template":"","format":"standard","meta":{"footnotes":""},"categories":[5],"tags":[],"class_list":{"0":"post-5637","1":"post","2":"type-post","3":"status-publish","4":"format-standard","6":"category-artykuly"},"brizy_media":[],"_links":{"self":[{"href":"http:\/\/www.franciszek-walcz.pl\/index.php?rest_route=\/wp\/v2\/posts\/5637","targetHints":{"allow":["GET"]}}],"collection":[{"href":"http:\/\/www.franciszek-walcz.pl\/index.php?rest_route=\/wp\/v2\/posts"}],"about":[{"href":"http:\/\/www.franciszek-walcz.pl\/index.php?rest_route=\/wp\/v2\/types\/post"}],"author":[{"embeddable":true,"href":"http:\/\/www.franciszek-walcz.pl\/index.php?rest_route=\/wp\/v2\/users\/1"}],"replies":[{"embeddable":true,"href":"http:\/\/www.franciszek-walcz.pl\/index.php?rest_route=%2Fwp%2Fv2%2Fcomments&post=5637"}],"version-history":[{"count":1,"href":"http:\/\/www.franciszek-walcz.pl\/index.php?rest_route=\/wp\/v2\/posts\/5637\/revisions"}],"predecessor-version":[{"id":5638,"href":"http:\/\/www.franciszek-walcz.pl\/index.php?rest_route=\/wp\/v2\/posts\/5637\/revisions\/5638"}],"wp:attachment":[{"href":"http:\/\/www.franciszek-walcz.pl\/index.php?rest_route=%2Fwp%2Fv2%2Fmedia&parent=5637"}],"wp:term":[{"taxonomy":"category","embeddable":true,"href":"http:\/\/www.franciszek-walcz.pl\/index.php?rest_route=%2Fwp%2Fv2%2Fcategories&post=5637"},{"taxonomy":"post_tag","embeddable":true,"href":"http:\/\/www.franciszek-walcz.pl\/index.php?rest_route=%2Fwp%2Fv2%2Ftags&post=5637"}],"curies":[{"name":"wp","href":"https:\/\/api.w.org\/{rel}","templated":true}]}}