{"id":5693,"date":"2019-12-21T12:45:40","date_gmt":"2019-12-21T11:45:40","guid":{"rendered":"http:\/\/www.franciszek-walcz.pl\/?p=5693"},"modified":"2019-12-21T13:20:20","modified_gmt":"2019-12-21T12:20:20","slug":"msze-sw-w-okresie-swiatecznym-3","status":"publish","type":"post","link":"http:\/\/www.franciszek-walcz.pl\/?p=5693","title":{"rendered":"MSZE \u015aW. W OKRESIE \u015aWI\u0104TECZNYM"},"content":{"rendered":"<p class=\"western\" align=\"center\"><span style=\"font-family: Times New Roman, serif;\"><span style=\"font-size: xx-large;\"><u><b>MSZE \u015aW. W OKRESIE \u015aWI\u0104TECZNYM<\/b><\/u><\/span><\/span><\/p>\n<p class=\"western\"><span style=\"color: #ff6600;\"><span style=\"font-family: Times New Roman, serif;\"><span style=\"font-size: xx-large;\"><u><b>PASTERKA &#8211; <\/b><\/u><\/span><\/span><u><b> <\/b><\/u><span style=\"font-family: Times New Roman, serif;\"><span style=\"font-size: xx-large;\"><u><b>24 XII wtorek &#8211; godzina 24.00<\/b><\/u><\/span><\/span><\/span><\/p>\n<p class=\"western\"><span style=\"color: #ff6600;\"><span style=\"font-family: Times New Roman, serif;\"><span style=\"font-size: xx-large;\"><b>25 XII \u015broda &#8211; Msze \u015bw. o godz. 9,00 i 10,30 <\/b><\/span><\/span><\/span><\/p>\n<p class=\"western\"><span style=\"color: #ff6600;\"><span style=\"font-family: Times New Roman, serif;\"><span style=\"font-size: xx-large;\"><b>26 XII czwartek &#8211; Msze \u015bw. o godz. 9,00 i 10,30<\/b><\/span><\/span><\/span><\/p>\n<p class=\"western\"><span style=\"font-family: 'Times New Roman', serif; color: #ffff00;\"><span style=\"font-size: xx-large;\"><b>27 XII pi\u0105tek &#8211; Msza \u015bw. o godz. 18,00<\/b><\/span><\/span><\/p>\n<p class=\"western\"><span style=\"color: #ffff00;\"><span style=\"font-family: Times New Roman, serif;\"><span style=\"font-size: xx-large;\"><u><b>28 XII sobota &#8211; Msza \u015bw. o godz. 17,00<\/b><\/u><\/span><\/span><\/span><\/p>\n<p class=\"western\"><span style=\"color: #ff6600;\"><span style=\"font-family: Times New Roman, serif;\"><span style=\"font-size: xx-large;\"><b>29 XII niedziela &#8211; Msze \u015bw. o godz. 9,00 i 10,30<\/b><\/span><\/span><\/span><\/p>\n<p class=\"western\"><span style=\"color: #ffff00;\"><span style=\"font-family: Times New Roman, serif;\"><span style=\"font-size: xx-large;\"><u><b>31 XII wtorek &#8211; Msza \u015bw. o godz. 17,00<\/b><\/u><\/span><\/span><\/span><\/p>\n<p class=\"western\"><span style=\"color: #ff6600;\"><span style=\"font-family: Times New Roman, serif;\"><span style=\"font-size: xx-large;\"><b>1 I Nowy Rok &#8211; Msze \u015bw. o godz. 9,00 i 10,30<\/b><\/span><\/span><\/span><\/p>\n<p class=\"western\"><span style=\"font-family: 'Times New Roman', serif; color: #ffff00;\"><span style=\"font-size: xx-large;\"><u><b>Od 2 stycznia rozpocznie si\u0119 wizyta duszpasterska zwana KOL\u0118D\u0104.<\/b><\/u><\/span><\/span><\/p>\n<p class=\"western\"><span style=\"font-family: 'Times New Roman', serif; color: #ffff00;\"><span style=\"font-size: xx-large;\"><u><b>Od 2 stycznia Msze \u015bw. od wtorku do pi\u0105tku w\u0142\u0105cznie o godz. 9,00 . <\/b><\/u><\/span><\/span><\/p>\n<p class=\"western\"><span style=\"color: #ffff00;\"><span style=\"font-family: Times New Roman, serif;\"><span style=\"font-size: xx-large;\"><u><b>W soboty Msza \u015bw. o godz. 17,00<\/b><\/u><\/span><\/span><\/span><\/p>\n<p class=\"western\"><span style=\"color: #ff6600;\"><span style=\"font-family: Times New Roman, serif;\"><span style=\"font-size: xx-large;\"><u><b>W niedziele Msze \u015bw. o godz. 9,00 i 10,30<\/b><\/u><\/span><\/span><\/span><\/p>\n","protected":false},"excerpt":{"rendered":"<p>MSZE \u015aW. W OKRESIE \u015aWI\u0104TECZNYM PASTERKA &#8211; 24 XII wtorek &#8211; godzina 24.00 25 XII \u015broda &#8211; Msze \u015bw. o godz. 9,00 i 10,30 26 XII czwartek &#8211; Msze \u015bw. o godz. 9,00 i 10,30 27 XII pi\u0105tek &#8211; Msza \u015bw. o godz. 18,00 28 XII sobota &#8211; Msza \u015bw. o godz. 17,00 29 XII niedziela &#8211; Msze \u015bw. o godz. 9,00 i 10,30 31 XII wtorek &#8211; Msza \u015bw. o godz. 17,00 1 I Nowy Rok &#8211; Msze \u015bw. o godz. 9,00 i 10,30 Od 2 stycznia rozpocznie si\u0119 wizyta duszpasterska zwana KOL\u0118D\u0104. Od 2 stycznia Msze \u015bw. od wtorku do pi\u0105tku w\u0142\u0105cznie o godz. 9,00 . W soboty Msza \u015bw. o godz. 17,00 W niedziele Msze \u015bw. o godz. 9,00 i 10,30<\/p>\n","protected":false},"author":1,"featured_media":0,"comment_status":"closed","ping_status":"open","sticky":false,"template":"","format":"standard","meta":{"footnotes":""},"categories":[4],"tags":[],"class_list":{"0":"post-5693","1":"post","2":"type-post","3":"status-publish","4":"format-standard","6":"category-ogloszenia"},"brizy_media":[],"_links":{"self":[{"href":"http:\/\/www.franciszek-walcz.pl\/index.php?rest_route=\/wp\/v2\/posts\/5693","targetHints":{"allow":["GET"]}}],"collection":[{"href":"http:\/\/www.franciszek-walcz.pl\/index.php?rest_route=\/wp\/v2\/posts"}],"about":[{"href":"http:\/\/www.franciszek-walcz.pl\/index.php?rest_route=\/wp\/v2\/types\/post"}],"author":[{"embeddable":true,"href":"http:\/\/www.franciszek-walcz.pl\/index.php?rest_route=\/wp\/v2\/users\/1"}],"replies":[{"embeddable":true,"href":"http:\/\/www.franciszek-walcz.pl\/index.php?rest_route=%2Fwp%2Fv2%2Fcomments&post=5693"}],"version-history":[{"count":4,"href":"http:\/\/www.franciszek-walcz.pl\/index.php?rest_route=\/wp\/v2\/posts\/5693\/revisions"}],"predecessor-version":[{"id":5800,"href":"http:\/\/www.franciszek-walcz.pl\/index.php?rest_route=\/wp\/v2\/posts\/5693\/revisions\/5800"}],"wp:attachment":[{"href":"http:\/\/www.franciszek-walcz.pl\/index.php?rest_route=%2Fwp%2Fv2%2Fmedia&parent=5693"}],"wp:term":[{"taxonomy":"category","embeddable":true,"href":"http:\/\/www.franciszek-walcz.pl\/index.php?rest_route=%2Fwp%2Fv2%2Fcategories&post=5693"},{"taxonomy":"post_tag","embeddable":true,"href":"http:\/\/www.franciszek-walcz.pl\/index.php?rest_route=%2Fwp%2Fv2%2Ftags&post=5693"}],"curies":[{"name":"wp","href":"https:\/\/api.w.org\/{rel}","templated":true}]}}