{"id":5699,"date":"2019-12-21T12:48:22","date_gmt":"2019-12-21T11:48:22","guid":{"rendered":"http:\/\/www.franciszek-walcz.pl\/?p=5699"},"modified":"2019-12-21T12:54:35","modified_gmt":"2019-12-21T11:54:35","slug":"nie-bojcie-sie-wziac-chrystusa","status":"publish","type":"post","link":"http:\/\/www.franciszek-walcz.pl\/?p=5699","title":{"rendered":"Nie b\u00f3jcie si\u0119 wzi\u0105\u0107 Chrystusa"},"content":{"rendered":"<p align=\"left\"><span style=\"font-family: Times New Roman, serif;\"><span style=\"font-size: medium;\"><span style=\"font-size: large;\">Zaledwie kilka dni dzieli nas od Uroczysto\u015bci Bo\u017cego Narodzenia. W parafiach Roraty dobiegaj\u0105 ko\u0144ca, ko\u015bcielni przygotowuj\u0105 choinki do do \u015bwi\u0105tecznego wystroju ko\u015bcio\u0142\u00f3w. W domach mamy sprz\u0105taj\u0105 i poma\u0142u przygotowuj\u0105 potrawy na Wigilijn\u0105 Wieczerz\u0119. Dzieci z zapa\u0142em robi\u0105 ozdoby na \u015bwi\u0105teczn\u0105 choink\u0119. W sklepach pojawi\u0142y si\u0119 wanny z \u017cywymi karpiami i panuje og\u00f3lnie sza\u0142 przed\u015bwi\u0105tecznych zakup\u00f3w. Doro\u015bli wys\u0142ali ju\u017c \u015bwi\u0105teczne \u017cyczenia do krewnych i znajomych. W kuchennym kredensie czekaj\u0105 op\u0142atki, kt\u00f3rymi podzielimy si\u0119 w wigilijny wiecz\u00f3r. W pawlaczu lub g\u0142\u0119boko w szafie schowane s\u0105 \u015bwi\u0105teczne prezenty . Jeszcze tylko kilka dni i !!!!!! \u015awi\u0119ta &#8230;.<\/span><\/span><\/span><\/p>\n<p align=\"left\"><span style=\"font-family: Times New Roman, serif;\"><span style=\"font-size: medium;\"><span style=\"font-size: large;\">I jako\u015b nachalnie ci\u015bnie si\u0119 na usta nieprzyjemne i niewygodne pytanie: &#8222;I CO?!?!&#8221; Czy naprawd\u0119 tylko o to chodzi w tym ca\u0142ym przed\u015bwi\u0105tecznym zamieszaniu i zaaferowaniu? Co roku prze\u017cywamy te same nastroje, podniecenie, nerwowo\u015b\u0107, wzruszenia &#8230; &#8222;I CO?!?!&#8221; Czy naprawd\u0119 Bo\u017ce Narodzenie to tylko tyle?<\/span><\/span><\/span><\/p>\n<p align=\"left\"><span style=\"font-family: Times New Roman, serif;\"><span style=\"font-size: medium;\"><span style=\"font-size: large;\">Kiedy patrzymy na histori\u0119 Izraela, na te kilka tysi\u0119cy lat Ludu Wybranego, na oczekiwanie jakim Izraelici \u017cyli, na ca\u0142e ich religijne, kulturalne i spo\u0142eczne zaaferowanie i zaanga\u017cowanie oraz na fakt, \u017ce ostatecznie PRZEOCZYLI, PRZESPALI moment przyj\u015bcia Boga na ziemi\u0119, to jako\u015b dziwnie nieswojo robi si\u0119 na duszy i sam zaczynam stawia\u0107 sobie pytanie: &#8222;Czy i ja nie przeoczy\u0142em, czy nie przespa\u0142em przyj\u015bcia Boga w moim \u017cyciu? Czy nie powtarza si\u0119 dok\u0142adnie ta sama historia -co roku- w moim katolickim, religijnym \u017cyciu?&#8221; Czy w ca\u0142ej tej przed\u015bwi\u0105tecznej bieganinie i zaaferowaniu nie zagubi\u0142em tego co najistotniejsze, czy nie sta\u0142o si\u0119 tak jak m\u00f3wi wieszcz Adam Mickiewicz: \u201e<\/span><span style=\"font-size: large;\"><i>C\u00f3\u017c z tego, \u017ce Chrystus narodzi\u0142 si\u0119 w \u017c\u0142obie, skoro pierwej nie narodzi\u0142 si\u0119 w Tobie?<\/i><\/span><span style=\"font-size: large;\">\u201d Czy On rzeczywi\u015bcie narodzi\u0142 si\u0119 we mnie, w moim \u017cyciu, czy jest w nim naprawd\u0119 obecny, czy raczej jest tylko niewiele znacz\u0105cym symbolem, kulturow\u0105 i emocjonaln\u0105 ozdob\u0105? A mo\u017ce jeszcze jedno najbardziej bezpo\u015brednie i niewygodne pytanie. &#8222;czy by\u0142em ju\u017c do spowiedzi, czy pojedna\u0142em si\u0119 z Bogiem i bli\u017animi w tym przed\u015bwi\u0105tecznym czasie?&#8221;<\/span><\/span><\/span><\/p>\n<p align=\"left\"><span style=\"font-family: Times New Roman, serif;\"><span style=\"font-size: medium;\"><span style=\"font-size: large;\">Warto sobie takie niewygodne pytania postawi\u0107, szczeg\u00f3lnie w tych ostatnich dniach poprzedzaj\u0105cych \u015awi\u0119ta. Warto, bo w przeciwnym razie b\u0119d\u0105 to tylko kolejne skomercjalizowane \u015bwi\u0119ta bez jakiegokolwiek znaczenia dla mnie i mojej wieczno\u015bci. B\u00f3g nie przychodzi na ziemi\u0119 dla powierzchownych wzrusze\u0144, nie dla kol\u0119d i choinki, nie dla op\u0142atka i karpia, nie dla wieczerzy wigilijnej. Syn Bo\u017cy sta\u0142 si\u0119 cz\u0142owiekiem, aby mnie na nowo do Ojca doprowadzi\u0107.<\/span><\/span><\/span><\/p>\n","protected":false},"excerpt":{"rendered":"<p>Zaledwie kilka dni dzieli nas od Uroczysto\u015bci Bo\u017cego Narodzenia. W parafiach Roraty dobiegaj\u0105 ko\u0144ca, ko\u015bcielni przygotowuj\u0105 choinki do do \u015bwi\u0105tecznego wystroju ko\u015bcio\u0142\u00f3w. W domach mamy sprz\u0105taj\u0105 i poma\u0142u przygotowuj\u0105 potrawy na Wigilijn\u0105 Wieczerz\u0119. Dzieci z zapa\u0142em robi\u0105 ozdoby na \u015bwi\u0105teczn\u0105 choink\u0119. W sklepach pojawi\u0142y si\u0119 wanny z \u017cywymi karpiami i panuje og\u00f3lnie sza\u0142 przed\u015bwi\u0105tecznych zakup\u00f3w. Doro\u015bli wys\u0142ali ju\u017c \u015bwi\u0105teczne \u017cyczenia do krewnych i znajomych. W kuchennym kredensie czekaj\u0105 op\u0142atki, kt\u00f3rymi podzielimy si\u0119 w wigilijny wiecz\u00f3r. W pawlaczu lub g\u0142\u0119boko w szafie schowane s\u0105 \u015bwi\u0105teczne prezenty . Jeszcze tylko kilka dni i !!!!!! \u015awi\u0119ta &#8230;. I jako\u015b nachalnie ci\u015bnie si\u0119 na usta nieprzyjemne i niewygodne pytanie: &#8222;I CO?!?!&#8221; Czy naprawd\u0119 tylko o to chodzi w tym ca\u0142ym przed\u015bwi\u0105tecznym zamieszaniu i zaaferowaniu? Co roku prze\u017cywamy te same nastroje, podniecenie, nerwowo\u015b\u0107, wzruszenia &#8230; &#8222;I CO?!?!&#8221; Czy naprawd\u0119 Bo\u017ce Narodzenie to tylko tyle? Kiedy patrzymy na histori\u0119 Izraela, na te kilka tysi\u0119cy lat Ludu&hellip;<\/p>\n<p> <a class=\"more-link\" href=\"http:\/\/www.franciszek-walcz.pl\/?p=5699\">Czytaj dalej<\/a><\/p>\n","protected":false},"author":1,"featured_media":0,"comment_status":"closed","ping_status":"open","sticky":false,"template":"","format":"standard","meta":{"footnotes":""},"categories":[5],"tags":[],"class_list":{"0":"post-5699","1":"post","2":"type-post","3":"status-publish","4":"format-standard","6":"category-artykuly"},"brizy_media":[],"_links":{"self":[{"href":"http:\/\/www.franciszek-walcz.pl\/index.php?rest_route=\/wp\/v2\/posts\/5699","targetHints":{"allow":["GET"]}}],"collection":[{"href":"http:\/\/www.franciszek-walcz.pl\/index.php?rest_route=\/wp\/v2\/posts"}],"about":[{"href":"http:\/\/www.franciszek-walcz.pl\/index.php?rest_route=\/wp\/v2\/types\/post"}],"author":[{"embeddable":true,"href":"http:\/\/www.franciszek-walcz.pl\/index.php?rest_route=\/wp\/v2\/users\/1"}],"replies":[{"embeddable":true,"href":"http:\/\/www.franciszek-walcz.pl\/index.php?rest_route=%2Fwp%2Fv2%2Fcomments&post=5699"}],"version-history":[{"count":1,"href":"http:\/\/www.franciszek-walcz.pl\/index.php?rest_route=\/wp\/v2\/posts\/5699\/revisions"}],"predecessor-version":[{"id":5700,"href":"http:\/\/www.franciszek-walcz.pl\/index.php?rest_route=\/wp\/v2\/posts\/5699\/revisions\/5700"}],"wp:attachment":[{"href":"http:\/\/www.franciszek-walcz.pl\/index.php?rest_route=%2Fwp%2Fv2%2Fmedia&parent=5699"}],"wp:term":[{"taxonomy":"category","embeddable":true,"href":"http:\/\/www.franciszek-walcz.pl\/index.php?rest_route=%2Fwp%2Fv2%2Fcategories&post=5699"},{"taxonomy":"post_tag","embeddable":true,"href":"http:\/\/www.franciszek-walcz.pl\/index.php?rest_route=%2Fwp%2Fv2%2Ftags&post=5699"}],"curies":[{"name":"wp","href":"https:\/\/api.w.org\/{rel}","templated":true}]}}