{"id":592,"date":"2017-04-01T10:44:19","date_gmt":"2017-04-01T08:44:19","guid":{"rendered":"http:\/\/www.franciszek-walcz.pl\/?p=592"},"modified":"2017-04-01T10:44:19","modified_gmt":"2017-04-01T08:44:19","slug":"wskrzeszenie-i-zmartwychwstanie","status":"publish","type":"post","link":"http:\/\/www.franciszek-walcz.pl\/?p=592","title":{"rendered":"Wskrzeszenie i zmartwychwstanie"},"content":{"rendered":"<p><img loading=\"lazy\" decoding=\"async\" class=\"size-medium wp-image-593 alignleft\" src=\"http:\/\/www.franciszek-walcz.pl\/wp-content\/uploads\/2017\/04\/art5-300x78.jpg\" alt=\"\" width=\"300\" height=\"78\" \/>Zmar\u0142 \u0141azarz. Cia\u0142o od czterech dni spoczywa\u0142o w\u00a0grobie. Ju\u017c cuchn\u0119\u0142o. Przyszed\u0142 Jezus i\u00a0jednym s\u0142owem: \u201eWyjd\u017a\u201d przywr\u00f3ci\u0142 mu \u017cycie. Wsp\u00f3lnie wr\u00f3cili do domu i\u00a0zasiedli przy jednym stole.<\/p>\n<p>Wie\u015b\u0107 o\u00a0cudzie roznios\u0142a si\u0119 szybko. T\u0142umy z\u00a0Jerozolimy spieszy\u0142y do Betanii, by zobaczy\u0107 umar\u0142ego, kt\u00f3ry \u017cyje. Wielu wyznawa\u0142o wiar\u0119 w\u00a0Chrystusa. Arcykap\u0142ani zastanawiali si\u0119 czy nie lepiej ponownie u\u015bmierci\u0107 \u0141azarza, ni\u017c czeka\u0107, a\u017c wszyscy uwierz\u0105 w\u00a0Chrystusa.<\/p>\n<p>Nie wiemy jak po tej w\u0119dr\u00f3wce przez pr\u00f3g \u015bmierci czu\u0142 si\u0119 \u0141azarz. Czy wywar\u0142a ona wp\u0142yw na dalsze jego \u017cycie? Czy dzi\u0119kowa\u0142 Jezusowi, czy te\u017c mia\u0142 do Niego \u017cal jak cz\u0142owiek, kt\u00f3rego zbudzono z\u00a0pi\u0119knego snu i\u00a0zmuszono do podj\u0119cia twardego \u017cycia?<\/p>\n<p>Wielu s\u0105dzi, \u017ce nasze zmartwychwstanie b\u0119dzie podobne do wskrzeszenia \u0141azarza. Nic podobnego! \u0141azarz wr\u00f3ci\u0142 do normalnego \u017cycia, do trosk, k\u0142opot\u00f3w, trud\u00f3w \u017cycia, kt\u00f3re zmierza ku \u015bmierci. \u0141azarz musia\u0142 czeka\u0107 na drug\u0105 \u015bmier\u0107 i\u00a0przez to jego \u017cycie nie r\u00f3\u017cni\u0142o si\u0119 od naszego.<\/p>\n<p>Po zmartwychwstaniu rozpoczniemy zupe\u0142nie inne \u017cycie. Wejdziemy w\u00a0\u015bwiat, w\u00a0kt\u00f3rym nie b\u0119dzie \u015bmierci i\u00a0nie b\u0119dzie kresu. Zmartwychwstanie odb\u0119dzie si\u0119 ju\u017c w\u00a0\u201enowej ziemi\u201d i\u00a0nic z\u00a0form doczesnego \u017cycia tam nie pozostanie. Nie b\u0119dzie k\u0142opot\u00f3w rodzinnych, trosk o\u00a0dzieci, zmartwie\u0144 o\u00a0chleb, ubranie, \u015bwiat\u0142o&#8230; B\u0119dzie wspania\u0142a wsp\u00f3lnota ludzi \u017cyj\u0105cych mi\u0142o\u015bci\u0105. B\u00f3g, kt\u00f3ry jest sam\u0105 mi\u0142o\u015bci\u0105, b\u0119dzie dla zmartwychwsta\u0142ych wszystkim \u2013 Ojcem, Matk\u0105, Bratem, Przyjacielem. B\u0119dzie dla nich \u015awiat\u0142em i\u00a0Chlebem, \u017byciem i\u00a0Szcz\u0119\u015bciem.<\/p>\n<p>Po zmartwychwstaniu wejdziemy nie w\u00a0\u015bwiat ludzi, lecz w\u00a0\u015bwiat Boga. Na ziemi rz\u0105dz\u0105 prawa czasu, prawa \u017cycia, kt\u00f3re jest s\u0142abe i\u00a0ci\u0105gle przegrywa ze \u015bmierci\u0105. W\u00a0niebie, czyli w\u00a0\u201enowej ziemi\u201d, w\u00a0kt\u00f3rej zamieszkamy po zmartwychwstaniu, rz\u0105dzi\u0107 b\u0119d\u0105 prawa Boskie, prawa wiecznego \u017cycia, na kt\u00f3re nigdy nie padnie cie\u0144 \u015bmierci.<\/p>\n<p>G\u0142\u0119bsza refleksja przy pustym grobie wskrzeszonego \u0141azarza i\u00a0pustym grobie Zmartwychwsta\u0142ego Jezusa otwiera oczy na prawd\u0119, kt\u00f3ra rzadko kiedy dociera do naszej \u015bwiadomo\u015bci. \u015amier\u0107 nie stanowi zako\u0144czenia ludzkiego \u017cycia. Skoro B\u00f3g przeprowadza wierz\u0105cych przez gr\u00f3b, to \u015bmier\u0107 nic nie ko\u0144czy, nie rozwi\u0105zuje \u017cadnych spraw. Ka\u017cdy morderca stanie twarz\u0105 w\u00a0twarz ze swoj\u0105 ofiar\u0105, ka\u017cdy skrzywdzony stanie wobec krzywdziciela. Wszystkie sprawy trzeba b\u0119dzie podj\u0105\u0107 na nowo. Jedynie ci, kt\u00f3rzy wszystko w\u00a0swoim \u017cyciu za\u0142atwili zgodnie ze sprawiedliwo\u015bci\u0105, ustawili w\u00a0\u015bwietle prawdy, mog\u0105 spokojnie przekroczy\u0107 pr\u00f3g \u015bmierci.<\/p>\n<p>Wiele krzywd, a\u00a0nawet zbrodni, pope\u0142nia si\u0119 na ziemi dlatego, \u017ce krzywdziciele s\u0105dz\u0105, i\u017c ich z\u0142e czyny mo\u017cna zasypa\u0107 ziemi\u0105. B\u0119d\u0105 wielce zaskoczeni, gdy B\u00f3g wyprowadzi z\u00a0grobu ich ofiary i\u00a0wezwie do za\u0142atwienia wszelkich porachunk\u00f3w w\u00a0imi\u0119 prawdy i\u00a0sprawiedliwo\u015bci. \u015amier\u0107 nic nie za\u0142atwia. Ona jedynie utrudnia za\u0142atwienie spraw bolesnych, odsuwa je na dzie\u0144 naszego zmartwychwstania. Gdyby ta prawda dotar\u0142a do \u015bwiadomo\u015bci ka\u017cdego cz\u0142owieka, nikt nie wyrz\u0105dzi\u0142by drugiemu krzywdy. Ka\u017cdy zabiega\u0142by o\u00a0czynienie dobra swoim bli\u017anim, by pozyska\u0107 sobie przyjaci\u00f3\u0142 i\u00a0obro\u0144c\u00f3w na dzie\u0144 zmartwychwstania.<\/p>\n<p><em>Ks. Edward Staniek<\/em><\/p>\n","protected":false},"excerpt":{"rendered":"<p>Zmar\u0142 \u0141azarz. Cia\u0142o od czterech dni spoczywa\u0142o w\u00a0grobie. Ju\u017c cuchn\u0119\u0142o. Przyszed\u0142 Jezus i\u00a0jednym s\u0142owem: \u201eWyjd\u017a\u201d przywr\u00f3ci\u0142 mu \u017cycie. Wsp\u00f3lnie wr\u00f3cili do domu i\u00a0zasiedli przy jednym stole. Wie\u015b\u0107 o\u00a0cudzie roznios\u0142a si\u0119 szybko. T\u0142umy z\u00a0Jerozolimy spieszy\u0142y do Betanii, by zobaczy\u0107 umar\u0142ego, kt\u00f3ry \u017cyje. Wielu wyznawa\u0142o wiar\u0119 w\u00a0Chrystusa. Arcykap\u0142ani zastanawiali si\u0119 czy nie lepiej ponownie u\u015bmierci\u0107 \u0141azarza, ni\u017c czeka\u0107, a\u017c wszyscy uwierz\u0105 w\u00a0Chrystusa. Nie wiemy jak po tej w\u0119dr\u00f3wce przez pr\u00f3g \u015bmierci czu\u0142 si\u0119 \u0141azarz. Czy wywar\u0142a ona wp\u0142yw na dalsze jego \u017cycie? Czy dzi\u0119kowa\u0142 Jezusowi, czy te\u017c mia\u0142 do Niego \u017cal jak cz\u0142owiek, kt\u00f3rego zbudzono z\u00a0pi\u0119knego snu i\u00a0zmuszono do podj\u0119cia twardego \u017cycia? Wielu s\u0105dzi, \u017ce nasze zmartwychwstanie b\u0119dzie podobne do wskrzeszenia \u0141azarza. Nic podobnego! \u0141azarz wr\u00f3ci\u0142 do normalnego \u017cycia, do trosk, k\u0142opot\u00f3w, trud\u00f3w \u017cycia, kt\u00f3re zmierza ku \u015bmierci. \u0141azarz musia\u0142 czeka\u0107 na drug\u0105 \u015bmier\u0107 i\u00a0przez to jego \u017cycie nie r\u00f3\u017cni\u0142o si\u0119 od naszego. Po zmartwychwstaniu rozpoczniemy zupe\u0142nie inne \u017cycie. Wejdziemy w\u00a0\u015bwiat, w\u00a0kt\u00f3rym&hellip;<\/p>\n<p> <a class=\"more-link\" href=\"http:\/\/www.franciszek-walcz.pl\/?p=592\">Czytaj dalej<\/a><\/p>\n","protected":false},"author":1,"featured_media":0,"comment_status":"open","ping_status":"open","sticky":false,"template":"","format":"standard","meta":{"footnotes":""},"categories":[5],"tags":[],"class_list":{"0":"post-592","1":"post","2":"type-post","3":"status-publish","4":"format-standard","6":"category-artykuly"},"brizy_media":[],"_links":{"self":[{"href":"http:\/\/www.franciszek-walcz.pl\/index.php?rest_route=\/wp\/v2\/posts\/592","targetHints":{"allow":["GET"]}}],"collection":[{"href":"http:\/\/www.franciszek-walcz.pl\/index.php?rest_route=\/wp\/v2\/posts"}],"about":[{"href":"http:\/\/www.franciszek-walcz.pl\/index.php?rest_route=\/wp\/v2\/types\/post"}],"author":[{"embeddable":true,"href":"http:\/\/www.franciszek-walcz.pl\/index.php?rest_route=\/wp\/v2\/users\/1"}],"replies":[{"embeddable":true,"href":"http:\/\/www.franciszek-walcz.pl\/index.php?rest_route=%2Fwp%2Fv2%2Fcomments&post=592"}],"version-history":[{"count":1,"href":"http:\/\/www.franciszek-walcz.pl\/index.php?rest_route=\/wp\/v2\/posts\/592\/revisions"}],"predecessor-version":[{"id":594,"href":"http:\/\/www.franciszek-walcz.pl\/index.php?rest_route=\/wp\/v2\/posts\/592\/revisions\/594"}],"wp:attachment":[{"href":"http:\/\/www.franciszek-walcz.pl\/index.php?rest_route=%2Fwp%2Fv2%2Fmedia&parent=592"}],"wp:term":[{"taxonomy":"category","embeddable":true,"href":"http:\/\/www.franciszek-walcz.pl\/index.php?rest_route=%2Fwp%2Fv2%2Fcategories&post=592"},{"taxonomy":"post_tag","embeddable":true,"href":"http:\/\/www.franciszek-walcz.pl\/index.php?rest_route=%2Fwp%2Fv2%2Ftags&post=592"}],"curies":[{"name":"wp","href":"https:\/\/api.w.org\/{rel}","templated":true}]}}