{"id":6060,"date":"2019-12-28T11:25:42","date_gmt":"2019-12-28T10:25:42","guid":{"rendered":"http:\/\/www.franciszek-walcz.pl\/?p=6060"},"modified":"2019-12-28T11:31:05","modified_gmt":"2019-12-28T10:31:05","slug":"niedziela-swietej-rodziny-jezusa-maryi-i-jozefa","status":"publish","type":"post","link":"http:\/\/www.franciszek-walcz.pl\/?p=6060","title":{"rendered":"Niedziela  \u015awi\u0119tej Rodziny: Jezusa Maryi i J\u00f3zefa"},"content":{"rendered":"<p align=\"justify\"><span style=\"font-family: Times New Roman, serif;\"><span style=\"font-size: medium;\"><b>O<\/b><b><span style=\"font-size: large;\">brazy artyst\u00f3w przedstawiaj\u0105ce ucieczk\u0119 \u015awi\u0119tej Rodziny do Egiptu maj\u0105 w sobie du\u017co uroku.<\/span><\/b><span style=\"font-size: large;\"> Maryja z Jezusem na r\u0119ku, jad\u0105 na wielb\u0142\u0105dzie prowadzonym przez J\u00f3zefa. Ale rzeczywisto\u015b\u0107 by\u0142a daleka od uroczej przeja\u017cd\u017cki na wielb\u0142\u0105dzie czy o\u015blicy.<\/span><\/span><\/span><\/p>\n<p align=\"justify\"><span style=\"font-family: Times New Roman, serif;\"><span style=\"font-size: medium;\"><span style=\"font-size: large;\">Jak dowiadujemy si\u0119 z Ewangelii wybranej na dzisiejsze \u015bwi\u0119to (<\/span><em><span style=\"font-size: large;\">\u015awi\u0119tej Rodziny)<\/span><\/em><span style=\"font-size: large;\">, kr\u00f3l Herod tak bardzo chcia\u0142 pozbawi\u0107 \u017cycia nowo narodzonego Jezusa, \u017ce anio\u0142 musia\u0142 ostrzec J\u00f3zefa we \u015bnie, aby ucieka\u0142 z rodzin\u0105 jak najdalej od Betlejem.<\/span><\/span><\/span><\/p>\n<p align=\"justify\"><span style=\"font-family: Times New Roman, serif;\"><span style=\"font-size: medium;\"><span style=\"font-size: large;\">W tej konieczno\u015bci ratowania si\u0119 ucieczk\u0105 do innego kraju nie by\u0142o nic romantycznego dla J\u00f3zefa i Maryi. Musieli porzuci\u0107 wcze\u015bniejsze plany na spokojny powr\u00f3t z Betlejem do Nazaretu, zamieszkanie w rodzinnym w domu i spokojne wychowywanie Jezusa. Ta rodzina musia\u0142a walczy\u0107 o \u017cycie.<\/span><\/span><\/span><\/p>\n<p align=\"justify\"><span style=\"font-family: Times New Roman, serif;\"><span style=\"font-size: medium;\"><span style=\"font-size: large;\">Przyk\u0142ady rodzin uciekaj\u0105cych w strachu przed niebezpiecze\u0144stwem niemal codziennie pojawiaj\u0105 si\u0119 w wiadomo\u015bciach telewizyjnych, uchod\u017acy st\u0142oczeni w n\u0119dznych obozach. Ci z nas, kt\u00f3rzy nie przeszli wi\u0119kszych rodzinnych trudno\u015bci, dramat\u00f3w, powinni ceni\u0107 sobie t\u0119 \u0142ask\u0119, ten dar dobrych czas\u00f3w i dobrej rodziny, jak te\u017c zabiega\u0107, by to co destabilizuje rodzin\u0119 \u2013 egoizm, k\u0142\u00f3tnie, brak lojalno\u015bci, niewierno\u015b\u0107 \u2013 nie dotkn\u0119\u0142o nas. Wiemy, \u017ce to co nazywamy rodzin\u0105 i \u017cycie rodzinnym jest cennym dobrem ka\u017cdej osoby jak te\u017c spo\u0142ecze\u0144stwa, warto wi\u0119c zabiega\u0107 trwa\u0142o\u015b\u0107 wi\u0119zi rodzinnych.<\/span><\/span><\/span><\/p>\n<p align=\"justify\"><span style=\"font-family: Times New Roman, serif;\"><span style=\"font-size: medium;\"><span style=\"font-size: large;\">W \u015awi\u0119to Naj\u015bwi\u0119tszej Rodziny dzi\u0119kujmy, \u017ce nasze rodziny \u017cyj\u0105 czasach i w tym miejscu \u015bwiata pokoju gdzie wojny i przemoc s\u0105 ju\u017c przesz\u0142o\u015bci\u0105. C\u00f3\u017c to za b\u0142ogos\u0142awie\u0144stwo \u017cy\u0107 w pokoju i rodzinnej harmonii.<\/span><\/span><\/span><\/p>\n<p align=\"justify\"><span style=\"font-family: Times New Roman, serif;\"><span style=\"font-size: medium;\"><span style=\"font-size: large;\">Nasze serca jednak nie mog\u0105 zapomnie\u0107 o tych, kt\u00f3rzy nie maj\u0105 takich spokojnych warunk\u00f3w \u017cycia jak my, kt\u00f3rzy nigdy takich pokojowych warunk\u00f3w jeszcze nie mieli, bo ca\u0142y czas niepok\u00f3j i zagro\u017cenie \u017cycia rodziny, oraz o tych, kt\u00f3rych \u017cycie rodzinne w tym w\u0142a\u015bnie czasie rozpada si\u0119 na drobne kawa\u0142ki.<\/span><\/span><\/span><\/p>\n<p align=\"justify\"><span style=\"font-family: Times New Roman, serif;\"><span style=\"font-size: medium;\"><span style=\"font-size: large;\">Bo\u017ce Narodzenie znaczy tak wiele dla nas, wiele dobrych wspomnie\u0144, ciep\u0142ych uczu\u0107, u\u015bmiechy dzieci i zaskakuj\u0105ce prezenty. Chrystusa staj\u0105c si\u0119 cz\u0142owiekiem i wchodz\u0105c w relacje z lud\u017ami jest b\u0142ogos\u0142awionym wydarzenie historii.<\/span><\/span><\/span><\/p>\n<p align=\"justify\"><span style=\"font-family: Times New Roman, serif;\"><span style=\"font-size: medium;\"><b><span style=\"font-size: large;\">W ka\u017cde Bo\u017ce Narodzenie u\u015bwiadamiamy sobie<\/span><\/b><span style=\"font-size: large;\">, \u017ce jeste\u015bmy kim\u015b wi\u0119cej ni\u017c tylko zjawiskiem biologicznym, oto na zawsze nale\u017cymy do rodziny Bo\u017cej.<\/span><\/span><\/span><\/p>\n<p align=\"justify\"><span style=\"font-family: Times New Roman, serif;\"><span style=\"font-size: medium;\"><span style=\"font-size: large;\">Jezus przyni\u00f3s\u0142 \u015bwi\u0119to\u015b\u0107 do Rodziny J\u00f3zefa i Maryi, Jezus przynosi \u015bwi\u0119to\u015b\u0107 do naszych Rodzin. Ucieszmy si\u0119 wi\u0119c \u015awi\u0119t\u0105 Rodzin\u0105, jak te\u017c nasz\u0105 Rodzin\u0105.<\/span><\/span><\/span><\/p>\n<p align=\"right\"><span style=\"font-family: Times New Roman, serif;\"><span style=\"font-size: medium;\"><b>o. Andrzej Szorc CSsR <\/b><\/span><\/span><\/p>\n","protected":false},"excerpt":{"rendered":"<p>Obrazy artyst\u00f3w przedstawiaj\u0105ce ucieczk\u0119 \u015awi\u0119tej Rodziny do Egiptu maj\u0105 w sobie du\u017co uroku. Maryja z Jezusem na r\u0119ku, jad\u0105 na wielb\u0142\u0105dzie prowadzonym przez J\u00f3zefa. Ale rzeczywisto\u015b\u0107 by\u0142a daleka od uroczej przeja\u017cd\u017cki na wielb\u0142\u0105dzie czy o\u015blicy. Jak dowiadujemy si\u0119 z Ewangelii wybranej na dzisiejsze \u015bwi\u0119to (\u015awi\u0119tej Rodziny), kr\u00f3l Herod tak bardzo chcia\u0142 pozbawi\u0107 \u017cycia nowo narodzonego Jezusa, \u017ce anio\u0142 musia\u0142 ostrzec J\u00f3zefa we \u015bnie, aby ucieka\u0142 z rodzin\u0105 jak najdalej od Betlejem. W tej konieczno\u015bci ratowania si\u0119 ucieczk\u0105 do innego kraju nie by\u0142o nic romantycznego dla J\u00f3zefa i Maryi. Musieli porzuci\u0107 wcze\u015bniejsze plany na spokojny powr\u00f3t z Betlejem do Nazaretu, zamieszkanie w rodzinnym w domu i spokojne wychowywanie Jezusa. Ta rodzina musia\u0142a walczy\u0107 o \u017cycie. Przyk\u0142ady rodzin uciekaj\u0105cych w strachu przed niebezpiecze\u0144stwem niemal codziennie pojawiaj\u0105 si\u0119 w wiadomo\u015bciach telewizyjnych, uchod\u017acy st\u0142oczeni w n\u0119dznych obozach. Ci z nas, kt\u00f3rzy nie przeszli wi\u0119kszych rodzinnych trudno\u015bci, dramat\u00f3w, powinni ceni\u0107 sobie t\u0119 \u0142ask\u0119, ten dar&hellip;<\/p>\n<p> <a class=\"more-link\" href=\"http:\/\/www.franciszek-walcz.pl\/?p=6060\">Czytaj dalej<\/a><\/p>\n","protected":false},"author":1,"featured_media":0,"comment_status":"closed","ping_status":"open","sticky":false,"template":"","format":"standard","meta":{"footnotes":""},"categories":[5],"tags":[],"class_list":{"0":"post-6060","1":"post","2":"type-post","3":"status-publish","4":"format-standard","6":"category-artykuly"},"brizy_media":[],"_links":{"self":[{"href":"http:\/\/www.franciszek-walcz.pl\/index.php?rest_route=\/wp\/v2\/posts\/6060","targetHints":{"allow":["GET"]}}],"collection":[{"href":"http:\/\/www.franciszek-walcz.pl\/index.php?rest_route=\/wp\/v2\/posts"}],"about":[{"href":"http:\/\/www.franciszek-walcz.pl\/index.php?rest_route=\/wp\/v2\/types\/post"}],"author":[{"embeddable":true,"href":"http:\/\/www.franciszek-walcz.pl\/index.php?rest_route=\/wp\/v2\/users\/1"}],"replies":[{"embeddable":true,"href":"http:\/\/www.franciszek-walcz.pl\/index.php?rest_route=%2Fwp%2Fv2%2Fcomments&post=6060"}],"version-history":[{"count":1,"href":"http:\/\/www.franciszek-walcz.pl\/index.php?rest_route=\/wp\/v2\/posts\/6060\/revisions"}],"predecessor-version":[{"id":6061,"href":"http:\/\/www.franciszek-walcz.pl\/index.php?rest_route=\/wp\/v2\/posts\/6060\/revisions\/6061"}],"wp:attachment":[{"href":"http:\/\/www.franciszek-walcz.pl\/index.php?rest_route=%2Fwp%2Fv2%2Fmedia&parent=6060"}],"wp:term":[{"taxonomy":"category","embeddable":true,"href":"http:\/\/www.franciszek-walcz.pl\/index.php?rest_route=%2Fwp%2Fv2%2Fcategories&post=6060"},{"taxonomy":"post_tag","embeddable":true,"href":"http:\/\/www.franciszek-walcz.pl\/index.php?rest_route=%2Fwp%2Fv2%2Ftags&post=6060"}],"curies":[{"name":"wp","href":"https:\/\/api.w.org\/{rel}","templated":true}]}}