{"id":6298,"date":"2020-01-04T12:22:25","date_gmt":"2020-01-04T11:22:25","guid":{"rendered":"http:\/\/www.franciszek-walcz.pl\/?p=6298"},"modified":"2020-01-04T12:30:01","modified_gmt":"2020-01-04T11:30:01","slug":"nauczyc-sie-przyjmowac-chrystusa","status":"publish","type":"post","link":"http:\/\/www.franciszek-walcz.pl\/?p=6298","title":{"rendered":"Nauczy\u0107 si\u0119 przyjmowa\u0107 Chrystusa"},"content":{"rendered":"<p><span style=\"font-family: Times New Roman, serif;\"><span style=\"font-size: large;\">Kilka dni min\u0119\u0142o od \u015bwi\u0105t Bo\u017cego Narodzenia. Pierwszy dzie\u0144 \u015bwi\u0105t jak zwykle by\u0142 jednym wielkim cz\u0119stowaniem i jedzeniem przygotowanych da\u0144. Drugi przebiega\u0142 w wielu domach podobnie: odwiedzanie rodziny, znajomych i przyjaci\u00f3\u0142. Polacy uwielbiaj\u0105 \u015bwi\u0119ta Bo\u017cego Narodzenia, bowiem \u2013 te dni maj\u0105 sw\u00f3j klimat. <\/span><\/span><\/p>\n<p><span style=\"font-family: Times New Roman, serif;\"><span style=\"font-size: large;\">Czy jednak tylko na klimacie ma polega\u0107 prze\u017cywanie wcielenia Bo\u017cego? Dzisiejsza Ewangelia dobitnie pokazuje, \u017ce ponad dwa tysi\u0105ce lat temu wielu min\u0119\u0142o si\u0119 z Synem Bo\u017cym. Dla Jego rodzic\u00f3w by\u0142o zamkni\u0119tych wiele dom\u00f3w, a po trzydziestu trzech latach historia si\u0119 powt\u00f3rzy\u0142a. Ewangelista Jan pisze o tej powt\u00f3rce nast\u0119puj\u0105co: \u201e\u015awiat Go nie pozna\u0142. Przysz\u0142o [S\u0142owo] do swojej w\u0142asno\u015bci, a swoi Go nie przyj\u0119li\u201d .<\/span><\/span><\/p>\n<p><span style=\"font-family: Times New Roman, serif;\"><span style=\"font-size: large;\">Czy w naszych czasach ta historia mo\u017ce si\u0119 powt\u00f3rzy\u0107? Czy wsp\u00f3\u0142czesny cz\u0142owiek mo\u017ce Jezusa nie przyj\u0105\u0107 nawet wtedy, gdy \u015bwi\u0119tuje? Niestety, odpowied\u017a jest twierdz\u0105ca. Dlatego te\u017c w drug\u0105 niedziel\u0119 po Bo\u017cym Narodzeniu trzeba uczyni\u0107 rachunek sumienia dotycz\u0105cy \u015bwi\u0119towania, kt\u00f3re by\u0142o naszym udzia\u0142em przed kilkoma dniami.<\/span><\/span><\/p>\n<p><span style=\"font-family: Times New Roman, serif;\"><span style=\"font-size: large;\">Najpierw trzeba zapyta\u0107 siebie o religijny wymiar prze\u017cywanego Bo\u017cego Narodzenia. Par\u0119 lat temu do pewnego ksi\u0119dza podesz\u0142a przed \u015bwi\u0119tami kobieta, kt\u00f3rej \u017cycie tak si\u0119 pouk\u0142ada\u0142o, \u017ce od kilku lat \u017cy\u0142a na kontrakcie cywilnym. Dla niej najwi\u0119kszym problemem by\u0142a niemo\u017cno\u015b\u0107 przyst\u0119powania do sakrament\u00f3w. M\u00f3wi\u0142a: \u201e\u015awi\u0119ta bez Komunii \u015awi\u0119tej to \u017cadne \u015bwi\u0119ta. <\/span><\/span><\/p>\n<p><span style=\"font-family: Times New Roman, serif;\"><span style=\"font-size: large;\">Wszyscy, kt\u00f3rzy mogli, a nie przyst\u0105pili do Komunii \u015awi\u0119tej w czasie \u015bwi\u0105t Bo\u017cego Narodzenia, nie zrozumieli religijnego wymiaru tego czasu. Poprzestali jedynie na klimacie, wystarczy\u0142 im familijny wymiar tych \u015bwi\u0105t.<\/span><\/span><\/p>\n<p><span style=\"font-family: Times New Roman, serif;\"><span style=\"font-size: large;\">Czy jednak w tym drugim wymiarze, rodzinnym, nie mo\u017cna si\u0119 min\u0105\u0107 z Jezusem? <\/span><\/span><\/p>\n<p><span style=\"font-family: Times New Roman, serif;\"><span style=\"font-size: large;\">\u015awi\u0119ta Bo\u017cego Narodzenia nios\u0105 nade wszystko pok\u00f3j i nadziej\u0119. Je\u015bli w kontaktach pomi\u0119dzy domownikami nic si\u0119 od 24 grudnia nie zmieni\u0142o, to znaczy, \u017ce serca s\u0105 nadal zamkni\u0119te. Nie chodzi przecie\u017c o to, aby udawa\u0107 w czasie wigilijnych \u017cycze\u0144. <\/span><\/span><\/p>\n<p><span style=\"font-family: Times New Roman, serif;\"><span style=\"font-size: large;\">Nie chodzi o to, aby na czas \u015bwi\u0105t (i tylko \u015bwi\u0105t) zawiesi\u0107 bro\u0144 i zawrze\u0107 pakt o nieagresji. \u015awi\u0119ta maj\u0105 g\u0142\u0119bszy wymiar. Powinny dawa\u0107 wszystkim perspektyw\u0119 lepszego jutra. Ta ciep\u0142a, serdeczna atmosfera wigilijna powinna zosta\u0107 przeniesiona w codzienno\u015b\u0107. <\/span><\/span><\/p>\n<p><span style=\"font-family: Times New Roman, serif;\"><span style=\"font-size: large;\">\u017byczliwo\u015b\u0107, dobre s\u0142owo czy czu\u0142o\u015b\u0107 nie mog\u0105 by\u0107 towarem od \u015bwi\u0119ta. Ka\u017cdy z nas powinien wraca\u0107 do 24 grudnia, aby sobie przypomina\u0107 i udowadnia\u0107, \u017ce potrafi by\u0107 cz\u0142owiekiem bezkonfliktowym, ciep\u0142ym, przyjaznym. <\/span><\/span><\/p>\n<p><span style=\"font-family: Times New Roman, serif;\"><span style=\"font-size: large;\">I dopiero wtedy mo\u017cna powiedzie\u0107, \u017ce \u015bwi\u0119ta Bo\u017cego Narodzenia by\u0142y prawdziwie prze\u017cyte w wymiarze rodzinnym. Gdy do tego doda si\u0119 jeszcze przebaczenie, jakim trzeba obdarzy\u0107 ka\u017cdego, kt\u00f3ry skrzywdzi\u0142, to czas \u015bwi\u0119towania staje si\u0119 przestrzeni\u0105 uzdrawiania \u017cycia, relacji z drugim, za\u017cy\u0142o\u015bci z Bogiem.<\/span><\/span><\/p>\n<p><span style=\"font-family: Times New Roman, serif;\"><span style=\"font-size: large;\">\u015awi\u0119ty Jan zapisa\u0142 w Ewangelii: \u201ewszystkim tym jednak, kt\u00f3rzy Je [S\u0142owo] przyj\u0119li, da\u0142o moc, aby si\u0119 stali dzie\u0107mi Bo\u017cymi\u201d (J 1). Je\u015bli otwarli\u015bmy serce dla Pana, je\u015bli prze\u017cyli\u015bmy \u015bwi\u0119ta Bo\u017cego Narodzenia zar\u00f3wno w wymiarze religijnym, jak i rodzinnym, to mo\u017cemy by\u0107 pewni, \u017ce jeste\u015bmy obdarzeni szczeg\u00f3ln\u0105 \u0142ask\u0105 wybrania. \u015awi\u0119towanie stanie si\u0119 codzienno\u015bci\u0105, a przyjmowanie Chrystusa \u2013 wewn\u0119trzn\u0105 potrzeb\u0105. <\/span><\/span><\/p>\n<p align=\"right\"><span style=\"font-family: Times New Roman, serif;\"><span style=\"font-size: medium;\">ks. Janusz Mastalski<\/span><\/span><\/p>\n","protected":false},"excerpt":{"rendered":"<p>Kilka dni min\u0119\u0142o od \u015bwi\u0105t Bo\u017cego Narodzenia. Pierwszy dzie\u0144 \u015bwi\u0105t jak zwykle by\u0142 jednym wielkim cz\u0119stowaniem i jedzeniem przygotowanych da\u0144. Drugi przebiega\u0142 w wielu domach podobnie: odwiedzanie rodziny, znajomych i przyjaci\u00f3\u0142. Polacy uwielbiaj\u0105 \u015bwi\u0119ta Bo\u017cego Narodzenia, bowiem \u2013 te dni maj\u0105 sw\u00f3j klimat. Czy jednak tylko na klimacie ma polega\u0107 prze\u017cywanie wcielenia Bo\u017cego? Dzisiejsza Ewangelia dobitnie pokazuje, \u017ce ponad dwa tysi\u0105ce lat temu wielu min\u0119\u0142o si\u0119 z Synem Bo\u017cym. Dla Jego rodzic\u00f3w by\u0142o zamkni\u0119tych wiele dom\u00f3w, a po trzydziestu trzech latach historia si\u0119 powt\u00f3rzy\u0142a. Ewangelista Jan pisze o tej powt\u00f3rce nast\u0119puj\u0105co: \u201e\u015awiat Go nie pozna\u0142. Przysz\u0142o [S\u0142owo] do swojej w\u0142asno\u015bci, a swoi Go nie przyj\u0119li\u201d . Czy w naszych czasach ta historia mo\u017ce si\u0119 powt\u00f3rzy\u0107? Czy wsp\u00f3\u0142czesny cz\u0142owiek mo\u017ce Jezusa nie przyj\u0105\u0107 nawet wtedy, gdy \u015bwi\u0119tuje? Niestety, odpowied\u017a jest twierdz\u0105ca. Dlatego te\u017c w drug\u0105 niedziel\u0119 po Bo\u017cym Narodzeniu trzeba uczyni\u0107 rachunek sumienia dotycz\u0105cy \u015bwi\u0119towania, kt\u00f3re by\u0142o naszym udzia\u0142em przed kilkoma&hellip;<\/p>\n<p> <a class=\"more-link\" href=\"http:\/\/www.franciszek-walcz.pl\/?p=6298\">Czytaj dalej<\/a><\/p>\n","protected":false},"author":1,"featured_media":0,"comment_status":"closed","ping_status":"open","sticky":false,"template":"","format":"standard","meta":{"footnotes":""},"categories":[5],"tags":[],"class_list":{"0":"post-6298","1":"post","2":"type-post","3":"status-publish","4":"format-standard","6":"category-artykuly"},"brizy_media":[],"_links":{"self":[{"href":"http:\/\/www.franciszek-walcz.pl\/index.php?rest_route=\/wp\/v2\/posts\/6298","targetHints":{"allow":["GET"]}}],"collection":[{"href":"http:\/\/www.franciszek-walcz.pl\/index.php?rest_route=\/wp\/v2\/posts"}],"about":[{"href":"http:\/\/www.franciszek-walcz.pl\/index.php?rest_route=\/wp\/v2\/types\/post"}],"author":[{"embeddable":true,"href":"http:\/\/www.franciszek-walcz.pl\/index.php?rest_route=\/wp\/v2\/users\/1"}],"replies":[{"embeddable":true,"href":"http:\/\/www.franciszek-walcz.pl\/index.php?rest_route=%2Fwp%2Fv2%2Fcomments&post=6298"}],"version-history":[{"count":1,"href":"http:\/\/www.franciszek-walcz.pl\/index.php?rest_route=\/wp\/v2\/posts\/6298\/revisions"}],"predecessor-version":[{"id":6299,"href":"http:\/\/www.franciszek-walcz.pl\/index.php?rest_route=\/wp\/v2\/posts\/6298\/revisions\/6299"}],"wp:attachment":[{"href":"http:\/\/www.franciszek-walcz.pl\/index.php?rest_route=%2Fwp%2Fv2%2Fmedia&parent=6298"}],"wp:term":[{"taxonomy":"category","embeddable":true,"href":"http:\/\/www.franciszek-walcz.pl\/index.php?rest_route=%2Fwp%2Fv2%2Fcategories&post=6298"},{"taxonomy":"post_tag","embeddable":true,"href":"http:\/\/www.franciszek-walcz.pl\/index.php?rest_route=%2Fwp%2Fv2%2Ftags&post=6298"}],"curies":[{"name":"wp","href":"https:\/\/api.w.org\/{rel}","templated":true}]}}