{"id":631,"date":"2017-04-13T18:57:56","date_gmt":"2017-04-13T16:57:56","guid":{"rendered":"http:\/\/www.franciszek-walcz.pl\/?p=631"},"modified":"2017-04-13T18:57:56","modified_gmt":"2017-04-13T16:57:56","slug":"wizyta-prezydenta-rp-w-walczu","status":"publish","type":"post","link":"http:\/\/www.franciszek-walcz.pl\/?p=631","title":{"rendered":"Wizyta Prezydenta RP w Wa\u0142czu"},"content":{"rendered":"<p><strong><img loading=\"lazy\" decoding=\"async\" class=\"size-medium wp-image-632 alignleft\" src=\"http:\/\/www.franciszek-walcz.pl\/wp-content\/uploads\/2017\/04\/art2-300x199.jpg\" alt=\"\" width=\"300\" height=\"199\" \/>19 kwietnia 2017 roku (\u015broda) Prezydent Rzeczypospolitej Polskiej Andrzej Duda<\/strong> <strong>b\u0119dzie przebywa\u0142 z wizyt\u0105 w Wa\u0142czu .<\/strong><\/p>\n<p><strong>Program \u00a0wizyty:<\/strong><\/p>\n<p><strong>godz. 16.00\u00a0\u00a0\u00a0\u00a0 <\/strong><strong>Spotkanie Prezydenta RP z mieszka\u0144cami (<em>Wa\u0142ecka Aleja Gwiazd Sportu \u2013 Promenada nad Jeziorem Radu\u0144, ul. Ch\u0142odna<\/em>).<\/strong><\/p>\n<p><strong>Planowane wyst\u0105pienie Prezydenta RP.<\/strong><\/p>\n","protected":false},"excerpt":{"rendered":"<p>19 kwietnia 2017 roku (\u015broda) Prezydent Rzeczypospolitej Polskiej Andrzej Duda b\u0119dzie przebywa\u0142 z wizyt\u0105 w Wa\u0142czu . Program \u00a0wizyty: godz. 16.00\u00a0\u00a0\u00a0\u00a0 Spotkanie Prezydenta RP z mieszka\u0144cami (Wa\u0142ecka Aleja Gwiazd Sportu \u2013 Promenada nad Jeziorem Radu\u0144, ul. Ch\u0142odna). Planowane wyst\u0105pienie Prezydenta RP.<\/p>\n","protected":false},"author":1,"featured_media":0,"comment_status":"open","ping_status":"open","sticky":false,"template":"","format":"standard","meta":{"footnotes":""},"categories":[1],"tags":[],"class_list":{"0":"post-631","1":"post","2":"type-post","3":"status-publish","4":"format-standard","6":"category-uncategorized"},"brizy_media":[],"_links":{"self":[{"href":"http:\/\/www.franciszek-walcz.pl\/index.php?rest_route=\/wp\/v2\/posts\/631","targetHints":{"allow":["GET"]}}],"collection":[{"href":"http:\/\/www.franciszek-walcz.pl\/index.php?rest_route=\/wp\/v2\/posts"}],"about":[{"href":"http:\/\/www.franciszek-walcz.pl\/index.php?rest_route=\/wp\/v2\/types\/post"}],"author":[{"embeddable":true,"href":"http:\/\/www.franciszek-walcz.pl\/index.php?rest_route=\/wp\/v2\/users\/1"}],"replies":[{"embeddable":true,"href":"http:\/\/www.franciszek-walcz.pl\/index.php?rest_route=%2Fwp%2Fv2%2Fcomments&post=631"}],"version-history":[{"count":1,"href":"http:\/\/www.franciszek-walcz.pl\/index.php?rest_route=\/wp\/v2\/posts\/631\/revisions"}],"predecessor-version":[{"id":633,"href":"http:\/\/www.franciszek-walcz.pl\/index.php?rest_route=\/wp\/v2\/posts\/631\/revisions\/633"}],"wp:attachment":[{"href":"http:\/\/www.franciszek-walcz.pl\/index.php?rest_route=%2Fwp%2Fv2%2Fmedia&parent=631"}],"wp:term":[{"taxonomy":"category","embeddable":true,"href":"http:\/\/www.franciszek-walcz.pl\/index.php?rest_route=%2Fwp%2Fv2%2Fcategories&post=631"},{"taxonomy":"post_tag","embeddable":true,"href":"http:\/\/www.franciszek-walcz.pl\/index.php?rest_route=%2Fwp%2Fv2%2Ftags&post=631"}],"curies":[{"name":"wp","href":"https:\/\/api.w.org\/{rel}","templated":true}]}}