{"id":6330,"date":"2020-01-04T12:31:12","date_gmt":"2020-01-04T11:31:12","guid":{"rendered":"http:\/\/www.franciszek-walcz.pl\/?p=6330"},"modified":"2020-01-04T12:32:27","modified_gmt":"2020-01-04T11:32:27","slug":"trzej-krolowie","status":"publish","type":"post","link":"http:\/\/www.franciszek-walcz.pl\/?p=6330","title":{"rendered":"Trzej kr\u00f3lowie"},"content":{"rendered":"<p align=\"left\"><span style=\"font-family: Times New Roman, serif;\"><span style=\"font-size: large;\">Dzisiejsza uroczysto\u015b\u0107 jest popularnie zwana \u015bwi\u0119tem Trzech Kr\u00f3li. Jednak po wys\u0142uchaniu relacji \u015bw. Mateusza mo\u017cemy zdecydowanie powiedzie\u0107, \u017ce nie ma w niej mowy o \u017cadnych kr\u00f3lach, a jedynie o m\u0119drcach, i to bez podania, ilu ich by\u0142o. Nie wiemy, czy wymieniona liczba pochodzi od trzech dar\u00f3w, kt\u00f3re zosta\u0142y przyniesione Zbawicielowi, czy ma inne \u017ar\u00f3d\u0142o. Mo\u017cemy si\u0119 jedynie domy\u015bla\u0107, \u017ce jednym z powod\u00f3w nazwania ich kr\u00f3lami by\u0142 szacunek, z jakim zostali przyj\u0119ci przez Heroda.<\/span><\/span><\/p>\n<p align=\"left\"><span style=\"font-family: Times New Roman, serif;\"><span style=\"font-size: large;\">Mogliby\u015bmy si\u0119 te\u017c zastanawia\u0107, dlaczego w Ewangelii s\u0105 nazwani m\u0119drcami. Mo\u017ce dlatego, \u017ce byli bardzo uwa\u017cnymi obserwatorami \u015bwiata i \u2013 patrz\u0105c przez pryzmat swoich zainteresowa\u0144 na wspania\u0142e dzie\u0142o stworzenia \u2013 dostrzegli jego Stw\u00f3rc\u0119. Musieli by\u0107 wnikliwymi badaczami nieba, skoro \u2013 patrz\u0105c w gwiazdy \u2013 odczytali, \u017ce jedna z nich sygnalizuje im jak\u0105\u015b bardzo wa\u017cn\u0105 wiadomo\u015b\u0107: oto na \u015bwiecie narodzi\u0142 si\u0119 Kto\u015b, kto zmieni ca\u0142kowicie jego oblicze. Zrozumieli, \u017ce nie mog\u0105 pozosta\u0107 oboj\u0119tni wobec tego znaku, lecz trzeba im powsta\u0107 i wybra\u0107 si\u0119 w dalek\u0105 i nieznan\u0105 drog\u0119, aby Go odnale\u017a\u0107.<\/span><\/span><\/p>\n<p align=\"left\"><span style=\"font-family: Times New Roman, serif;\"><span style=\"font-size: large;\">Mo\u017ce dlatego zostali nazwani m\u0119drcami, bo w Ksi\u0119dze M\u0105dro\u015bci jest napisane: \u201eG\u0142upi [ju\u017c] z natury s\u0105 wszyscy ludzie, kt\u00f3rzy nie poznali Boga: z d\u00f3br widzialnych nie zdo\u0142ali pozna\u0107 Tego, kt\u00f3ry jest, patrz\u0105c na dzie\u0142a, nie poznali Tw\u00f3rcy\u201d (13,1).<\/span><\/span><\/p>\n<p align=\"left\"><span style=\"font-family: Times New Roman, serif;\"><span style=\"font-size: large;\">A im z pewno\u015bci\u0105 nie mo\u017cemy tego zarzuci\u0107, bo zachwyceni \u015bwiatem, dostrzegli w nim r\u0119k\u0119 Stw\u00f3rcy, przez kt\u00f3rego wszystko si\u0119 sta\u0142o, a bez Niego nic si\u0119 nie sta\u0142o, co si\u0119 sta\u0142o \u2013 jak to pi\u0119knie uj\u0105\u0142 \u015bw. Jan Ewangelista (por. J 1,3). Oni nie tylko odkryli t\u0119 prawd\u0119, ale r\u00f3wnocze\u015bnie zrozumieli, \u017ce jest to co\u015b wi\u0119cej ni\u017c okazja do poszerzenia wiedzy \u2013 chodzi bowiem o rzeczywisto\u015b\u0107, kt\u00f3ra diametralnie zmienia \u017cycie cz\u0142owieka! Dlatego w spos\u00f3b zdecydowany podejmuj\u0105 trudn\u0105 w\u0119dr\u00f3wk\u0119, wytrwale pokonuj\u0105c przeszkody, bo jako ludzie m\u0105drzy wiedz\u0105, \u017ce jasno\u015b\u0107 widzenia nie zawsze jest ostra \u2013 trzeba im wi\u0119c i\u015b\u0107 i pyta\u0107, i szuka\u0107. S\u0105 o tym prze\u015bwiadczeni i to ich dodatkowo mobilizuje do wyruszenia w nieznane. Ich rozumowanie i wynikaj\u0105ce z niego post\u0119powanie winny by\u0107 tak\u017ce dla nas pouczaj\u0105cymi wskaz\u00f3wkami. Je\u015bli bowiem rzeczywi\u015bcie na \u015bwiecie narodzi\u0142 si\u0119 Ten, kt\u00f3ry jako jedyny ma moc zmieni\u0107 jego oblicze, to znaczy, \u017ce odt\u0105d nasze \u017cycie nie mo\u017ce ju\u017c by\u0107 takie samo. My tak\u017ce musimy si\u0119 odmieni\u0107, bo tylko wtedy b\u0119dziemy mogli si\u0119 spotka\u0107 z Tym, kt\u00f3ry nas do siebie z wielk\u0105 moc\u0105 przyci\u0105ga.<\/span><\/span><\/p>\n<p align=\"left\"><span style=\"font-family: Times New Roman, serif;\"><span style=\"font-size: large;\">M\u0119drcom objawi\u0142 si\u0119 B\u00f3g, chocia\u017c nie nale\u017celi do narodu wybranego. Ale to w\u0142a\u015bnie na nich spe\u0142ni\u0142y si\u0119 s\u0142owa Izajasza: \u201eNar\u00f3d krocz\u0105cy w ciemno\u015bciach ujrza\u0142 \u015bwiat\u0142o\u015b\u0107 wielk\u0105; nad mieszka\u0144cami kraju mrok\u00f3w \u015bwiat\u0142o zab\u0142ys\u0142o\u201d (9,1). My nie musimy szuka\u0107 prawdy, spogl\u0105daj\u0105c \u2013 tak jak oni \u2013 w gwiazdy. Dana nam zosta\u0142a \u0142aska wiary i to ona winna nas prowadzi\u0107 do niebieskiego Jeruzalem, sk\u0105d owo Dzieci\u0119 przysz\u0142o na ziemi\u0119. W\u0142a\u015bnie tam mamy nieustannie pod\u0105\u017ca\u0107. W \u017caden spos\u00f3b nie mo\u017cemy przy tym ulega\u0107 iluzji, \u017ce zdobyli\u015bmy ju\u017c ca\u0142\u0105 wiedz\u0119 o Bogu. Wprawdzie jeste\u015bmy w sercu wiary, przy \u015bwietle, kt\u00f3rym jest Chrystus, ale przys\u0142owie uczy, \u017ce najciemniej jest pod latarni\u0105. Jak\u017ce sprawdzi\u0142o si\u0119 ono na przedstawicielach narodu \u017cydowskiego, kt\u00f3rzy powinni by\u0107 najlepiej przygotowani na moment przyj\u015bcia Zbawiciela. Przecie\u017c zwo\u0142ani przez Heroda arcykap\u0142ani i starsi ludu znali doskonale proroctwo o Mesjaszu, kt\u00f3ry ma si\u0119 narodzi\u0107 w Betlejem, ale nowina, kt\u00f3r\u0105 przynie\u015bli w\u0119druj\u0105cy poganie, wcale ich nie uradowa\u0142a.<\/span><\/span><\/p>\n<p align=\"left\"><span style=\"font-family: Times New Roman, serif;\"><span style=\"font-size: large;\">W tym momencie historyczne wydarzenie, kt\u00f3re uobecnia dzisiejsza liturgia, przyjmuje dla nas aktualne i bardzo osobiste znaczenie. Od wielu bowiem lat jeste\u015bmy otoczeni pe\u0142ni\u0105 \u015bwiat\u0142o\u015bci, kt\u00f3r\u0105 przyni\u00f3s\u0142 Chrystus. Mamy nieustanny dost\u0119p nie tylko do Jego dar\u00f3w, kt\u00f3rych nawet m\u0119drcy nie wyczytali z gwiazd \u2013 ale do Niego samego, bo pozosta\u0142 z nami na zawsze w swoim s\u0142owie i \u015bwi\u0119tych sakramentach. To tutaj jest nasze Betlejem i pe\u0142na blasku Jerozolima. \u015awi\u0105tynia jest przecie\u017c miejscem, w kt\u00f3rym B\u00f3g zamieszka\u0142 i czeka wci\u0105\u017c na tych, kt\u00f3rzy przyj\u0119li wiar\u0119 i tworz\u0105 wraz z Nim jeden \u015bwi\u0119ty Ko\u015bci\u00f3\u0142.<\/span><\/span><\/p>\n<p align=\"left\"><span style=\"font-family: Times New Roman, serif;\"><span style=\"font-size: large;\">O co trzeba nam dzi\u015b szczeg\u00f3lnie pyta\u0107 i co podda\u0107 g\u0142\u0119bokiej refleksji? Powinni\u015bmy odpowiedzie\u0107 sobie w prawdzie, z jak\u0105 postaw\u0105 wobec wie\u015bci o przyj\u015bciu na \u015bwiat Zbawiciela si\u0119 uto\u017csamiamy. Czy podziwiamy m\u0105dro\u015b\u0107 tych, kt\u00f3rzy \u2013 cho\u0107 mieli wielk\u0105 wiedz\u0119 \u2013 jednak podj\u0119li trud dalekiej w\u0119dr\u00f3wki, by na w\u0142asne oczy przekona\u0107 si\u0119 o tym, co wyczytali z gwiazd, a nast\u0119pnie z pokor\u0105 ukl\u0119kli przed Bo\u017cym Dzieci\u0119ciem i z\u0142o\u017cyli Mu swoje dary? Oni po spotkaniu ze Zbawicielem wracali ju\u017c inn\u0105 drog\u0105! Czy my te\u017c mamy w sobie t\u0119 m\u0105dro\u015b\u0107, by zmieni\u0107 drogi naszego \u017cycia na Bo\u017ce, skoro z wiar\u0105 wyznajemy, \u017ce w\u0142a\u015bnie dla nas si\u0119 narodzi\u0142 i dla naszego zbawienia przyszed\u0142?<\/span><\/span><\/p>\n<p align=\"left\"><span style=\"font-family: Times New Roman, serif;\"><span style=\"font-size: large;\">Czy mo\u017ce bli\u017csi s\u0105 nam owi uczeni ludu, kt\u00f3rzy wiedzieli, gdzie ma si\u0119 narodzi\u0107 Mesjasz, znali wszystkie prorockie zapowiedzi, ale w \u017caden spos\u00f3b nie poruszy\u0142o to ich serc i umys\u0142\u00f3w i nie wp\u0142yn\u0119\u0142o na podj\u0119cie jedynej m\u0105drej decyzji, by i\u015b\u0107, zobaczy\u0107, odda\u0107 pok\u0142on i pokornie adorowa\u0107 Zbawiciela.<\/span><\/span><\/p>\n<p align=\"left\"><span style=\"font-family: Times New Roman, serif;\"><span style=\"font-size: large;\">Pytajmy wi\u0119c odwa\u017cnie: Kim naprawd\u0119 jestem w mojej wierze \u2013 pokornym m\u0119drcem czy pysznym uczonym ludu? Jaka jest moja postawa wobec tego, \u017ce B\u00f3g si\u0119 objawi\u0142 i da\u0142 si\u0119 pozna\u0107 tak\u017ce poganom? Czy doceniam Jego dalekowzroczno\u015b\u0107, dzi\u0119ki kt\u00f3rej i ja znalaz\u0142em si\u0119 w Ko\u015bciele?<\/span><\/span><\/p>\n<p align=\"left\"><span style=\"font-family: Times New Roman, serif;\"><span style=\"font-size: large;\">Pro\u015bmy Pana, by sprawi\u0142, aby zdobyta przez nas wiedza przeobra\u017ca\u0142a zawsze ku dobru ka\u017cde dzia\u0142anie. I by by\u0142o w nas owo d\u0105\u017cenie m\u0119drc\u00f3w, d\u0105\u017cenie nadaj\u0105ce naszemu \u017cyciu prawdziwie Bo\u017ce tempo, kt\u00f3re powinno wci\u0105\u017c wzrasta\u0107, je\u015bli chcemy dotrze\u0107 do celu i spotka\u0107 si\u0119 ze Zbawicielem ju\u017c na zawsze.<\/span><\/span><\/p>\n<p align=\"left\"><span style=\"font-family: Times New Roman, serif;\"><span style=\"font-size: medium;\">ks. Kazimierz Skwierawski<\/span><\/span><\/p>\n","protected":false},"excerpt":{"rendered":"<p>Dzisiejsza uroczysto\u015b\u0107 jest popularnie zwana \u015bwi\u0119tem Trzech Kr\u00f3li. Jednak po wys\u0142uchaniu relacji \u015bw. Mateusza mo\u017cemy zdecydowanie powiedzie\u0107, \u017ce nie ma w niej mowy o \u017cadnych kr\u00f3lach, a jedynie o m\u0119drcach, i to bez podania, ilu ich by\u0142o. Nie wiemy, czy wymieniona liczba pochodzi od trzech dar\u00f3w, kt\u00f3re zosta\u0142y przyniesione Zbawicielowi, czy ma inne \u017ar\u00f3d\u0142o. Mo\u017cemy si\u0119 jedynie domy\u015bla\u0107, \u017ce jednym z powod\u00f3w nazwania ich kr\u00f3lami by\u0142 szacunek, z jakim zostali przyj\u0119ci przez Heroda. Mogliby\u015bmy si\u0119 te\u017c zastanawia\u0107, dlaczego w Ewangelii s\u0105 nazwani m\u0119drcami. Mo\u017ce dlatego, \u017ce byli bardzo uwa\u017cnymi obserwatorami \u015bwiata i \u2013 patrz\u0105c przez pryzmat swoich zainteresowa\u0144 na wspania\u0142e dzie\u0142o stworzenia \u2013 dostrzegli jego Stw\u00f3rc\u0119. Musieli by\u0107 wnikliwymi badaczami nieba, skoro \u2013 patrz\u0105c w gwiazdy \u2013 odczytali, \u017ce jedna z nich sygnalizuje im jak\u0105\u015b bardzo wa\u017cn\u0105 wiadomo\u015b\u0107: oto na \u015bwiecie narodzi\u0142 si\u0119 Kto\u015b, kto zmieni ca\u0142kowicie jego oblicze. Zrozumieli, \u017ce nie mog\u0105 pozosta\u0107 oboj\u0119tni wobec tego znaku, lecz trzeba&hellip;<\/p>\n<p> <a class=\"more-link\" href=\"http:\/\/www.franciszek-walcz.pl\/?p=6330\">Czytaj dalej<\/a><\/p>\n","protected":false},"author":1,"featured_media":0,"comment_status":"closed","ping_status":"open","sticky":false,"template":"","format":"standard","meta":{"footnotes":""},"categories":[5],"tags":[],"class_list":{"0":"post-6330","1":"post","2":"type-post","3":"status-publish","4":"format-standard","6":"category-artykuly"},"brizy_media":[],"_links":{"self":[{"href":"http:\/\/www.franciszek-walcz.pl\/index.php?rest_route=\/wp\/v2\/posts\/6330","targetHints":{"allow":["GET"]}}],"collection":[{"href":"http:\/\/www.franciszek-walcz.pl\/index.php?rest_route=\/wp\/v2\/posts"}],"about":[{"href":"http:\/\/www.franciszek-walcz.pl\/index.php?rest_route=\/wp\/v2\/types\/post"}],"author":[{"embeddable":true,"href":"http:\/\/www.franciszek-walcz.pl\/index.php?rest_route=\/wp\/v2\/users\/1"}],"replies":[{"embeddable":true,"href":"http:\/\/www.franciszek-walcz.pl\/index.php?rest_route=%2Fwp%2Fv2%2Fcomments&post=6330"}],"version-history":[{"count":1,"href":"http:\/\/www.franciszek-walcz.pl\/index.php?rest_route=\/wp\/v2\/posts\/6330\/revisions"}],"predecessor-version":[{"id":6331,"href":"http:\/\/www.franciszek-walcz.pl\/index.php?rest_route=\/wp\/v2\/posts\/6330\/revisions\/6331"}],"wp:attachment":[{"href":"http:\/\/www.franciszek-walcz.pl\/index.php?rest_route=%2Fwp%2Fv2%2Fmedia&parent=6330"}],"wp:term":[{"taxonomy":"category","embeddable":true,"href":"http:\/\/www.franciszek-walcz.pl\/index.php?rest_route=%2Fwp%2Fv2%2Fcategories&post=6330"},{"taxonomy":"post_tag","embeddable":true,"href":"http:\/\/www.franciszek-walcz.pl\/index.php?rest_route=%2Fwp%2Fv2%2Ftags&post=6330"}],"curies":[{"name":"wp","href":"https:\/\/api.w.org\/{rel}","templated":true}]}}