{"id":6475,"date":"2020-01-11T12:39:31","date_gmt":"2020-01-11T11:39:31","guid":{"rendered":"http:\/\/www.franciszek-walcz.pl\/?p=6475"},"modified":"2020-01-11T12:39:39","modified_gmt":"2020-01-11T11:39:39","slug":"jestem-umilowanym-dzieckiem-boga","status":"publish","type":"post","link":"http:\/\/www.franciszek-walcz.pl\/?p=6475","title":{"rendered":"Jestem umi\u0142owanym dzieckiem Boga!"},"content":{"rendered":"<p align=\"justify\"><span style=\"font-family: Times New Roman, serif;\"><span style=\"font-size: large;\">Dzi\u015b prze\u017cywamy \u015bwi\u0119to Chrztu Pa\u0144skiego. To dzie\u0144, kt\u00f3ry ko\u0144czy czas liturgicznego okresu Bo\u017cego Narodzenia. I cho\u0107 dalej b\u0119dziemy \u015bpiewa\u0107 kol\u0119dy, i cho\u0107 w naszej polskiej tradycji radujemy si\u0119 tymi \u015bwi\u0119tami do 2 lutego, do \u015bwi\u0119ta Ofiarowania Pa\u0144skiego (popularnie zwanego \u015bwi\u0119tem Matki Bo\u017cej Gromnicznej), to jednak liturgia wprowadza nas ju\u017c w tajemnice i wydarzenia z \u017cycia Chrystusa nauczaj\u0105cego. Mo\u017ce nas dziwi\u0107, \u017ce ju\u017c wspominamy i prze\u017cywamy chrzest Pana Jezusa w Jordanie, a jeszcze kilka dni temu witali\u015bmy Go, raduj\u0105c si\u0119 pami\u0105tk\u0105 Jego narodzenia w Betlejem. Jednak to zdziwienie jest tylko pozorne. Przecie\u017c ten, nad kt\u00f3rym ukazuje si\u0119 znak go\u0142\u0119bicy i brzmi\u0105 s\u0142owa o Bo\u017cym wybraniu, to ten sam B\u00f3g, kt\u00f3ry jest Emmanuelem, Bogiem bliskim nam. I jak wtedy wszed\u0142 w nasze proste \u017cycie, tak teraz przyjmuje znak chrztu od Jana, aby wszystkim objawi\u0107 si\u0119 jako Syn Bo\u017cy. Jako B\u00f3g, kt\u00f3ry jest blisko ka\u017cdego cz\u0142owieka \u2013 w jego upadkach i wzlotach, w jego zwyci\u0119stwach i pora\u017ckach.<\/span><\/span><\/p>\n<p align=\"justify\"><span style=\"font-family: Times New Roman, serif;\"><span style=\"font-size: large;\">Ten Chrystus, kt\u00f3ry narodzi\u0142 si\u0119 taki niepozorny, taki ubogi i prosty w swojej mi\u0142o\u015bci do cz\u0142owieka wyra\u017conej w Dzieci\u0105tku, jest przecie\u017c tym pokornym S\u0142ug\u0105 Jahwe. S\u0142ug\u0105, kt\u00f3ry zawsze pok\u0142ada nadziej\u0119, kt\u00f3ry si\u0119 nie zniech\u0119ca, kt\u00f3ry pragnie przynosi\u0107 wszystkim wolno\u015b\u0107 z ka\u017cdego rodzaju niewoli.<\/span><\/span><\/p>\n<p align=\"justify\"><span style=\"font-family: Times New Roman, serif;\"><span style=\"font-size: large;\">\u015apiewamy, \u017ce Chrystus jest darem Ojca przynosz\u0105cym pok\u00f3j, a przecie\u017c to samo zwiastowali anio\u0142owie pasterzom: \u201eChwa\u0142a Bogu na wysoko\u015bciach, a na ziemi pok\u00f3j ludziom Jego upodobania (dobrej woli)\u201d (\u0141k 2,14).<\/span><\/span><\/p>\n<p align=\"justify\"><span style=\"font-family: Times New Roman, serif;\"><span style=\"font-size: large;\">Widzimy zatem jasno, \u017ce prze\u017cywane dzi\u015b \u015bwi\u0119to ca\u0142kowicie i jednoznacznie wpisuje si\u0119 w prze\u017cywanie \u015bwi\u0105t Bo\u017cego Narodzenia, wyp\u0142ywa z nich i je dope\u0142nia. Warto jednak p\u00f3j\u015b\u0107 dalej w jego odczytywaniu.<\/span><\/span><\/p>\n<p align=\"justify\"><span style=\"font-family: Times New Roman, serif;\"><span style=\"font-size: large;\">B\u00f3g, kt\u00f3ry z mi\u0142o\u015bci pos\u0142a\u0142 na \u015bwiat swojego umi\u0142owanego Syna, aby da\u0107 nam mo\u017cliwo\u015b\u0107 zbawienia, kocha ka\u017cdego z nas. Wszyscy jeste\u015bmy przez Boga umi\u0142owani. Ka\u017cdy z nas zosta\u0142 wybrany w momencie chrztu i powo\u0142any do bycia Jego dzieckiem. Ka\u017cdy z nas mo\u017ce te\u017c stawa\u0107 si\u0119 s\u0142ug\u0105 Ojca na wz\u00f3r Jedynego S\u0142ugi Jahwe \u2013 Jezusa. Ka\u017cdy z nas jest w ko\u0144cu wezwany do tego, aby wsz\u0119dzie, gdzie jest, wnosi\u0142 pok\u00f3j. Widzimy zatem, jak to dzisiejsze \u015bwi\u0119to kieruje nasz wzrok na Chrystusa, tak\u2026 ale r\u00f3wnie\u017c na nas samych. To my, ty i ja, wszyscy, kt\u00f3rzy si\u0119 tu znajdujemy, jeste\u015bmy umi\u0142owani przez Boga.<\/span><\/span><\/p>\n<p align=\"justify\"><span style=\"font-family: Times New Roman, serif;\"><span style=\"font-size: large;\">Niech ta wspania\u0142a prawda kszta\u0142tuje nasze codzienne wybory. Niech b\u0119dzie motorem do podejmowania dzia\u0142a\u0144 zgodnych z Bo\u017cymi prawami, a tak\u017ce niech zawsze pomaga w realizowaniu przykazania mi\u0142o\u015bci zar\u00f3wno Boga, jak i drugiego cz\u0142owieka \u2013 co niechaj b\u0119dzie naszym udzia\u0142em z \u0142aski i mi\u0142osierdzia Pana naszego Jezusa Chrystusa, kt\u00f3remu cze\u015b\u0107 i chwa\u0142a, i uwielbienie, i moc teraz i na wieki wiek\u00f3w. Amen.<\/span><\/span><\/p>\n<p align=\"right\"><span style=\"font-family: Times New Roman, serif;\"><span style=\"font-size: medium;\">ks. Micha\u0142 Le\u015bniak<\/span><\/span><\/p>\n","protected":false},"excerpt":{"rendered":"<p>Dzi\u015b prze\u017cywamy \u015bwi\u0119to Chrztu Pa\u0144skiego. To dzie\u0144, kt\u00f3ry ko\u0144czy czas liturgicznego okresu Bo\u017cego Narodzenia. I cho\u0107 dalej b\u0119dziemy \u015bpiewa\u0107 kol\u0119dy, i cho\u0107 w naszej polskiej tradycji radujemy si\u0119 tymi \u015bwi\u0119tami do 2 lutego, do \u015bwi\u0119ta Ofiarowania Pa\u0144skiego (popularnie zwanego \u015bwi\u0119tem Matki Bo\u017cej Gromnicznej), to jednak liturgia wprowadza nas ju\u017c w tajemnice i wydarzenia z \u017cycia Chrystusa nauczaj\u0105cego. Mo\u017ce nas dziwi\u0107, \u017ce ju\u017c wspominamy i prze\u017cywamy chrzest Pana Jezusa w Jordanie, a jeszcze kilka dni temu witali\u015bmy Go, raduj\u0105c si\u0119 pami\u0105tk\u0105 Jego narodzenia w Betlejem. Jednak to zdziwienie jest tylko pozorne. Przecie\u017c ten, nad kt\u00f3rym ukazuje si\u0119 znak go\u0142\u0119bicy i brzmi\u0105 s\u0142owa o Bo\u017cym wybraniu, to ten sam B\u00f3g, kt\u00f3ry jest Emmanuelem, Bogiem bliskim nam. I jak wtedy wszed\u0142 w nasze proste \u017cycie, tak teraz przyjmuje znak chrztu od Jana, aby wszystkim objawi\u0107 si\u0119 jako Syn Bo\u017cy. Jako B\u00f3g, kt\u00f3ry jest blisko ka\u017cdego cz\u0142owieka \u2013 w jego upadkach i wzlotach, w&hellip;<\/p>\n<p> <a class=\"more-link\" href=\"http:\/\/www.franciszek-walcz.pl\/?p=6475\">Czytaj dalej<\/a><\/p>\n","protected":false},"author":1,"featured_media":0,"comment_status":"closed","ping_status":"open","sticky":false,"template":"","format":"standard","meta":{"footnotes":""},"categories":[5],"tags":[],"class_list":{"0":"post-6475","1":"post","2":"type-post","3":"status-publish","4":"format-standard","6":"category-artykuly"},"brizy_media":[],"_links":{"self":[{"href":"http:\/\/www.franciszek-walcz.pl\/index.php?rest_route=\/wp\/v2\/posts\/6475","targetHints":{"allow":["GET"]}}],"collection":[{"href":"http:\/\/www.franciszek-walcz.pl\/index.php?rest_route=\/wp\/v2\/posts"}],"about":[{"href":"http:\/\/www.franciszek-walcz.pl\/index.php?rest_route=\/wp\/v2\/types\/post"}],"author":[{"embeddable":true,"href":"http:\/\/www.franciszek-walcz.pl\/index.php?rest_route=\/wp\/v2\/users\/1"}],"replies":[{"embeddable":true,"href":"http:\/\/www.franciszek-walcz.pl\/index.php?rest_route=%2Fwp%2Fv2%2Fcomments&post=6475"}],"version-history":[{"count":1,"href":"http:\/\/www.franciszek-walcz.pl\/index.php?rest_route=\/wp\/v2\/posts\/6475\/revisions"}],"predecessor-version":[{"id":6476,"href":"http:\/\/www.franciszek-walcz.pl\/index.php?rest_route=\/wp\/v2\/posts\/6475\/revisions\/6476"}],"wp:attachment":[{"href":"http:\/\/www.franciszek-walcz.pl\/index.php?rest_route=%2Fwp%2Fv2%2Fmedia&parent=6475"}],"wp:term":[{"taxonomy":"category","embeddable":true,"href":"http:\/\/www.franciszek-walcz.pl\/index.php?rest_route=%2Fwp%2Fv2%2Fcategories&post=6475"},{"taxonomy":"post_tag","embeddable":true,"href":"http:\/\/www.franciszek-walcz.pl\/index.php?rest_route=%2Fwp%2Fv2%2Ftags&post=6475"}],"curies":[{"name":"wp","href":"https:\/\/api.w.org\/{rel}","templated":true}]}}