{"id":669,"date":"2017-04-17T08:48:43","date_gmt":"2017-04-17T06:48:43","guid":{"rendered":"http:\/\/www.franciszek-walcz.pl\/?p=669"},"modified":"2017-04-17T08:48:43","modified_gmt":"2017-04-17T06:48:43","slug":"tak-wyglada-swietowanie-wielkanocy-w-jerozolimie","status":"publish","type":"post","link":"http:\/\/www.franciszek-walcz.pl\/?p=669","title":{"rendered":"Tak wygl\u0105da \u015bwi\u0119towanie Wielkanocy w Jerozolimie!"},"content":{"rendered":"<p><img loading=\"lazy\" decoding=\"async\" class=\"size-medium wp-image-670 alignleft\" src=\"http:\/\/www.franciszek-walcz.pl\/wp-content\/uploads\/2017\/04\/art2-1-300x150.jpg\" alt=\"\" width=\"300\" height=\"150\" \/>Na pocz\u0105tku drogi trzeba nam wiedzie\u0107, \u017ce w Bazylice Grobu Bo\u017cego s\u0105 nie tylko katolicy, ale te\u017c prawos\u0142awni r\u00f3\u017cnych ryt\u00f3w (m.in. Grecy, Arme\u0144czycy i Koptowie). Cho\u0107 Wielkanoc przypada cz\u0119sto w odmiennych datach, to w Bazylice ka\u017cde z wyzna\u0144 ma wyznaczone godziny celebracji ustalone ponad 200 lat temu (tzw. Status quo). Dlatego godziny celebracji s\u0105 od tego zale\u017cne. G\u0142\u00f3wnym za\u015b celebracjom przewodniczy patriarcha Jerozolimy lub jego delegat. Franciszkanie za\u015b &#8211; b\u0119d\u0105c kustoszami miejsc \u015bwi\u0119tych &#8211; troszcz\u0105 si\u0119 o opraw\u0119 liturgiczn\u0105.<\/p>\n<p><strong>Niedziela Palmowa<\/strong><\/p>\n<p>O 5.00 rano otwieraj\u0105 si\u0119 na o\u015bcie\u017c drzwi Bazyliki Grobu Bo\u017cego, kt\u00f3ra szybko wype\u0142nia si\u0119 lud\u017ami. O 6.30 rozpoczyna si\u0119 procesja z palmami wok\u00f3\u0142 Grobu Bo\u017cego. Po trzecim okr\u0105\u017ceniu przewodnicz\u0105cy liturgii wchodzi do Grobu Pana Jezusa z palm\u0105, aby podkre\u015bli\u0107, \u017ce prze\u017cycia Wielkiego Tygodnia prowadz\u0105 do rado\u015bci Zmartwychwstania. Nast\u0119pnie ma miejsce Msza \u015bw. przy o\u0142tarzu kaplicy \u015bw. Marii Magdaleny, czyli w miejscu, gdzie wed\u0142ug tradycji spotka\u0142a ona Jezusa Chrystusa po Zmartwychwstaniu. Po po\u0142udniu jest jeszcze jedna procesja z palmami. Tym razem wychodzi si\u0119 z Betfage, czyli miejsca, z kt\u00f3rego Pan Jezus wyszed\u0142, aby &#8211; pokonuj\u0105c G\u00f3r\u0119 Oliwn\u0105 &#8211; wej\u015b\u0107 do Jerozolimy. Na wz\u00f3r opisu ewangelicznego wierni nios\u0105 ga\u0142\u0105zki drzewa oliwkowego lub r\u00f3\u017cnego rodzaju palmy. W procesji uczestniczy kilka tysi\u0119cy os\u00f3b i jest to jedna z najliczniejszych celebracji katolickich w Ziemi \u015awi\u0119tej.<\/p>\n<p><strong>Wielka \u015aroda<\/strong><\/p>\n<p>W przeddzie\u0144 Triduum Paschalnego, o 7.00, w Bazylice w Getsemani celebrowana jest Msza \u015bw., podczas kt\u00f3rej \u015bpiewa si\u0119 Pasj\u0119. W tym dniu ju\u017c od pierwszych wiek\u00f3w chrze\u015bcija\u0144stwa wspomina si\u0119 nast\u0119puj\u0105ce wydarzenia: p\u0142acz Pana Jezusa nad Jerozolim\u0105 (\u0141k 13,31-35), namaszczenie Pana Jezusa przed pogrzebem (Mt 26,1-16), zdrad\u0119 Judasza przez zaakceptowanie 30 srebrnik\u00f3w za wydanie Pana Jezusa. W Wielk\u0105 \u015arod\u0119 w kaplicy przylegaj\u0105cej do Bazyliki Grobu Bo\u017cego jest kontemplowana tajemnica biczowania i cierpienia Pana Jezusa, o czym przypomina staro\u017cytna kolumna.<\/p>\n<p><strong>Wielki Czwartek<\/strong><\/p>\n<p>Ju\u017c o 7.00 jest Msza \u015bw. Wieczerzy Pa\u0144skiej, a po niej procesja z Naj\u015bwi\u0119tszym Sakramentem. Nast\u0119pnie rozpoczyna si\u0119 adoracja Pana Jezusa obecnego w Eucharystii, kt\u00f3ra trwa ca\u0142y dzie\u0144 i ca\u0142\u0105 noc. Po po\u0142udniu w procesji nawiedzany jest Wieczernik, jednak nie ma tam Mszy \u015bw., poniewa\u017c nie nale\u017cy on do miejsca kultu chrze\u015bcija\u0144skiego, cho\u0107 s\u0105 o to starania. Warto wiedzie\u0107, \u017ce obok wieczernika jest tzw. ma\u0142y wieczernik (po w\u0142osku cenacolino). Tam w\u0142a\u015bnie s\u0105 sprawowane Msze \u015bw., w kt\u00f3rych szczeg\u00f3lnie licznie uczestnicz\u0105 wierni w Wielki Czwartek.<\/p>\n<p><strong>Wielki Pi\u0105tek<\/strong><\/p>\n<p>O 8.00 otwieraj\u0105 si\u0119 drzwi Bazyliki Grobu Bo\u017cego, ale tylko dla uczestnik\u00f3w Liturgii M\u0119ki Pa\u0144skiej. Po wej\u015bciu drzwi zostaj\u0105 zamkni\u0119te, za\u015b sama liturgia jest sprawowana w miejscu ukrzy\u017cowania Pana Jezusa &#8211; na Kalwarii. Po niej s\u0105 wystawione relikwie Krzy\u017ca \u015awi\u0119tego. Oko\u0142o po\u0142udnia wyrusza Droga Krzy\u017cowa ulicami Jerozolimy. Wieczorem za\u015b w Bazylice Grobu Pa\u0144skiego ma miejsce tzw. procesja pogrzebu Pana Jezusa.<\/p>\n<p><strong>Wielka Sobota<\/strong><\/p>\n<p>W zwi\u0105zku z potrzeb\u0105 podzielenia godzin celebracji mi\u0119dzy r\u00f3\u017cne wyznania chrze\u015bcija\u0144skie, katolicka Wigilia Paschalna jest sprawowana rano, ju\u017c o 7.30. Rozpoczyna si\u0119 tradycyjnie od zapalenia ognia przed Bazylik\u0105 Grobu Pa\u0144skiego. G\u0142\u00f3wna celebracja jest szczeg\u00f3lnie wymowna w Jerozolimie, poniewa\u017c ma ona miejsce dos\u0142ownie przed Grobem Pa\u0144skim, z kt\u00f3rego Chrystus zmartwychwsta\u0142. W ci\u0105gu dnia Bazylika pozostaje otwarta, jest wi\u0119c mo\u017cliwo\u015b\u0107 przyj\u015bcia na modlitw\u0119 w jednym z naj\u015bwi\u0119tszych miejsc na ziemi. Po p\u00f3\u0142nocy za\u015b ma miejsce Liturgia godzin, r\u00f3wnie\u017c przed miejscem zmartwychwstania Pana Jezusa.<\/p>\n<p>Na marginesie mo\u017cna wspomnie\u0107, \u017ce w Jerozolimie nie ma zwyczaju \u015bwi\u0119cenia pokarm\u00f3w. Jednak w Domach Polskich prowadzonych przez ss. el\u017cbietanki pokarmy s\u0105 \u015bwi\u0119cone, podobnie jak w innych miejscach, gdzie \u017cyj\u0105 Polacy.<\/p>\n<p><strong>Niedziela Zmartwychwstania<\/strong><\/p>\n<p>Cho\u0107 w tradycji jerozolimskiej nie ma uroczystego \u015bniadania, ale obiad, to jednak w Domach Polskich kultywuje si\u0119 ten zwyczaj. Po nim mo\u017cna p\u00f3j\u015b\u0107 na pontyfikaln\u0105 Msz\u0119 \u015bw. w miejscu zmartwychwstania Pana Jezusa, kt\u00f3rej zazwyczaj przewodniczy Patriarcha Jerozolimy. Po Eucharystii jest procesja wok\u00f3\u0142 pustego grobu. Nast\u0119pnie \u015bwi\u0119towanie przenosi si\u0119 do dom\u00f3w rodzinnych i zakonnych.<\/p>\n<p><strong>Wielki Poniedzia\u0142ek<\/strong><\/p>\n<p>W tym dniu niekt\u00f3rzy wyruszaj\u0105 rano z pielgrzymk\u0105 do Emaus (Qubeibeh), gdzie franciszka\u0144ski kustosz Kustodii Ziemi \u015awi\u0119tej przewodniczy Eucharystii. Wtedy te\u017c ma miejsce b\u0142ogos\u0142awie\u0144stwo chleba &#8211; na pami\u0105tk\u0119 b\u0142ogos\u0142awie\u0144stwa, po kt\u00f3rym aposto\u0142owie rozpoznali Pana Jezusa. Po obiedzie za\u015b jest uroczysta procesja eucharystyczna w Emaus.<\/p>\n<p>Wielki Tydzie\u0144 w Jerozolimie jest o tyle szczeg\u00f3lny i wyj\u0105tkowy, \u017ce liturgi\u0119 sprawuje si\u0119 w miejscach, gdzie dokona\u0142y si\u0119 wydarzenia, jakie prze\u017cywamy. Przez to tajemnice wiary staj\u0105 si\u0119 jeszcze bardziej bliskie zar\u00f3wno uczestnikom liturgii, jak i tym, kt\u00f3rzy w tych dniach \u0142\u0105cz\u0105 si\u0119 duchowo z ojczyzn\u0105 Jezusa Zmartwychwsta\u0142ego.<\/p>\n<p><em>ks. Pawe\u0142 Rytel-Andrianik<\/em><br \/>\n<em>&#8222;Echo Katolickie&#8221; 13\/2013<\/em><\/p>\n","protected":false},"excerpt":{"rendered":"<p>Na pocz\u0105tku drogi trzeba nam wiedzie\u0107, \u017ce w Bazylice Grobu Bo\u017cego s\u0105 nie tylko katolicy, ale te\u017c prawos\u0142awni r\u00f3\u017cnych ryt\u00f3w (m.in. Grecy, Arme\u0144czycy i Koptowie). Cho\u0107 Wielkanoc przypada cz\u0119sto w odmiennych datach, to w Bazylice ka\u017cde z wyzna\u0144 ma wyznaczone godziny celebracji ustalone ponad 200 lat temu (tzw. Status quo). Dlatego godziny celebracji s\u0105 od tego zale\u017cne. G\u0142\u00f3wnym za\u015b celebracjom przewodniczy patriarcha Jerozolimy lub jego delegat. Franciszkanie za\u015b &#8211; b\u0119d\u0105c kustoszami miejsc \u015bwi\u0119tych &#8211; troszcz\u0105 si\u0119 o opraw\u0119 liturgiczn\u0105. Niedziela Palmowa O 5.00 rano otwieraj\u0105 si\u0119 na o\u015bcie\u017c drzwi Bazyliki Grobu Bo\u017cego, kt\u00f3ra szybko wype\u0142nia si\u0119 lud\u017ami. O 6.30 rozpoczyna si\u0119 procesja z palmami wok\u00f3\u0142 Grobu Bo\u017cego. Po trzecim okr\u0105\u017ceniu przewodnicz\u0105cy liturgii wchodzi do Grobu Pana Jezusa z palm\u0105, aby podkre\u015bli\u0107, \u017ce prze\u017cycia Wielkiego Tygodnia prowadz\u0105 do rado\u015bci Zmartwychwstania. Nast\u0119pnie ma miejsce Msza \u015bw. przy o\u0142tarzu kaplicy \u015bw. Marii Magdaleny, czyli w miejscu, gdzie wed\u0142ug tradycji spotka\u0142a ona Jezusa Chrystusa&hellip;<\/p>\n<p> <a class=\"more-link\" href=\"http:\/\/www.franciszek-walcz.pl\/?p=669\">Czytaj dalej<\/a><\/p>\n","protected":false},"author":1,"featured_media":0,"comment_status":"open","ping_status":"open","sticky":false,"template":"","format":"standard","meta":{"footnotes":""},"categories":[5],"tags":[],"class_list":{"0":"post-669","1":"post","2":"type-post","3":"status-publish","4":"format-standard","6":"category-artykuly"},"brizy_media":[],"_links":{"self":[{"href":"http:\/\/www.franciszek-walcz.pl\/index.php?rest_route=\/wp\/v2\/posts\/669","targetHints":{"allow":["GET"]}}],"collection":[{"href":"http:\/\/www.franciszek-walcz.pl\/index.php?rest_route=\/wp\/v2\/posts"}],"about":[{"href":"http:\/\/www.franciszek-walcz.pl\/index.php?rest_route=\/wp\/v2\/types\/post"}],"author":[{"embeddable":true,"href":"http:\/\/www.franciszek-walcz.pl\/index.php?rest_route=\/wp\/v2\/users\/1"}],"replies":[{"embeddable":true,"href":"http:\/\/www.franciszek-walcz.pl\/index.php?rest_route=%2Fwp%2Fv2%2Fcomments&post=669"}],"version-history":[{"count":1,"href":"http:\/\/www.franciszek-walcz.pl\/index.php?rest_route=\/wp\/v2\/posts\/669\/revisions"}],"predecessor-version":[{"id":671,"href":"http:\/\/www.franciszek-walcz.pl\/index.php?rest_route=\/wp\/v2\/posts\/669\/revisions\/671"}],"wp:attachment":[{"href":"http:\/\/www.franciszek-walcz.pl\/index.php?rest_route=%2Fwp%2Fv2%2Fmedia&parent=669"}],"wp:term":[{"taxonomy":"category","embeddable":true,"href":"http:\/\/www.franciszek-walcz.pl\/index.php?rest_route=%2Fwp%2Fv2%2Fcategories&post=669"},{"taxonomy":"post_tag","embeddable":true,"href":"http:\/\/www.franciszek-walcz.pl\/index.php?rest_route=%2Fwp%2Fv2%2Ftags&post=669"}],"curies":[{"name":"wp","href":"https:\/\/api.w.org\/{rel}","templated":true}]}}