{"id":6690,"date":"2020-01-18T11:32:38","date_gmt":"2020-01-18T10:32:38","guid":{"rendered":"http:\/\/www.franciszek-walcz.pl\/?p=6690"},"modified":"2020-01-18T11:32:45","modified_gmt":"2020-01-18T10:32:45","slug":"swiadectwo-jana-chrzciciela","status":"publish","type":"post","link":"http:\/\/www.franciszek-walcz.pl\/?p=6690","title":{"rendered":"\u015awiadectwo Jana Chrzciciela"},"content":{"rendered":"<p><span style=\"font-family: Times New Roman, serif;\"><span style=\"font-size: large;\">Czego nam dzisiaj najbardziej brakuje? Pieni\u0119dzy? A mo\u017ce obietnic i czarowania? Czy te\u017c zapewnie\u0144 o lepszym jutrze? Czy brakuje nam dzisiaj &#8222;doskona\u0142ych polityk\u00f3w&#8221;, kt\u00f3rzy dbaj\u0105 przecie\u017c <\/span><\/span><span style=\"font-family: Times New Roman, serif;\"><span style=\"font-size: large;\"><i><b>tylko i wy\u0142\u0105cznie<\/b><\/i><\/span><\/span><span style=\"font-family: Times New Roman, serif;\"><span style=\"font-size: large;\"> o dobro ludzi? A mo\u017ce krasom\u00f3wc\u00f3w i alchemik\u00f3w s\u0142owa? Lub mo\u017ce brakuje nam aktor\u00f3w i &#8222;showmen\u00f3w&#8221;? Na pewno nie!<\/span><\/span><\/p>\n<p><span style=\"font-family: Times New Roman, serif;\"><span style=\"font-size: large;\">S\u0105dz\u0119, \u017ce <\/span><\/span><span style=\"font-family: Times New Roman, serif;\"><span style=\"font-size: large;\"><b>najbardziej brakuje nam dzisiaj \u015bwiadk\u00f3w! I to \u015bwiadk\u00f3w klarownych i przejrzystych<\/b><\/span><\/span><span style=\"font-family: Times New Roman, serif;\"><span style=\"font-size: large;\">, wyrazistych i jednoznacznych, kt\u00f3rzy \u017cyciem swoim daj\u0105 \u015bwiadectwo Prawdzie. Ludzi, kt\u00f3rzy nie boj\u0105 si\u0119 by\u0107 niepopularni lub &#8222;nie na fali&#8221;, albo niemodni, staro\u015bwieccy i zacofani, bo daj\u0105 \u015bwiadectwo niez\u0142omnym zasadom i normom moralnym, bo sta\u0107 ich na to, aby i\u015b\u0107 &#8222;pod pr\u0105d&#8221; modom i nijako\u015bci. Brakuje nam ludzi, kt\u00f3rzy nie wstydz\u0105 si\u0119 by\u0107 wierz\u0105cy i prawi. Brakuje nam ludzi, dla kt\u00f3rych &#8222;<\/span><\/span><span style=\"font-family: Times New Roman, serif;\"><span style=\"font-size: large;\"><b>tak<\/b><\/span><\/span><span style=\"font-family: Times New Roman, serif;\"><span style=\"font-size: large;\">&#8221; znaczy &#8222;<\/span><\/span><span style=\"font-family: Times New Roman, serif;\"><span style=\"font-size: large;\"><b>tak<\/b><\/span><\/span><span style=\"font-family: Times New Roman, serif;\"><span style=\"font-size: large;\">&#8222;, a &#8222;<\/span><\/span><span style=\"font-family: Times New Roman, serif;\"><span style=\"font-size: large;\"><b>nie<\/b><\/span><\/span><span style=\"font-family: Times New Roman, serif;\"><span style=\"font-size: large;\">&#8221; znaczy &#8222;<\/span><\/span><span style=\"font-family: Times New Roman, serif;\"><span style=\"font-size: large;\"><b>nie<\/b><\/span><\/span><span style=\"font-family: Times New Roman, serif;\"><span style=\"font-size: large;\">&#8222;.<\/span><\/span><\/p>\n<p><span style=\"font-family: Times New Roman, serif;\"><span style=\"font-size: large;\">Jan Chrzciciel, o kt\u00f3rym wiemy, \u017ce by\u0142 cz\u0142owiekiem bezkompromisowym i nie l\u0119kaj\u0105cym si\u0119 prawdy, jest dla nas &#8211; chrze\u015bcijan wzorem postawy wobec Chrystusa, wzorem \u015bwiadka. On nie boi si\u0119 tych, kt\u00f3rzy nastaj\u0105 na Jezusa, ale i na niego, i daje o Chrystusie klarowne i zdecydowane \u015bwiadectwo m\u00f3wi\u0105c: &#8222;<\/span><\/span><span style=\"font-family: Times New Roman, serif;\"><span style=\"font-size: large;\"><b>Ja daj\u0119 \u015bwiadectwo, \u017ce On jest Synem Bo\u017cym<\/b><\/span><\/span><span style=\"font-family: Times New Roman, serif;\"><span style=\"font-size: large;\">&#8222;.<\/span><\/span><\/p>\n<p><span style=\"font-family: Times New Roman, serif;\"><span style=\"font-size: large;\">Czy my tak\u017ce dajemy \u015bwiadectwo naszej wiary? Czy mo\u017ce raczej wstydzimy si\u0119 przyzna\u0107, \u017ce jeste\u015bmy uczciwi, prawi, rzetelni, \u017ce Chrystus jest naszym Mistrzem i Panem naszego \u017cycia? A Mo\u017ce wstydz\u0119 si\u0119 by\u0107 \u015bwiadkiem Jezusa, bo to czasami jest mi nie na r\u0119k\u0119, bo wymaga zbyt wiele, bo jest niewygodne?<\/span><\/span><\/p>\n<p align=\"right\"><span style=\"font-family: Times New Roman, serif;\"><span style=\"font-size: large;\"><u><b>Ku refleksji<\/b><\/u><\/span><\/span><span style=\"font-family: Times New Roman, serif;\"><span style=\"font-size: large;\"><u> \u2013<\/u><\/span><\/span><span style=\"font-family: Times New Roman, serif;\"><span style=\"font-size: large;\"> Czy Ko\u015bci\u00f3\u0142 nie jest przypadkiem dlatego krytykowany, czy B\u00f3g nie jest lekcewa\u017cony w\u0142a\u015bnie dlatego, \u017ce ja nie jestem \u015bwiadkiem klarownym i wyrazistym? Czy Ko\u015bci\u00f3\u0142 nie jest dlatego na cenzurowanym, \u017ce jego cz\u0142onkowie nie daj\u0105 \u015bwiadectwa, \u017ce zamiast by\u0107 sol\u0105 ziemi i \u015bwiat\u0142em \u015bwiata, s\u0105 raczej nijacy i bez wyrazu?<\/span><\/span><\/p>\n","protected":false},"excerpt":{"rendered":"<p>Czego nam dzisiaj najbardziej brakuje? Pieni\u0119dzy? A mo\u017ce obietnic i czarowania? Czy te\u017c zapewnie\u0144 o lepszym jutrze? Czy brakuje nam dzisiaj &#8222;doskona\u0142ych polityk\u00f3w&#8221;, kt\u00f3rzy dbaj\u0105 przecie\u017c tylko i wy\u0142\u0105cznie o dobro ludzi? A mo\u017ce krasom\u00f3wc\u00f3w i alchemik\u00f3w s\u0142owa? Lub mo\u017ce brakuje nam aktor\u00f3w i &#8222;showmen\u00f3w&#8221;? Na pewno nie! S\u0105dz\u0119, \u017ce najbardziej brakuje nam dzisiaj \u015bwiadk\u00f3w! I to \u015bwiadk\u00f3w klarownych i przejrzystych, wyrazistych i jednoznacznych, kt\u00f3rzy \u017cyciem swoim daj\u0105 \u015bwiadectwo Prawdzie. Ludzi, kt\u00f3rzy nie boj\u0105 si\u0119 by\u0107 niepopularni lub &#8222;nie na fali&#8221;, albo niemodni, staro\u015bwieccy i zacofani, bo daj\u0105 \u015bwiadectwo niez\u0142omnym zasadom i normom moralnym, bo sta\u0107 ich na to, aby i\u015b\u0107 &#8222;pod pr\u0105d&#8221; modom i nijako\u015bci. Brakuje nam ludzi, kt\u00f3rzy nie wstydz\u0105 si\u0119 by\u0107 wierz\u0105cy i prawi. Brakuje nam ludzi, dla kt\u00f3rych &#8222;tak&#8221; znaczy &#8222;tak&#8222;, a &#8222;nie&#8221; znaczy &#8222;nie&#8222;. Jan Chrzciciel, o kt\u00f3rym wiemy, \u017ce by\u0142 cz\u0142owiekiem bezkompromisowym i nie l\u0119kaj\u0105cym si\u0119 prawdy, jest dla nas &#8211; chrze\u015bcijan wzorem postawy&hellip;<\/p>\n<p> <a class=\"more-link\" href=\"http:\/\/www.franciszek-walcz.pl\/?p=6690\">Czytaj dalej<\/a><\/p>\n","protected":false},"author":1,"featured_media":0,"comment_status":"closed","ping_status":"open","sticky":false,"template":"","format":"standard","meta":{"footnotes":""},"categories":[5],"tags":[],"class_list":{"0":"post-6690","1":"post","2":"type-post","3":"status-publish","4":"format-standard","6":"category-artykuly"},"brizy_media":[],"_links":{"self":[{"href":"http:\/\/www.franciszek-walcz.pl\/index.php?rest_route=\/wp\/v2\/posts\/6690","targetHints":{"allow":["GET"]}}],"collection":[{"href":"http:\/\/www.franciszek-walcz.pl\/index.php?rest_route=\/wp\/v2\/posts"}],"about":[{"href":"http:\/\/www.franciszek-walcz.pl\/index.php?rest_route=\/wp\/v2\/types\/post"}],"author":[{"embeddable":true,"href":"http:\/\/www.franciszek-walcz.pl\/index.php?rest_route=\/wp\/v2\/users\/1"}],"replies":[{"embeddable":true,"href":"http:\/\/www.franciszek-walcz.pl\/index.php?rest_route=%2Fwp%2Fv2%2Fcomments&post=6690"}],"version-history":[{"count":1,"href":"http:\/\/www.franciszek-walcz.pl\/index.php?rest_route=\/wp\/v2\/posts\/6690\/revisions"}],"predecessor-version":[{"id":6691,"href":"http:\/\/www.franciszek-walcz.pl\/index.php?rest_route=\/wp\/v2\/posts\/6690\/revisions\/6691"}],"wp:attachment":[{"href":"http:\/\/www.franciszek-walcz.pl\/index.php?rest_route=%2Fwp%2Fv2%2Fmedia&parent=6690"}],"wp:term":[{"taxonomy":"category","embeddable":true,"href":"http:\/\/www.franciszek-walcz.pl\/index.php?rest_route=%2Fwp%2Fv2%2Fcategories&post=6690"},{"taxonomy":"post_tag","embeddable":true,"href":"http:\/\/www.franciszek-walcz.pl\/index.php?rest_route=%2Fwp%2Fv2%2Ftags&post=6690"}],"curies":[{"name":"wp","href":"https:\/\/api.w.org\/{rel}","templated":true}]}}