{"id":7064,"date":"2020-02-08T18:01:12","date_gmt":"2020-02-08T17:01:12","guid":{"rendered":"http:\/\/www.franciszek-walcz.pl\/?p=7064"},"modified":"2020-02-08T18:02:30","modified_gmt":"2020-02-08T17:02:30","slug":"swiatlo-i-sol","status":"publish","type":"post","link":"http:\/\/www.franciszek-walcz.pl\/?p=7064","title":{"rendered":"\u015awiat\u0142o i s\u00f3l"},"content":{"rendered":"<p><span style=\"font-family: Times New Roman, serif;\"><span style=\"font-size: medium;\"><span style=\"font-size: large;\">Wmawia si\u0119 nam, \u017ce jako chrze\u015bcijanie mamy by\u0107 ukryci i nie wychyla\u0107 si\u0119, nie afiszowa\u0107 z nasz\u0105 wiar\u0105, z naszymi przekonaniami, z nasz\u0105 pobo\u017cno\u015bci\u0105 i religijno\u015bci\u0105. Chce si\u0119 zamkn\u0105\u0107 wiar\u0119 w czterech \u015bcianach ko\u015bcio\u0142a, zmusi\u0107 do milczenia, rozbi\u0107 nasze \u017cycie na to <\/span><span style=\"font-size: large;\"><i><b>na co dzie\u0144<\/b><\/i><\/span><span style=\"font-size: large;\"> i na to <\/span><span style=\"font-size: large;\"><i><b>od \u015bwi\u0119ta i na niedziel\u0119.<\/b><\/i><\/span><span style=\"font-size: large;\"> Ca\u0142y wsp\u00f3\u0142czesny \u015bwiat pr\u00f3buje nam udowodni\u0107, \u017ce wiara, to zacofanie, \u015bredniowiecze, ko\u0142tu\u0144stwo, co\u015b czego nale\u017cy si\u0119 wstydzi\u0107, z czym nie nale\u017cy si\u0119 pokazywa\u0107, ani obnosi\u0107. Udowadnia si\u0119, \u017ce pa\u0144stwo, spo\u0142ecze\u0144stwo, \u017cycie codzienne, szko\u0142a, nauka, praca, odpoczynek, rozrywka wszystko co jest naszym \u017cyciem ma by\u0107 a-wyznaniowe, a-religijne, \u015bwieckie, laickie. Przyk\u0142ad? Wyst\u0105pienie premiera Francji na Konferencji Unii Europejskiej w Laeken. A co to w ko\u0144cu znaczy? Nic innego jak skazanie religii na banicj\u0119, jak udowadnianie, \u017ce religia to co\u015b ca\u0142kowicie prywatnego i wstydliwego, jak udowadnianie, \u017ce cz\u0142owiek wierz\u0105cy, to druga lub nawet trzecia kategoria spo\u0142eczna.<\/span><\/span><\/span><\/p>\n<p><span style=\"font-family: Times New Roman, serif;\"><span style=\"font-size: medium;\"><span style=\"font-size: large;\">I odpowied\u017a Chrystusa -na takie zakusy- w dzisiejszej Ewangelii: &#8222;<\/span><span style=\"font-size: large;\"><i><b>Niech \u015bwieci wasze \u015bwiat\u0142o przed lud\u017ami, aby widzieli wasze dobre czyny<\/b><\/i><\/span><span style=\"font-size: large;\">&#8221; &#8211; nie pi\u0119kne s\u0142owa i bombastyczne pochody i procesje, ale wasze dobre czyny! Nie chodzi o bigoteri\u0119 i fanatyzm, ani o religijny fundamentalizm, ale o jasne i klarowne \u015bwiadectwo. Nie wstyd\u017amy si\u0119 by\u0107 wierz\u0105cymi. Nasze \u017cycie nie jest i nie powinno by\u0107 a-wyznaniowe, wyprane z religii i moralno\u015bci, ale w\u0142a\u015bnie ni\u0105 przesi\u0105kni\u0119te, nasycone. Nasze \u017cycie powinno by\u0107 \u015bwi\u0119te, dobre i religijne. Mamy by\u0107 sol\u0105 dla tej ziemi, dla tego\u017c \u015bwiata, wypranego z religii, z moralno\u015bci i uczu\u0107. Mamy by\u0107 \u015bwiat\u0142em jasno \u015bwiec\u0105cym, a nie tl\u0105c\u0105 si\u0119 i kopc\u0105c\u0105 \u015bwieczk\u0105. S\u00f3l, kt\u00f3ra utraci\u0142a sw\u00f3j smak nadaje si\u0119 tylko do wyrzucenia. \u015awieczka, kt\u00f3ra nie daje \u015bwiat\u0142a nie jest do niczego przydatna.<\/span><\/span><\/span><\/p>\n","protected":false},"excerpt":{"rendered":"<p>Wmawia si\u0119 nam, \u017ce jako chrze\u015bcijanie mamy by\u0107 ukryci i nie wychyla\u0107 si\u0119, nie afiszowa\u0107 z nasz\u0105 wiar\u0105, z naszymi przekonaniami, z nasz\u0105 pobo\u017cno\u015bci\u0105 i religijno\u015bci\u0105. Chce si\u0119 zamkn\u0105\u0107 wiar\u0119 w czterech \u015bcianach ko\u015bcio\u0142a, zmusi\u0107 do milczenia, rozbi\u0107 nasze \u017cycie na to na co dzie\u0144 i na to od \u015bwi\u0119ta i na niedziel\u0119. Ca\u0142y wsp\u00f3\u0142czesny \u015bwiat pr\u00f3buje nam udowodni\u0107, \u017ce wiara, to zacofanie, \u015bredniowiecze, ko\u0142tu\u0144stwo, co\u015b czego nale\u017cy si\u0119 wstydzi\u0107, z czym nie nale\u017cy si\u0119 pokazywa\u0107, ani obnosi\u0107. Udowadnia si\u0119, \u017ce pa\u0144stwo, spo\u0142ecze\u0144stwo, \u017cycie codzienne, szko\u0142a, nauka, praca, odpoczynek, rozrywka wszystko co jest naszym \u017cyciem ma by\u0107 a-wyznaniowe, a-religijne, \u015bwieckie, laickie. Przyk\u0142ad? Wyst\u0105pienie premiera Francji na Konferencji Unii Europejskiej w Laeken. A co to w ko\u0144cu znaczy? Nic innego jak skazanie religii na banicj\u0119, jak udowadnianie, \u017ce religia to co\u015b ca\u0142kowicie prywatnego i wstydliwego, jak udowadnianie, \u017ce cz\u0142owiek wierz\u0105cy, to druga lub nawet trzecia kategoria spo\u0142eczna. I odpowied\u017a Chrystusa -na&hellip;<\/p>\n<p> <a class=\"more-link\" href=\"http:\/\/www.franciszek-walcz.pl\/?p=7064\">Czytaj dalej<\/a><\/p>\n","protected":false},"author":1,"featured_media":0,"comment_status":"closed","ping_status":"open","sticky":false,"template":"","format":"standard","meta":{"footnotes":""},"categories":[5],"tags":[],"class_list":{"0":"post-7064","1":"post","2":"type-post","3":"status-publish","4":"format-standard","6":"category-artykuly"},"brizy_media":[],"_links":{"self":[{"href":"http:\/\/www.franciszek-walcz.pl\/index.php?rest_route=\/wp\/v2\/posts\/7064","targetHints":{"allow":["GET"]}}],"collection":[{"href":"http:\/\/www.franciszek-walcz.pl\/index.php?rest_route=\/wp\/v2\/posts"}],"about":[{"href":"http:\/\/www.franciszek-walcz.pl\/index.php?rest_route=\/wp\/v2\/types\/post"}],"author":[{"embeddable":true,"href":"http:\/\/www.franciszek-walcz.pl\/index.php?rest_route=\/wp\/v2\/users\/1"}],"replies":[{"embeddable":true,"href":"http:\/\/www.franciszek-walcz.pl\/index.php?rest_route=%2Fwp%2Fv2%2Fcomments&post=7064"}],"version-history":[{"count":1,"href":"http:\/\/www.franciszek-walcz.pl\/index.php?rest_route=\/wp\/v2\/posts\/7064\/revisions"}],"predecessor-version":[{"id":7065,"href":"http:\/\/www.franciszek-walcz.pl\/index.php?rest_route=\/wp\/v2\/posts\/7064\/revisions\/7065"}],"wp:attachment":[{"href":"http:\/\/www.franciszek-walcz.pl\/index.php?rest_route=%2Fwp%2Fv2%2Fmedia&parent=7064"}],"wp:term":[{"taxonomy":"category","embeddable":true,"href":"http:\/\/www.franciszek-walcz.pl\/index.php?rest_route=%2Fwp%2Fv2%2Fcategories&post=7064"},{"taxonomy":"post_tag","embeddable":true,"href":"http:\/\/www.franciszek-walcz.pl\/index.php?rest_route=%2Fwp%2Fv2%2Ftags&post=7064"}],"curies":[{"name":"wp","href":"https:\/\/api.w.org\/{rel}","templated":true}]}}