{"id":7066,"date":"2020-02-08T18:04:50","date_gmt":"2020-02-08T17:04:50","guid":{"rendered":"http:\/\/www.franciszek-walcz.pl\/?p=7066"},"modified":"2020-02-08T18:08:16","modified_gmt":"2020-02-08T17:08:16","slug":"list-prymasa-polski","status":"publish","type":"post","link":"http:\/\/www.franciszek-walcz.pl\/?p=7066","title":{"rendered":"List prymasa Polski&#8230;"},"content":{"rendered":"<p align=\"center\"><span style=\"font-family: Times New Roman, serif;\"><span style=\"font-size: medium;\"><b>List prymasa Polski przygotowuj\u0105cy do beatyfikacji <\/b><\/span><\/span><\/p>\n<p align=\"center\"><span style=\"font-family: Times New Roman, serif;\"><span style=\"font-size: medium;\"><b>Czcigodnego S\u0142ugi Bo\u017cego kardyna\u0142a Stefana Wyszy\u0144skiego<\/b><\/span><\/span><\/p>\n<p align=\"center\"><span style=\"font-family: Times New Roman, serif;\"><span style=\"font-size: medium;\"><b>ZWIASTUN DOBREJ NOWINY, \u015aWIADEK CHRYSTUSA UKRZY\u017bOWANEGO, OR\u0118DOWNIK PRAWDY I WOLNO\u015aCI.<\/b><\/span><\/span><\/p>\n<p align=\"justify\"><span style=\"font-family: Times New Roman, serif;\"><span style=\"font-size: medium;\"><b>Umi\u0142owani Siostry i Bracia<\/b><\/span><\/span><span style=\"font-family: Times New Roman, serif;\"><span style=\"font-size: medium;\">, <\/span><\/span><\/p>\n<p align=\"justify\"><span style=\"font-family: Times New Roman, serif;\"><span style=\"font-size: medium;\">W tekstach Pisma \u015awi\u0119tego czytanych podczas dzisiejszej niedzielnej Eucharystii mowa jest o dw\u00f3ch niezwykle wa\u017cnych i cennych darach, jakie otrzymujemy od Boga. S\u0105 nimi s\u00f3l i \u015bwiat\u0142o. Jedno i drugie jest niezb\u0119dne dla \u017cycia cz\u0142owieka i przyrody, kt\u00f3ra go otacza. S\u00f3l przecie\u017c nadaje smak pokarmom i zachowuje je przed zepsuciem, \u015bwiat\u0142o natomiast ogrzewa i o\u015bwieca. S\u0142owo Bo\u017ce zwraca jednak nasz\u0105 uwag\u0119 na g\u0142\u0119bsze znaczenie tych dar\u00f3w. Obraz soli i \u015bwiat\u0142a to nauka jak\u0105 otrzymuje ka\u017cdy z nas od Chrystusa. Jako Jego uczniowie nosimy w sobie jej niepowtarzalny \u201esmak\u201d. Naszym za\u015b zadaniem jest to, by nie zatrzymywa\u0107 Chrystusowej nauki dla siebie, ale nale\u017cy przenosi\u0107 j\u0105 tam, gdzie \u017cycie utraci\u0142o sw\u00f3j smak i panuje ciemno\u015b\u0107. Dlatego tak wa\u017cne jest nasze codzienne zaanga\u017cowanie w g\u0142oszenie Ewangelii i dawanie o niej \u015bwiadectwa, w\u00f3wczas \u015bwiat\u0142o s\u0142owa Bo\u017cego, kt\u00f3re w sobie nosimy, <\/span><\/span><span style=\"font-family: Times New Roman, serif;\"><span style=\"font-size: medium;\"><i>zab\u0142y\u015bnie w ciemno\u015bciach<\/i><\/span><\/span><span style=\"font-family: Times New Roman, serif;\"><span style=\"font-size: medium;\"> (Iz 58,10) i b\u0119dzie \u015bwieci\u0142o <\/span><\/span><span style=\"font-family: Times New Roman, serif;\"><span style=\"font-size: medium;\"><i>wszystkim, kt\u00f3rzy s\u0105 w domu<\/i><\/span><\/span><span style=\"font-family: Times New Roman, serif;\"><span style=\"font-size: medium;\"> (Mt 5,15).<\/span><\/span><\/p>\n<p align=\"justify\"><span style=\"font-family: Times New Roman, serif;\"><span style=\"font-size: medium;\">Sol\u0105 ziemi i \u015bwiat\u0142em \u015bwiata by\u0142 i ci\u0105gle jest S\u0142uga Bo\u017cy, kardyna\u0142 Stefan Wyszy\u0144ski. Mo\u017cemy o nim powiedzie\u0107, tak jak \u015bw. Pawe\u0142 o sobie m\u00f3wi\u0142 mieszka\u0144com Koryntu, \u017ce nie przyby\u0142, aby b\u0142yszcze\u0107 s\u0142owem i m\u0105dro\u015bci\u0105, ale g\u0142osi\u0107 Bo\u017ce s\u0142owo, nie zna\u0142 niczego wi\u0119cej, jak tylko Jezusa Chrystusa ukrzy\u017cowanego, stawa\u0142 przed lud\u017ami w s\u0142abo\u015bci i boja\u017ani, by ukazywa\u0107 moc Bo\u017c\u0105 (por. 1Kor 2,1-5). Siedemdziesi\u0105t jeden lat temu, w \u015bwi\u0119to Ofiarowania Pa\u0144skiego, 2 lutego 1949 roku, prymas Polski Stefan Wyszy\u0144ski stan\u0105\u0142 <\/span><\/span><span style=\"font-family: Times New Roman, serif;\"><span style=\"font-size: medium;\"><i>z wielkim dr\u017ceniem<\/i><\/span><\/span><span style=\"font-family: Times New Roman, serif;\"><span style=\"font-size: medium;\"> (1Kor 2,3), a jednocze\u015bnie z pokor\u0105 i dum\u0105 przed podwojami \u201eprastarej, p\u0142odnej matki ko\u015bcio\u0142\u00f3w polskich, bazyliki prymasowskiej\u201d, by odby\u0107 ingres do gnie\u017anie\u0144skiej katedry. Cztery dni p\u00f3\u017aniej, 6 lutego, uczyni\u0142 to samo w stolicy Polski. W li\u015bcie pasterskim na t\u0105 uroczysto\u015b\u0107 napisa\u0142, \u017ce \u201eze czci\u0105 wielk\u0105 i z religijnym namaszczeniem\u201d stawia \u201eswe stopy na warszawskim bruku (\u2026) obmytym krwi\u0105 ofiarn\u0105 najlepszych, bohaterskich dzieci tego wspania\u0142ego miasta\u201d (02.02.1949 r.). <\/span><\/span><\/p>\n<p align=\"justify\"><span style=\"font-family: Times New Roman, serif;\"><span style=\"font-size: medium;\">Wracamy dzi\u015b pami\u0119ci\u0105 do tych dw\u00f3ch ingres\u00f3w prymasa Polski, poniewa\u017c przypominaj\u0105 one, \u017ce jego pasterska pos\u0142uga w naszej Ojczy\u017anie by\u0142a niczym s\u00f3l i \u015bwiat\u0142o, bo dawa\u0142a ludziom smak wiary na godne \u017cycie dzieci Bo\u017cych i wlewa\u0142a nadziej\u0119 w niejedno ludzkie serce, w kt\u00f3rym zgas\u0142a ufno\u015b\u0107. Kiedy prymas Stefan Wyszy\u0144ski obejmowa\u0142 biskupie stolice w Gnie\u017anie i Warszawie, wypowiedzia\u0142 program swojej pos\u0142ugi. W li\u015bcie na dzie\u0144 ingresu pisa\u0142: \u201eNie przychodz\u0119 jako nieprzyjazny cz\u0142owiek, ale jako zwiastun Dobrej Nowiny! Id\u0119 przepowiada\u0107 Wam Chrystusa ukrzy\u017cowanego (\u2026). Id\u0119, by zwiastowa\u0107 Wam Ojca, kt\u00f3ry jest w niebie, (\u2026) by g\u0142osi\u0107 Wam mi\u0142o\u015b\u0107, pok\u00f3j i dobro, by wszczepia\u0107 w dusze Wasze nowe \u017cycie \u0142aski Bo\u017cej, by serca otuch\u0105 krzepi\u0107\u201d (02.02.1949 r.). <\/span><\/span><\/p>\n<p align=\"justify\"><span style=\"font-family: Times New Roman, serif;\"><span style=\"font-size: medium;\">Dzisiaj, kiedy spogl\u0105damy z perspektywy czasu na jego ponad trzydziestoletni\u0105 prymasowsk\u0105 pos\u0142ug\u0119, kiedy oczekujemy na czerwcowy dzie\u0144 jego beatyfikacji, z przekonaniem mo\u017cemy powiedzie\u0107, \u017ce nakre\u015blone zadania wype\u0142ni\u0142. Nie spos\u00f3b wymieni\u0107 wszystkich Jego dokona\u0144<\/span><\/span><span style=\"font-size: small;\"><span style=\"font-size: medium;\">, <\/span><\/span><span style=\"font-family: Times New Roman, serif;\"><span style=\"font-size: medium;\">ale warto zwr\u00f3ci\u0107 uwag\u0119 na niekt\u00f3re z nich, a zw\u0142aszcza na s\u0142owa wypowiedziane przez niego u pocz\u0105tku prymasowskiej pos\u0142ugi, kt\u00f3re wiernie realizowa\u0142 i by\u0142y dla niego drogowskazem. <\/span><\/span><\/p>\n<ol>\n<li>\n<p align=\"justify\">\u201e<span style=\"font-family: Times New Roman, serif;\"><span style=\"font-size: medium;\"><b>Przychodz\u0119 (\u2026) jako zwiastun Dobrej Nowiny\u201d. <\/b><\/span><\/span><\/p>\n<\/li>\n<\/ol>\n<p align=\"justify\"><span style=\"font-family: Times New Roman, serif;\"><span style=\"font-size: medium;\">Prymas Stefan Wyszy\u0144ski mia\u0142 \u015bwiadomo\u015b\u0107 tego, \u017ce w pierwszym rz\u0119dzie dla powierzonych mu kap\u0142an\u00f3w i wiernych jest pasterzem. Dlatego te\u017c, wielk\u0105 wag\u0119 przyk\u0142ada\u0142 do g\u0142oszenia Bo\u017cego s\u0142owa. Zdawa\u0142 sobie spraw\u0119 z tego, \u017ce \u201epotrzebna jest \u015bwiatu Ewangelia, g\u0142oszona przez Ko\u015bci\u00f3\u0142\u201d (Domaniewice, 23.05.1971), a \u201ebiskup jest po to, by g\u0142osi\u0142 Ewangeli\u0119\u201d (Warszawa 24.09.1975). Nie spos\u00f3b zliczy\u0107 kaza\u0144, homilii, przem\u00f3wie\u0144, list\u00f3w pasterskich, w kt\u00f3rych przepowiada\u0142 Dobr\u0105 Nowin\u0119 o zbawieniu. Ten Bo\u017cy Pasterz by\u0142 wiernym g\u0142osicielem Ewangelii w s\u0142owie i czynie. Bardzo kocha\u0142 Ko\u015bci\u00f3\u0142, czu\u0142 si\u0119 za niego odpowiedzialny, patrzy\u0142 na niego oczami samego Chrystusa jak na Oblubienic\u0119. Zwiastowanie wiernym Dobrej Nowiny, rozumia\u0142 jako zadanie, kt\u00f3re ci\u0105gle musi trwa\u0107. Prymas uczy\u0142, \u017ce \u201eEwangelia<br \/>\ni krzy\u017c to nie s\u0105 zabytki, \u017ce Ko\u015bci\u00f3\u0142 to nie archiwum \u2013 to aktualne \u017cycie! Nie wystarczy wspomina\u0107 i m\u00f3wi\u0107. Tak, to by\u0142o dobre tysi\u0105c lat temu, ale dzi\u015b? W\u0142a\u015bnie i dzi\u015b aktualna jest Ewangelia i krzy\u017c Chrystusowy, i dzi\u015b jest potrzebna s\u0142u\u017cba Ko\u015bcio\u0142a Chrystusowego Narodowi przez biskup\u00f3w i kap\u0142an\u00f3w. Bo Ko\u015bci\u00f3\u0142 Chrystusowy to Ko\u015bci\u00f3\u0142 Boga \u017bywego, to Chrystus, kt\u00f3ry nie umiera. On \u017cyje w nas!\u201d (Gniezno, 24.04.1977 r.). <\/span><\/span><\/p>\n<p align=\"justify\"><span style=\"font-family: Times New Roman, serif;\"><span style=\"font-size: medium;\">Istnieje dzisiaj potrzeba przypomnienia tych prymasowskich s\u0142\u00f3w, kiedy wiara w Polsce u wielu ludzi, zw\u0142aszcza w m\u0142odym pokoleniu, ga\u015bnie. Kardyna\u0142 Stefan Wyszy\u0144ski staje si\u0119 dla nas ogromnym wyrzutem sumienia, \u017ce niekiedy z oboj\u0119tno\u015bci\u0105 przechodzimy wobec wyzwa\u0144 Chrystusowej Ewangelii i przypominamy zwietrza\u0142\u0105 s\u00f3l, kt\u00f3ra utraci\u0142a sw\u00f3j smak<br \/>\ni nie \u015bwiecimy przyk\u0142adem \u017cywej wiary otrzymanej na chrzcie \u015bwi\u0119tym (por. Mt 5,13.15). Nie nale\u017cy zapomnie\u0107 o tym, \u017ce wyro\u015bli\u015bmy z chrze\u015bcija\u0144skich korzeni, tak jak i Europa, kt\u00f3rej jeste\u015bmy cz\u0119\u015bci\u0105, wyros\u0142a z tych samych korzeni co Polska. <\/span><\/span><\/p>\n<ol start=\"2\">\n<li>\n<p align=\"justify\">\u201e<span style=\"font-family: Times New Roman, serif;\"><span style=\"font-size: medium;\"><b>Id\u0119 przepowiada\u0107 Wam Chrystusa ukrzy\u017cowanego\u201d.<\/b><\/span><\/span><\/p>\n<\/li>\n<\/ol>\n<p align=\"justify\"><span style=\"font-family: Times New Roman, serif;\"><span style=\"font-size: medium;\">Prymas Tysi\u0105clecia jest dla nas nie tylko wzorem przepowiadania Dobrej Nowiny<br \/>\no zbawieniu. Jego \u017cycie dowodzi, \u017ce mo\u017cliwe jest zachowanie w\u0142a\u015bciwej r\u00f3wnowagi pomi\u0119dzy tym, co si\u0119 g\u0142osi, a codzienno\u015bci\u0105. By\u0142 wierny temu, co przyrzek\u0142 w dniu ingresu: \u201eId\u0119 przepowiada\u0107 Wam Chrystusa ukrzy\u017cowanego\u201d. S\u0142owa te urzeczywistni\u0142y si\u0119 bardzo szybko, kiedy do\u015bwiadczy\u0142 tu\u0142aczki i wi\u0119zienia, pozbawiono go mo\u017cliwo\u015bci spe\u0142niania biskupiej pos\u0142ugi, zabroniono bezpo\u015brednich kontakt\u00f3w z kap\u0142anami i wiernymi jego dw\u00f3ch archidiecezji, odizolowano go od \u015bwiata, tak jakby by\u0142 najwi\u0119kszym zbrodniarzem i przest\u0119pc\u0105. Ale tak\u017ce po uwolnieniu, niemal przez wszystkie lata prymasowskiej pos\u0142ugi, spotyka\u0142 si\u0119 ze strony \u00f3wczesnej komunistycznej w\u0142adzy z upokorzeniami, oskar\u017ceniami o zdrad\u0119 Ojczyzny,<br \/>\no wsp\u00f3\u0142prac\u0119 z obcymi mocarstwami. Sta\u0142 si\u0119 w ten spos\u00f3b \u015bwiadkiem Chrystusa ukrzy\u017cowanego i przyk\u0142adem wytrwa\u0142ego znoszenia ka\u017cdych cierpie\u0144. Dlatego po latach, u schy\u0142ku swojego \u017cycia, m\u00f3g\u0142 otwarcie wyzna\u0107: \u201eZ wielu rzeczy musia\u0142em zrezygnowa\u0107. Ale jednego nie mog\u0142em si\u0119 wyrzec: odwagi, m\u0119stwa i gotowo\u015bci na ka\u017cd\u0105 ofiar\u0119, kt\u00f3rej Pan B\u00f3g ode mnie za\u017c\u0105da. A wiecie, \u017ce za\u017c\u0105da\u0142 wiele.\u201d (Gniezno, 02.02.1979 r.). <\/span><\/span><\/p>\n<p align=\"justify\"><span style=\"font-family: Times New Roman, serif;\"><span style=\"font-size: medium;\">Kiedy patrzymy na ten jak\u017ce bolesny, ale i potrzebny wymiar \u017cycia prymasa Stefana Wyszy\u0144skiego, przypominamy sobie s\u0142owa \u015bw. Paw\u0142a z drugiego dzisiejszego czytania: <\/span><\/span><span style=\"font-family: Times New Roman, serif;\"><span style=\"font-size: medium;\"><i>Postanowi\u0142em (\u2026) nie zna\u0107 niczego wi\u0119cej, jak tylko Jezusa Chrystusa, i to ukrzy\u017cowanego<\/i><\/span><\/span><span style=\"font-family: Times New Roman, serif;\"><span style=\"font-size: medium;\"> (1Kor 2,2). Prawdziwy ucze\u0144 Chrystusa bierze ka\u017cdego dnia krzy\u017c i w ten spos\u00f3b Go na\u015bladuje (por. Mt 16,24). Chocia\u017c wsp\u00f3\u0142czesny cz\u0142owiek cz\u0119sto wzbrania si\u0119 przed tak\u0105 perspektyw\u0105 swojego \u017cycia i chcia\u0142by uciec przed tym, co wymaga trudu, po\u015bwi\u0119cenia i odwagi<br \/>\nw wyznawaniu wiary, to tylko w taki spos\u00f3b idzie si\u0119 do \u015bwi\u0119to\u015bci i doskona\u0142o\u015bci \u2013 przez krzy\u017c i ofiar\u0119 z \u017cycia. Przypomina nam o tym sam Chrystus, kt\u00f3ry b\u0119d\u0105c w pe\u0142ni sol\u0105 ziemi<br \/>\ni \u015bwiat\u0142em \u015bwiata nadaje smak i moc naszemu \u017cyciu. Przypomina o tym r\u00f3wnie\u017c Wielki Prymas Tysi\u0105clecia poprzez swoj\u0105 heroiczn\u0105 wiar\u0119, kt\u00f3ra nie cofn\u0119\u0142a si\u0119 nawet przed upokarzaj\u0105cym wi\u0119zieniem.<\/span><\/span><\/p>\n<ol start=\"3\">\n<li>\n<p align=\"justify\">\u201e<span style=\"font-family: Times New Roman, serif;\"><span style=\"font-size: medium;\"><b>Przychodz\u0119 (\u2026), by serca otuch\u0105 krzepi\u0107\u201d.<\/b><\/span><\/span><\/p>\n<\/li>\n<\/ol>\n<p align=\"justify\"><span style=\"font-family: Times New Roman, serif;\"><span style=\"font-size: medium;\">Ksi\u0105dz prymas Stefan Wyszy\u0144ski zapewnia\u0142 te\u017c w dniu swojego ingresu, \u017ce przychodzi, by serca otuch\u0105 krzepi\u0107. Zadanie to wype\u0142nia\u0142 nie tylko poprzez g\u0142oszenie Ewangelii, ale r\u00f3wnie\u017c przez to, \u017ce okaza\u0142 si\u0119 prawdziwym Ojcem Narodu sponiewieranego, upokorzonego<br \/>\ni zniewolonego przez komunistyczny re\u017cim. Dlatego wo\u0142a\u0142 do rz\u0105dz\u0105cych, by uszanowali \u201eprawo do prawdy, prawo do sprawiedliwo\u015bci, prawo do szacunku, prawo do mi\u0142o\u015bci, prawo do wolno\u015bci, prawo do wolno\u015bci sumienia, wyznania i do s\u0142u\u017cby Bo\u017cej, prawo do katolickiego wychowania dzieci i m\u0142odzie\u017cy\u201d (Gniezno, 14.04.1966 r.). Wiele razy upomina\u0142 si\u0119 o te elementarne prawa przys\u0142uguj\u0105ce ka\u017cdemu cz\u0142owiekowi. W okresach niepokoj\u00f3w spo\u0142ecznych zapewnia\u0142, \u017ce \u201eKo\u015bci\u00f3\u0142 nigdy nie mobilizuje dzieci \u017cadnego narodu przeciwko temu narodowi i jego prawdziwemu dobru, przeciwko pa\u0144stwu i tym, kt\u00f3rzy pa\u0144stwem w\u0142adaj\u0105\u201d (Gniezno, 14.04.1966 r.).<\/span><\/span><\/p>\n<p align=\"justify\"><span style=\"font-family: Times New Roman, serif;\"><span style=\"font-size: medium;\">Ws\u0142uchuj\u0105c si\u0119 w g\u0142osy wsp\u00f3\u0142czesnych polityk\u00f3w, ludzi nauki i kultury, dziennikarzy i publicyst\u00f3w, os\u00f3b odpowiedzialnych za wychowanie m\u0142odego pokolenia, nale\u017cy przypomnie\u0107 jak\u017ce aktualne dzisiaj s\u0142owa wielkiego Ojca Narodu, kt\u00f3re mog\u0105 sta\u0107 si\u0119 przes\u0142aniem kierowanym do ka\u017cdego z nas. \u201eJeste\u015bmy przekonani \u2013 m\u00f3wi\u0142 prymas Stefan Wyszy\u0144ski \u2013 \u017ce lepiej jest, gdy Nar\u00f3d wierzy, ni\u017c gdyby nie wierzy\u0142, \u017ce umacnianie wiary bardziej s\u0142u\u017cy jedno\u015bci Narodu, ani\u017celi jej niszczenie. (\u2026) Umacnianie w Narodzie wiary w Boga Jedynego<br \/>\ni \u017bywego dobrze Polsce s\u0142u\u017cy. Sami oce\u0144cie, co lepiej s\u0142u\u017cy Narodowi: czy to, \u017ce jest zjednoczony w imi\u0119 Boga \u017bywego, czy to, \u017ce jest bez Boga w sercu?\u201d (Gda\u0144sk, 18.01.1959 r.).<\/span><\/span><\/p>\n<p align=\"justify\"><span style=\"font-family: Times New Roman, serif;\"><span style=\"font-size: medium;\">Trwaj\u0105c w oczekiwaniu na beatyfikacj\u0119 wiernego i oddanego Chrystusowi Pasterza, nie ustawajmy w pog\u0142\u0119bianiu naszej wiary. Wracajmy do naszych korzeni, do chrztu \u015bwi\u0119tego, kt\u00f3ry uczyni\u0142 nas dzie\u0107mi Bo\u017cymi i da\u0142 nam nowe \u017cycie w Chrystusie. B\u0105d\u017amy te\u017c wyrazicielami g\u0142\u0119bokiej wdzi\u0119czno\u015bci wobec Boga za wkr\u00f3tce b\u0142ogos\u0142awionego Stefana Wyszy\u0144skiego, kt\u00f3ry w naszych czasach staje si\u0119 przyk\u0142adem \u015bwiadka Chrystusowej Ewangelii, uczy wiernego trwania pod Jego krzy\u017cem i jest ojcem, kt\u00f3ry otuch\u0105 krzepi ludzkie serca. <\/span><\/span><\/p>\n<p align=\"justify\"><span style=\"font-family: Times New Roman, serif;\"><span style=\"font-size: medium;\">Niech czas, poprzedzaj\u0105cy dzie\u0144 beatyfikacji Czcigodnego S\u0142ugi Bo\u017cego kardyna\u0142a Stefana Wyszy\u0144skiego, stanie si\u0119 dla wszystkich okazj\u0105 do przypomnienia sobie jego nauczania. Niech przez modlitw\u0119 przygotuje nas i sprawi, aby\u015bmy odpowiadaj\u0105c na nasze powo\u0142anie, stawali si\u0119 w tym \u015bwiecie sol\u0105 ziemi i \u015bwiat\u0142em \u015bwiata, kt\u00f3rzy \u2013 jak wzywa nas papie\u017c Franciszek \u2013 b\u0119d\u0105 dawa\u0107 innym \u201ewyra\u017ane \u015bwiadectwo o zbawczej mi\u0142o\u015bci Pana\u201d (por. EG 121). Na owocne prze\u017cycie duchowego przygotowania do beatyfikacji Prymasa Tysi\u0105clecia wszystkim z serca b\u0142ogos\u0142awi\u0119<\/span><\/span><\/p>\n<p align=\"center\"><span style=\"color: #00000a;\"><span style=\"font-family: Calibri, serif;\"><span style=\"font-family: Times New Roman, serif;\"><span style=\"font-size: medium;\"> + Wojciech Polak<\/span><\/span><\/span><\/span><\/p>\n<p align=\"center\"><span style=\"color: #00000a;\"><span style=\"font-family: Calibri, serif;\"><span style=\"font-family: Times New Roman, serif;\"><span style=\"font-size: medium;\"> Arcybiskup Metropolita Gnie\u017anie\u0144ski<\/span><\/span><\/span><\/span><\/p>\n<p align=\"center\"><a name=\"_GoBack\"><\/a> <span style=\"color: #00000a;\"><span style=\"font-family: Calibri, serif;\"><span style=\"font-family: Times New Roman, serif;\"><span style=\"font-size: medium;\"> Prymas Polski<\/span><\/span><\/span><\/span><\/p>\n<p align=\"right\"><span style=\"color: #000000;\"><span style=\"font-family: Times New Roman, serif;\">List nale\u017cy odczyta\u0107 w niedziel\u0119, 9<\/span><\/span><span style=\"color: #000000;\"><span style=\"font-family: Times New Roman, serif;\"> lutego 2020 r.<\/span><\/span><\/p>\n","protected":false},"excerpt":{"rendered":"<p>List prymasa Polski przygotowuj\u0105cy do beatyfikacji Czcigodnego S\u0142ugi Bo\u017cego kardyna\u0142a Stefana Wyszy\u0144skiego ZWIASTUN DOBREJ NOWINY, \u015aWIADEK CHRYSTUSA UKRZY\u017bOWANEGO, OR\u0118DOWNIK PRAWDY I WOLNO\u015aCI. Umi\u0142owani Siostry i Bracia, W tekstach Pisma \u015awi\u0119tego czytanych podczas dzisiejszej niedzielnej Eucharystii mowa jest o dw\u00f3ch niezwykle wa\u017cnych i cennych darach, jakie otrzymujemy od Boga. S\u0105 nimi s\u00f3l i \u015bwiat\u0142o. Jedno i drugie jest niezb\u0119dne dla \u017cycia cz\u0142owieka i przyrody, kt\u00f3ra go otacza. S\u00f3l przecie\u017c nadaje smak pokarmom i zachowuje je przed zepsuciem, \u015bwiat\u0142o natomiast ogrzewa i o\u015bwieca. S\u0142owo Bo\u017ce zwraca jednak nasz\u0105 uwag\u0119 na g\u0142\u0119bsze znaczenie tych dar\u00f3w. Obraz soli i \u015bwiat\u0142a to nauka jak\u0105 otrzymuje ka\u017cdy z nas od Chrystusa. Jako Jego uczniowie nosimy w sobie jej niepowtarzalny \u201esmak\u201d. Naszym za\u015b zadaniem jest to, by nie zatrzymywa\u0107 Chrystusowej nauki dla siebie, ale nale\u017cy przenosi\u0107 j\u0105 tam, gdzie \u017cycie utraci\u0142o sw\u00f3j smak i panuje ciemno\u015b\u0107. Dlatego tak wa\u017cne jest nasze codzienne zaanga\u017cowanie w g\u0142oszenie Ewangelii i&hellip;<\/p>\n<p> <a class=\"more-link\" href=\"http:\/\/www.franciszek-walcz.pl\/?p=7066\">Czytaj dalej<\/a><\/p>\n","protected":false},"author":1,"featured_media":0,"comment_status":"closed","ping_status":"open","sticky":false,"template":"","format":"standard","meta":{"footnotes":""},"categories":[4],"tags":[],"class_list":{"0":"post-7066","1":"post","2":"type-post","3":"status-publish","4":"format-standard","6":"category-ogloszenia"},"brizy_media":[],"_links":{"self":[{"href":"http:\/\/www.franciszek-walcz.pl\/index.php?rest_route=\/wp\/v2\/posts\/7066","targetHints":{"allow":["GET"]}}],"collection":[{"href":"http:\/\/www.franciszek-walcz.pl\/index.php?rest_route=\/wp\/v2\/posts"}],"about":[{"href":"http:\/\/www.franciszek-walcz.pl\/index.php?rest_route=\/wp\/v2\/types\/post"}],"author":[{"embeddable":true,"href":"http:\/\/www.franciszek-walcz.pl\/index.php?rest_route=\/wp\/v2\/users\/1"}],"replies":[{"embeddable":true,"href":"http:\/\/www.franciszek-walcz.pl\/index.php?rest_route=%2Fwp%2Fv2%2Fcomments&post=7066"}],"version-history":[{"count":1,"href":"http:\/\/www.franciszek-walcz.pl\/index.php?rest_route=\/wp\/v2\/posts\/7066\/revisions"}],"predecessor-version":[{"id":7067,"href":"http:\/\/www.franciszek-walcz.pl\/index.php?rest_route=\/wp\/v2\/posts\/7066\/revisions\/7067"}],"wp:attachment":[{"href":"http:\/\/www.franciszek-walcz.pl\/index.php?rest_route=%2Fwp%2Fv2%2Fmedia&parent=7066"}],"wp:term":[{"taxonomy":"category","embeddable":true,"href":"http:\/\/www.franciszek-walcz.pl\/index.php?rest_route=%2Fwp%2Fv2%2Fcategories&post=7066"},{"taxonomy":"post_tag","embeddable":true,"href":"http:\/\/www.franciszek-walcz.pl\/index.php?rest_route=%2Fwp%2Fv2%2Ftags&post=7066"}],"curies":[{"name":"wp","href":"https:\/\/api.w.org\/{rel}","templated":true}]}}