{"id":7185,"date":"2020-02-08T18:45:19","date_gmt":"2020-02-08T17:45:19","guid":{"rendered":"http:\/\/www.franciszek-walcz.pl\/?p=7185"},"modified":"2020-02-08T18:45:46","modified_gmt":"2020-02-08T17:45:46","slug":"swiatowy-dzien-chorego-2","status":"publish","type":"post","link":"http:\/\/www.franciszek-walcz.pl\/?p=7185","title":{"rendered":"\u015awiatowy Dzie\u0144 Chorego"},"content":{"rendered":"<p><img loading=\"lazy\" decoding=\"async\" class=\"wp-image-7186 alignleft\" src=\"http:\/\/www.franciszek-walcz.pl\/wp-content\/uploads\/2020\/02\/sdch-9-02-300x184.jpg\" alt=\"\" width=\"494\" height=\"303\" \/><\/p>\n<p><span style=\"font-family: Times New Roman, serif;\"><span style=\"font-size: x-large;\"><b>\u015awiatowy Dzie\u0144 Chorego \u2013 obchodzony jest corocznie 11 lutego w liturgiczne wspomnienie Matki Bo\u017cej z Lourdes<\/b><\/span><\/span><span style=\"font-family: Times New Roman, serif;\"><span style=\"font-size: x-large;\">. My\u015bl\u0105 przewodni\u0105 tego dnia zaproponowan\u0105 przez papie\u017ca Franciszka w or\u0119dziu do chorych, s\u0105 s\u0142owa Chrystusa \u201ePrzyjd\u017acie do Mnie wszyscy, kt\u00f3rzy utrudzeni i obci\u0105\u017ceni jeste\u015bcie, a Ja was pokrzepi\u0119\u201d (Mt 11, 28).<\/span><\/span><\/p>\n<p><span style=\"font-family: Times New Roman, serif;\"><span style=\"font-size: x-large;\"><b>Z okazji \u015awiatowego Dnia Chorego zapraszamy we wtorek 11 lutego na<\/b><\/span><\/span> <span style=\"font-family: Times New Roman, serif;\"><span style=\"font-size: x-large;\"><b>Msz\u0119 \u015bw. o godz. 18:0 z b\u0142ogos\u0142awie\u0144stwem Naj\u015bwi\u0119tszym Sakramentem (tzw. b\u0142ogos\u0142awie\u0144stwo lourdzkie)<\/b><\/span><\/span><span style=\"font-family: Times New Roman, serif;\"><span style=\"font-size: x-large;\">.<\/span><\/span><\/p>\n","protected":false},"excerpt":{"rendered":"<p>\u015awiatowy Dzie\u0144 Chorego \u2013 obchodzony jest corocznie 11 lutego w liturgiczne wspomnienie Matki Bo\u017cej z Lourdes. My\u015bl\u0105 przewodni\u0105 tego dnia zaproponowan\u0105 przez papie\u017ca Franciszka w or\u0119dziu do chorych, s\u0105 s\u0142owa Chrystusa \u201ePrzyjd\u017acie do Mnie wszyscy, kt\u00f3rzy utrudzeni i obci\u0105\u017ceni jeste\u015bcie, a Ja was pokrzepi\u0119\u201d (Mt 11, 28). Z okazji \u015awiatowego Dnia Chorego zapraszamy we wtorek 11 lutego na Msz\u0119 \u015bw. o godz. 18:0 z b\u0142ogos\u0142awie\u0144stwem Naj\u015bwi\u0119tszym Sakramentem (tzw. b\u0142ogos\u0142awie\u0144stwo lourdzkie).<\/p>\n","protected":false},"author":1,"featured_media":0,"comment_status":"closed","ping_status":"open","sticky":false,"template":"","format":"standard","meta":{"footnotes":""},"categories":[1],"tags":[],"class_list":{"0":"post-7185","1":"post","2":"type-post","3":"status-publish","4":"format-standard","6":"category-uncategorized"},"brizy_media":[],"_links":{"self":[{"href":"http:\/\/www.franciszek-walcz.pl\/index.php?rest_route=\/wp\/v2\/posts\/7185","targetHints":{"allow":["GET"]}}],"collection":[{"href":"http:\/\/www.franciszek-walcz.pl\/index.php?rest_route=\/wp\/v2\/posts"}],"about":[{"href":"http:\/\/www.franciszek-walcz.pl\/index.php?rest_route=\/wp\/v2\/types\/post"}],"author":[{"embeddable":true,"href":"http:\/\/www.franciszek-walcz.pl\/index.php?rest_route=\/wp\/v2\/users\/1"}],"replies":[{"embeddable":true,"href":"http:\/\/www.franciszek-walcz.pl\/index.php?rest_route=%2Fwp%2Fv2%2Fcomments&post=7185"}],"version-history":[{"count":1,"href":"http:\/\/www.franciszek-walcz.pl\/index.php?rest_route=\/wp\/v2\/posts\/7185\/revisions"}],"predecessor-version":[{"id":7187,"href":"http:\/\/www.franciszek-walcz.pl\/index.php?rest_route=\/wp\/v2\/posts\/7185\/revisions\/7187"}],"wp:attachment":[{"href":"http:\/\/www.franciszek-walcz.pl\/index.php?rest_route=%2Fwp%2Fv2%2Fmedia&parent=7185"}],"wp:term":[{"taxonomy":"category","embeddable":true,"href":"http:\/\/www.franciszek-walcz.pl\/index.php?rest_route=%2Fwp%2Fv2%2Fcategories&post=7185"},{"taxonomy":"post_tag","embeddable":true,"href":"http:\/\/www.franciszek-walcz.pl\/index.php?rest_route=%2Fwp%2Fv2%2Ftags&post=7185"}],"curies":[{"name":"wp","href":"https:\/\/api.w.org\/{rel}","templated":true}]}}